{"id":1,"date":"2011-03-15T19:22:13","date_gmt":"2011-03-15T18:22:13","guid":{"rendered":"http:\/\/www.oseba.ch\/wordpress\/?p=1"},"modified":"2011-03-28T23:18:39","modified_gmt":"2011-03-28T21:18:39","slug":"bonjour-tout-le-monde","status":"publish","type":"post","link":"https:\/\/www.oseba.ch\/wordpress\/preparation\/bonjour-tout-le-monde","title":{"rendered":"La pr\u00e9-histoire de notre voyage"},"content":{"rendered":"<p><a href=\"https:\/\/www.oseba.ch\/wordpress\/wp-content\/uploads\/2011\/03\/tn_DSC_0208.jpg\"><\/a>Bonjour,<\/p>\n<p>Bienvenue sur notre blog.<\/p>\n<p>A travers nos diff\u00e9rents messages, nous esp\u00e9rons vous faire partager un peu de nos r\u00eaves, de notre exp\u00e9rience, de notre itin\u00e9rance avec un enfant et deux \u00e2nes.<\/p>\n<p>Voil\u00e0 bien une ann\u00e9e que nous pr\u00e9parons ce voyage et plus de 2 ans que nous y pensons.<\/p>\n<p>Nous avons beaucoup discut\u00e9 de la forme qu\u2019il prendrait\u00a0: tour du monde, camping car, marche \u00e0 pied, quelles destinations, quels pays, quel moyen de locomotion\u2026<\/p>\n<p>Finalement, l\u2019exp\u00e9rience du chemin de St Jacques de Compostelle, r\u00e9alis\u00e9 en automne 2006 en couple, nous a tellement plu et laiss\u00e9 des souvenirs ind\u00e9l\u00e9biles, que la marche \u00e0 pied s\u2019est impos\u00e9e \u00e0 nous. En plus, le faible impact \u00e9cologique du voyage \u00e0 pied nous interpelle beaucoup. Toutefois, il y a la question du port des bagages. L\u2019option de l\u2019\u00e2ne nous attire, surtout apr\u00e8s avoir lu des t\u00e9moignages d\u2019autres voyageurs au long court avec un \u00e2ne.<\/p>\n<p>D\u00e9j\u00e0 en juin 2009, nous profitons d\u2019un s\u00e9jour dans le Jura pour faire un test et se balader une journ\u00e9e avec un \u00e2ne. Exp\u00e9rience positive, m\u00eame si Eliot en a une peur bleue.<\/p>\n<p><a href=\"https:\/\/www.oseba.ch\/wordpress\/wp-content\/uploads\/2011\/03\/tn_DSC_0022.jpg\"><img loading=\"lazy\" decoding=\"async\" class=\"alignleft size-medium wp-image-33\" title=\"tn_DSC_0022\" src=\"https:\/\/www.oseba.ch\/wordpress\/wp-content\/uploads\/2011\/03\/tn_DSC_0022-300x200.jpg\" alt=\"\" width=\"300\" height=\"200\" srcset=\"https:\/\/www.oseba.ch\/wordpress\/wp-content\/uploads\/2011\/03\/tn_DSC_0022-300x200.jpg 300w, https:\/\/www.oseba.ch\/wordpress\/wp-content\/uploads\/2011\/03\/tn_DSC_0022.jpg 1024w\" sizes=\"(max-width: 300px) 100vw, 300px\" \/><\/a><\/p>\n<p>Le 4 juin 2010, nous sommes all\u00e9s chercher Basil \u00e0 Montbovon et le retour s\u2019est fait \u00e0 pied jusqu\u2019\u00e0 Marsens. Apprentissage mutuel\u00a0: apr\u00e8s 30 min de marche, Basil fait des bons sur le sentier. En fait, il a simplement peur des flaques d\u2019eau. Un passage de rivi\u00e8re nous fait faire marche arri\u00e8re\u00a0: impossible de le faire passer ni sur le pont, ni dans la rivi\u00e8re pourtant petite. Pourtant, 3 jours apr\u00e8s, le 6 juin, nous sommes \u00e0 la maison, convaincus de cette vir\u00e9e. Cependant, nous nous renseignons et allons vivre 2 jours de formation en Valais pour s\u2019apprivoiser et habituer notre Basil\u00a0\u00e0 passer ponts et rivi\u00e8res, qui sont la grande peur des \u00e2nes.<\/p>\n<p>Vient ensuite notre grand test en ao\u00fbt 2010\u00a0: 10 jours de ballade dans les Pr\u00e9alpes fribourgeoises, avec un deuxi\u00e8me \u00e2ne emprunt\u00e9 \u00e0 des amis\u00a0: Nan\u00e2ne. En effet, nous nous rendons compte qu\u2019un seul \u00e2ne ne suffira pas pour transporter les bagages et Eliot. R\u00e9sultat\u00a0: magnifique, convainquant, nos 2 \u00e2nes sont des chamois et Eliot s\u2019est tr\u00e8s bien familiaris\u00e9 avec eux, avec la tente, avec ses jouets grandeur nature.<\/p>\n<p style=\"text-align: center;\"><a href=\"https:\/\/www.oseba.ch\/wordpress\/wp-content\/uploads\/2011\/03\/tn_DSC_0208.jpg\"><img loading=\"lazy\" decoding=\"async\" class=\"aligncenter size-full wp-image-34\" title=\"tn_DSC_0208\" src=\"https:\/\/www.oseba.ch\/wordpress\/wp-content\/uploads\/2011\/03\/tn_DSC_0208.jpg\" alt=\"\" width=\"505\" height=\"305\" \/><\/a><\/p>\n<p><img loading=\"lazy\" decoding=\"async\" class=\"alignright size-medium wp-image-35\" title=\"tn_DSC_0112\" src=\"https:\/\/www.oseba.ch\/wordpress\/wp-content\/uploads\/2011\/03\/tn_DSC_0112-200x300.jpg\" alt=\"\" width=\"200\" height=\"300\" srcset=\"https:\/\/www.oseba.ch\/wordpress\/wp-content\/uploads\/2011\/03\/tn_DSC_0112-200x300.jpg 200w, https:\/\/www.oseba.ch\/wordpress\/wp-content\/uploads\/2011\/03\/tn_DSC_0112.jpg 514w\" sizes=\"(max-width: 200px) 100vw, 200px\" \/><\/p>\n<p>Reste \u00e0 chercher un copain pour Basil. Un hongre adulte (m\u00e2le castr\u00e9) n\u2019est pas facile \u00e0 trouver, mais \u00e0 la fin septembre 2010, nous accueillons Apollon, qui nous vient du Jura Bernois.<\/p>\n<p>Dans tout cela, il a \u00e9t\u00e9 question de nos engagements professionnels. Au d\u00e9but 2010, Sonia a d\u00e9cid\u00e9 d\u2019arr\u00eater son engagement au MADEP pour fin janvier 2011 (<a href=\"http:\/\/www.madep-ace.ch\/\">www.madep-ace.ch<\/a>), en se laissant la libert\u00e9 de voir ce qui pourrait se passer durant le voyage pour la suite de sa vie professionnelle. Pour Olivier, faire une pause dans ses projets professionnels est tout \u00e0 fait possible.<\/p>\n<p>A pr\u00e9sent, les derniers pr\u00e9paratifs vont bon train. Nous avons choisi de quitter notre appartement, donc il s&rsquo;agit de trier, empaqueter, d\u00e9m\u00e9nager, tout en pr\u00e9parant les derniers d\u00e9tails de notre voyage. Nous quittons notre maison le 31 mars, mais le d\u00e9part de la marche se fait le 3 avril, apr\u00e8s une journ\u00e9e d&rsquo;au-revoir avec famille et amis.<\/p>\n<p>Olivier, Sonia et Eliot, avec Basil et Apollon<\/p>\n","protected":false},"excerpt":{"rendered":"<p>Bonjour, Bienvenue sur notre blog. A travers nos diff\u00e9rents messages, nous esp\u00e9rons vous faire partager un peu de nos r\u00eaves, de notre exp\u00e9rience, de notre itin\u00e9rance avec un enfant et deux \u00e2nes. Voil\u00e0 bien une ann\u00e9e que nous pr\u00e9parons ce voyage et plus de 2 ans que nous y pensons. Nous avons beaucoup discut\u00e9 de [&hellip;]<\/p>\n","protected":false},"author":1,"featured_media":82,"comment_status":"open","ping_status":"open","sticky":false,"template":"","format":"standard","meta":{"footnotes":""},"categories":[4,3],"tags":[],"class_list":["post-1","post","type-post","status-publish","format-standard","has-post-thumbnail","hentry","category-pre-histoire","category-preparation"],"_links":{"self":[{"href":"https:\/\/www.oseba.ch\/wordpress\/wp-json\/wp\/v2\/posts\/1"}],"collection":[{"href":"https:\/\/www.oseba.ch\/wordpress\/wp-json\/wp\/v2\/posts"}],"about":[{"href":"https:\/\/www.oseba.ch\/wordpress\/wp-json\/wp\/v2\/types\/post"}],"author":[{"embeddable":true,"href":"https:\/\/www.oseba.ch\/wordpress\/wp-json\/wp\/v2\/users\/1"}],"replies":[{"embeddable":true,"href":"https:\/\/www.oseba.ch\/wordpress\/wp-json\/wp\/v2\/comments?post=1"}],"version-history":[{"count":13,"href":"https:\/\/www.oseba.ch\/wordpress\/wp-json\/wp\/v2\/posts\/1\/revisions"}],"predecessor-version":[{"id":4,"href":"https:\/\/www.oseba.ch\/wordpress\/wp-json\/wp\/v2\/posts\/1\/revisions\/4"}],"wp:featuredmedia":[{"embeddable":true,"href":"https:\/\/www.oseba.ch\/wordpress\/wp-json\/wp\/v2\/media\/82"}],"wp:attachment":[{"href":"https:\/\/www.oseba.ch\/wordpress\/wp-json\/wp\/v2\/media?parent=1"}],"wp:term":[{"taxonomy":"category","embeddable":true,"href":"https:\/\/www.oseba.ch\/wordpress\/wp-json\/wp\/v2\/categories?post=1"},{"taxonomy":"post_tag","embeddable":true,"href":"https:\/\/www.oseba.ch\/wordpress\/wp-json\/wp\/v2\/tags?post=1"}],"curies":[{"name":"wp","href":"https:\/\/api.w.org\/{rel}","templated":true}]}}