{"id":150,"date":"2011-04-10T21:16:16","date_gmt":"2011-04-10T19:16:16","guid":{"rendered":"http:\/\/www.oseba.ch\/wordpress\/?p=150"},"modified":"2011-05-18T21:55:00","modified_gmt":"2011-05-18T19:55:00","slug":"un-anniversaire-au-bouveret","status":"publish","type":"post","link":"https:\/\/www.oseba.ch\/wordpress\/voyage-en-suisse\/un-anniversaire-au-bouveret","title":{"rendered":"Un anniversaire au Bouveret"},"content":{"rendered":"<p><a href=\"https:\/\/www.oseba.ch\/wordpress\/wp-content\/uploads\/2011\/04\/tn_DSC_0020.jpg\"><\/a>Voil\u00e0, notre voyage a\u00a0 commenc\u00e9. Apr\u00e8s tous les cartons du d\u00e9m\u00e9nagement, nous sommes parti le 31 mars de notre maison, sous la pluie.<\/p>\n<p><a href=\"https:\/\/www.oseba.ch\/wordpress\/wp-content\/uploads\/2011\/04\/tn_depart.jpg\"><img loading=\"lazy\" decoding=\"async\" class=\"aligncenter size-medium wp-image-151\" title=\"tn_depart\" src=\"https:\/\/www.oseba.ch\/wordpress\/wp-content\/uploads\/2011\/04\/tn_depart-300x200.jpg\" alt=\"\" width=\"300\" height=\"200\" srcset=\"https:\/\/www.oseba.ch\/wordpress\/wp-content\/uploads\/2011\/04\/tn_depart-300x200.jpg 300w, https:\/\/www.oseba.ch\/wordpress\/wp-content\/uploads\/2011\/04\/tn_depart.jpg 1024w\" sizes=\"(max-width: 300px) 100vw, 300px\" \/><\/a><\/p>\n<p><a href=\"https:\/\/www.oseba.ch\/wordpress\/wp-content\/uploads\/2011\/04\/tn_fete-dimanche.jpg\"><img loading=\"lazy\" decoding=\"async\" class=\"alignleft size-medium wp-image-152\" title=\"tn_fete-dimanche\" src=\"https:\/\/www.oseba.ch\/wordpress\/wp-content\/uploads\/2011\/04\/tn_fete-dimanche-300x200.jpg\" alt=\"\" width=\"300\" height=\"200\" srcset=\"https:\/\/www.oseba.ch\/wordpress\/wp-content\/uploads\/2011\/04\/tn_fete-dimanche-300x200.jpg 300w, https:\/\/www.oseba.ch\/wordpress\/wp-content\/uploads\/2011\/04\/tn_fete-dimanche.jpg 1024w\" sizes=\"(max-width: 300px) 100vw, 300px\" \/><\/a>Le week-end est v\u00e9cu dans la rencontre des amis et de la famille. Moment de partage, de rire avant la longue s\u00e9paration. Dimanche, une bonne \u00e9quip\u00e9e nous accompagne pour prendre le chemin du d\u00e9part de Vuippens, vers Riaz o\u00f9 nous pique-niquons et arriv\u00e9e \u00e0 Vuadens.<\/p>\n<p><a href=\"https:\/\/www.oseba.ch\/wordpress\/wp-content\/uploads\/2011\/04\/tn_fete-dimanche.jpg\"><\/a>\u00a0<\/p>\n<p><a href=\"https:\/\/www.oseba.ch\/wordpress\/wp-content\/uploads\/2011\/04\/tn_DSC_0180.jpg\"><img loading=\"lazy\" decoding=\"async\" class=\"alignright size-thumbnail wp-image-153\" title=\"tn_DSC_0180\" src=\"https:\/\/www.oseba.ch\/wordpress\/wp-content\/uploads\/2011\/04\/tn_DSC_0180-150x150.jpg\" alt=\"\" width=\"150\" height=\"150\" \/><\/a>La pluie nous suit pour la premi\u00e8re journ\u00e9e de marche, mais tout se passe bien. Pr\u00e8s de la Goille \u00e0 Jean, nous sommes accueillis dans une ferme et Eliot est tout content de dormir sur la paille.<\/p>\n<p><a href=\"https:\/\/www.oseba.ch\/wordpress\/wp-content\/uploads\/2011\/04\/tn_DSC_0180.jpg\"><\/a>\u00a0<\/p>\n<p>Ensuite, le soleil nous sourit tous les jours. La descente vers Montreux-Villeneuve est \u00e9pique. Basil a la diarrh\u00e9e et imaginez les quais de Montreux, un vendredi de soleil et jour de march\u00e9. Sonia ramasse la m\u2026 avec la pelle pour la mettre dans des sacs pour chiens. On n\u2019\u00e9tait pas tr\u00e8s organis\u00e9 pour cela, mais \u00e7a va. Nos \u00e2nes traversent sans probl\u00e8me le march\u00e9, sous les clics des appareils de photo. Ils font les stars et Eliot se demande bien pourquoi tout le monde le regarde.<\/p>\n<p><a href=\"https:\/\/www.oseba.ch\/wordpress\/wp-content\/uploads\/2011\/04\/tn_DSC_0088.jpg\"><img loading=\"lazy\" decoding=\"async\" class=\"aligncenter size-medium wp-image-154\" title=\"tn_DSC_0088\" src=\"https:\/\/www.oseba.ch\/wordpress\/wp-content\/uploads\/2011\/04\/tn_DSC_0088-300x200.jpg\" alt=\"\" width=\"300\" height=\"200\" srcset=\"https:\/\/www.oseba.ch\/wordpress\/wp-content\/uploads\/2011\/04\/tn_DSC_0088-300x200.jpg 300w, https:\/\/www.oseba.ch\/wordpress\/wp-content\/uploads\/2011\/04\/tn_DSC_0088.jpg 1024w\" sizes=\"(max-width: 300px) 100vw, 300px\" \/><\/a><\/p>\n<p><a href=\"https:\/\/www.oseba.ch\/wordpress\/wp-content\/uploads\/2011\/04\/tn_DSC_0020.jpg\"><img loading=\"lazy\" decoding=\"async\" class=\"alignleft size-thumbnail wp-image-156\" title=\"tn_DSC_0020\" src=\"https:\/\/www.oseba.ch\/wordpress\/wp-content\/uploads\/2011\/04\/tn_DSC_0020-150x150.jpg\" alt=\"\" width=\"150\" height=\"150\" \/><\/a>Un passage \u00e9pineux est et reste les ponts et rivi\u00e8res. Un pont \u00e0 Villeneuve r\u00e9siste \u00e0 Basil et nous avons droit \u00e0 toutes les suggestions des passants. Plus loin, le passage d&rsquo;un canal avant le Rh\u00f4ne s\u00e9pare la longe en 2 morceaux. Par contre, Apollon passe presque sans probl\u00e8me. Le Rh\u00f4ne, tant craint par sa largeur, se passe sans probl\u00e8me.<\/p>\n<p><a href=\"https:\/\/www.oseba.ch\/wordpress\/wp-content\/uploads\/2011\/04\/tn_DSC_0020.jpg\"><\/a>\u00a0<\/p>\n<p><a href=\"https:\/\/www.oseba.ch\/wordpress\/wp-content\/uploads\/2011\/04\/tn_DSC_0020.jpg\"><\/a><a href=\"https:\/\/www.oseba.ch\/wordpress\/wp-content\/uploads\/2011\/04\/tn_DSC_0058.jpg\"><img loading=\"lazy\" decoding=\"async\" class=\"alignright size-thumbnail wp-image-155\" title=\"tn_DSC_0058\" src=\"https:\/\/www.oseba.ch\/wordpress\/wp-content\/uploads\/2011\/04\/tn_DSC_0058-150x150.jpg\" alt=\"\" width=\"150\" height=\"150\" \/><\/a>La marche se passe bien pour la famille. Eliot est souvent sur son \u00e2ne Basil, mais il marche de temps \u00e0 autre. Par contre, Apollon a une <a href=\"https:\/\/www.oseba.ch\/wordpress\/wp-content\/uploads\/2011\/04\/tn_DSC_0018.jpg\"><\/a>bonne plaie sur le dos qui lui a permis de marcher l\u00e9ger ces 3 derniers jours. Sabine et les parents ont pu nous transporter les bagages jusqu\u2019\u00e0 l\u2019\u00e9tape du soir. Toutefois, un grand tri s\u2019impose dans nos bagages pour ne pas mettre de b\u00e2t \u00e0 Apollon, au moins pour les 10 prochains jours. Nous marcherons avec un sac \u00e0 dos et referons le point \u00e0 Gen\u00e8ve. Malheureusement, Olivier re\u00e7oit un coup de boule d&rsquo;Apollon en voulant le soigner. Dur dur&#8230;<\/p>\n<p><a href=\"https:\/\/www.oseba.ch\/wordpress\/wp-content\/uploads\/2011\/04\/tn_DSC_0058.jpg\"><\/a><\/p>\n<p>Dimanche 10 avril, nous faisons un jour de repos pour l\u2019anniversaire de Sonia et le passons au Swiss Vapeur Park. Joie pour les enfants, car quelques amis et famille nous rejoignent. Et le soir, enfin, une borne wifi nous permet de vous donner ces nouvelles. La plaie d\u2019Apollon se cicatrise bien.<\/p>\n<p><img loading=\"lazy\" decoding=\"async\" title=\"tn_DSC_0018\" src=\"https:\/\/www.oseba.ch\/wordpress\/wp-content\/uploads\/2011\/04\/tn_DSC_0018-300x200.jpg\" alt=\"\" width=\"300\" height=\"200\" \/><\/p>\n<p>Pour la suite, nous allons marcher\u00a0 vers St Gingolph, puis\u00a0 vers Thonon et Puplinges dans le canton de Gen\u00e8ve en esp\u00e9rant y arriver le Vendredi Saint pour une f\u00eate de famille.<\/p>\n<p><a href=\"https:\/\/www.oseba.ch\/wordpress\/wp-content\/uploads\/2011\/04\/tn_DSC_0011.jpg\"><img loading=\"lazy\" decoding=\"async\" class=\"aligncenter size-medium wp-image-163\" title=\"tn_DSC_0011\" src=\"https:\/\/www.oseba.ch\/wordpress\/wp-content\/uploads\/2011\/04\/tn_DSC_0011-300x200.jpg\" alt=\"\" width=\"300\" height=\"200\" srcset=\"https:\/\/www.oseba.ch\/wordpress\/wp-content\/uploads\/2011\/04\/tn_DSC_0011-300x200.jpg 300w, https:\/\/www.oseba.ch\/wordpress\/wp-content\/uploads\/2011\/04\/tn_DSC_0011.jpg 1024w\" sizes=\"(max-width: 300px) 100vw, 300px\" \/><\/a><\/p>\n","protected":false},"excerpt":{"rendered":"<p>Voil\u00e0, notre voyage a\u00a0 commenc\u00e9. Apr\u00e8s tous les cartons du d\u00e9m\u00e9nagement, nous sommes parti le 31 mars de notre maison, sous la pluie. Le week-end est v\u00e9cu dans la rencontre des amis et de la famille. Moment de partage, de rire avant la longue s\u00e9paration. Dimanche, une bonne \u00e9quip\u00e9e nous accompagne pour prendre le chemin [&hellip;]<\/p>\n","protected":false},"author":2,"featured_media":157,"comment_status":"open","ping_status":"open","sticky":false,"template":"","format":"standard","meta":{"footnotes":""},"categories":[12],"tags":[],"class_list":["post-150","post","type-post","status-publish","format-standard","has-post-thumbnail","hentry","category-voyage-en-suisse"],"_links":{"self":[{"href":"https:\/\/www.oseba.ch\/wordpress\/wp-json\/wp\/v2\/posts\/150"}],"collection":[{"href":"https:\/\/www.oseba.ch\/wordpress\/wp-json\/wp\/v2\/posts"}],"about":[{"href":"https:\/\/www.oseba.ch\/wordpress\/wp-json\/wp\/v2\/types\/post"}],"author":[{"embeddable":true,"href":"https:\/\/www.oseba.ch\/wordpress\/wp-json\/wp\/v2\/users\/2"}],"replies":[{"embeddable":true,"href":"https:\/\/www.oseba.ch\/wordpress\/wp-json\/wp\/v2\/comments?post=150"}],"version-history":[{"count":7,"href":"https:\/\/www.oseba.ch\/wordpress\/wp-json\/wp\/v2\/posts\/150\/revisions"}],"predecessor-version":[{"id":167,"href":"https:\/\/www.oseba.ch\/wordpress\/wp-json\/wp\/v2\/posts\/150\/revisions\/167"}],"wp:featuredmedia":[{"embeddable":true,"href":"https:\/\/www.oseba.ch\/wordpress\/wp-json\/wp\/v2\/media\/157"}],"wp:attachment":[{"href":"https:\/\/www.oseba.ch\/wordpress\/wp-json\/wp\/v2\/media?parent=150"}],"wp:term":[{"taxonomy":"category","embeddable":true,"href":"https:\/\/www.oseba.ch\/wordpress\/wp-json\/wp\/v2\/categories?post=150"},{"taxonomy":"post_tag","embeddable":true,"href":"https:\/\/www.oseba.ch\/wordpress\/wp-json\/wp\/v2\/tags?post=150"}],"curies":[{"name":"wp","href":"https:\/\/api.w.org\/{rel}","templated":true}]}}