{"id":170,"date":"2011-04-24T18:03:08","date_gmt":"2011-04-24T16:03:08","guid":{"rendered":"http:\/\/www.oseba.ch\/wordpress\/?p=170"},"modified":"2011-05-18T21:52:48","modified_gmt":"2011-05-18T19:52:48","slug":"l%e2%80%99aventure-se-peau-fine","status":"publish","type":"post","link":"https:\/\/www.oseba.ch\/wordpress\/voyage-en-france\/l%e2%80%99aventure-se-peau-fine","title":{"rendered":"L\u2019aventure se peau fine"},"content":{"rendered":"<p><a href=\"https:\/\/www.oseba.ch\/wordpress\/wp-content\/uploads\/2011\/04\/tn_DSC_0156.jpg\"><\/a>Comme on l\u2019avait pr\u00e9dit, il faut \u00a0bien 3 \u00e0 4 semaines pour que les choses se mettent en place. Les aventures continuent. Mais le moral est excellent, la relation entre nous va pour le mieux, Eliot joue avec tout ce qu\u2019il trouve, les \u00e2nes prennent un peu trop leurs aises\u2026<\/p>\n<p><a href=\"https:\/\/www.oseba.ch\/wordpress\/wp-content\/uploads\/2011\/04\/tn_DSC_0241.jpg\"><img loading=\"lazy\" decoding=\"async\" class=\"aligncenter size-medium wp-image-172\" title=\"tn_DSC_0241\" src=\"https:\/\/www.oseba.ch\/wordpress\/wp-content\/uploads\/2011\/04\/tn_DSC_0241-300x200.jpg\" alt=\"\" width=\"300\" height=\"200\" srcset=\"https:\/\/www.oseba.ch\/wordpress\/wp-content\/uploads\/2011\/04\/tn_DSC_0241-300x200.jpg 300w, https:\/\/www.oseba.ch\/wordpress\/wp-content\/uploads\/2011\/04\/tn_DSC_0241.jpg 1024w\" sizes=\"(max-width: 300px) 100vw, 300px\" \/><\/a><\/p>\n<p>L\u2019arriv\u00e9e en France se fait par 7 km sur le bord de la d\u00e9partementale avant et apr\u00e8s St Gingolph, ce qui n\u2019est pas du tout agr\u00e9able, m\u00eame si nos braves \u00e2nes se tiennent docilement sur le bas c\u00f4t\u00e9 de la route 90 km\/h.<\/p>\n<p><strong><span style=\"text-decoration: underline;\">Les \u00e2nes<a href=\"https:\/\/www.oseba.ch\/wordpress\/wp-content\/uploads\/2011\/04\/tn_DSC_0280.jpg\"><img loading=\"lazy\" decoding=\"async\" class=\"alignright size-medium wp-image-174\" title=\"tn_DSC_0280\" src=\"https:\/\/www.oseba.ch\/wordpress\/wp-content\/uploads\/2011\/04\/tn_DSC_0280-300x200.jpg\" alt=\"\" width=\"300\" height=\"200\" srcset=\"https:\/\/www.oseba.ch\/wordpress\/wp-content\/uploads\/2011\/04\/tn_DSC_0280-300x200.jpg 300w, https:\/\/www.oseba.ch\/wordpress\/wp-content\/uploads\/2011\/04\/tn_DSC_0280.jpg 1024w\" sizes=\"(max-width: 300px) 100vw, 300px\" \/><\/a><\/span><\/strong><\/p>\n<p>Toutefois, nos \u00e2nes ne sont pas toujours braves. A plusieurs reprises, ils ont fait de belles \u00e9vad\u00e9es. Une matin d\u2019abord, \u00e0 7h, la voisine nous demande si nous sommes r\u00e9veill\u00e9s. Du coup, oui, et elle nous annonce que nos \u00e2nes sont sortis de leur enclos et p\u00e2turent dans le jardin. Le probl\u00e8me, c\u2019est d\u00e8s qu\u2019Olivier les approche, ils partent au pas de course. Sonia et Eliot viennent \u00e0 la rescousse et nous arrivons \u00e0 les coincer sur le chemin, Olivier d\u2019un c\u00f4t\u00e9, Sonia et Eliot de l\u2019autre. Vers 8h, nous retournons \u00e0 la tente, tout r\u00e9chauff\u00e9s malgr\u00e9 la fra\u00eecheur matinale. En fait, nos \u00e2nes, surtout Basil, passent la t\u00eate sous la ficelle du bas (malgr\u00e9 2 hauteurs de fil), et avancent petit \u00e0 petit, jusqu\u2019\u00e0 ce qu\u2019ils arrivent \u00e0 sortir. Ils l\u2019ont refait ailleurs.<\/p>\n<p><a href=\"https:\/\/www.oseba.ch\/wordpress\/wp-content\/uploads\/2011\/04\/tn_DSC_0096.jpg\"><img loading=\"lazy\" decoding=\"async\" class=\"aligncenter size-medium wp-image-173\" title=\"tn_DSC_0096\" src=\"https:\/\/www.oseba.ch\/wordpress\/wp-content\/uploads\/2011\/04\/tn_DSC_0096-300x200.jpg\" alt=\"\" width=\"300\" height=\"200\" srcset=\"https:\/\/www.oseba.ch\/wordpress\/wp-content\/uploads\/2011\/04\/tn_DSC_0096-300x200.jpg 300w, https:\/\/www.oseba.ch\/wordpress\/wp-content\/uploads\/2011\/04\/tn_DSC_0096.jpg 1024w\" sizes=\"(max-width: 300px) 100vw, 300px\" \/><\/a><\/p>\n<p>Pour parer \u00e0 ce probl\u00e8me, nous avons choisi pour la suite le piquet \u00e0 visser en terre et la cha\u00eene pour chacun. Comme cela, ils ne se chicanent plus pendant la nuit et ils ne peuvent plus se sauver.<\/p>\n<p>Nos \u00e2nes se font aussi la belle en plein jour. Nous savons qu\u2019il ne faut pas l\u00e2cher Apollon, car il broute tranquillement, sans regarder apr\u00e8s nous, et s\u2019enfuit d\u00e8s qu\u2019on l\u2019approche. Par contre, si\u00a0nous l\u00e2chons Basil, il faut bien tenir Apollon,\u00a0 car \u00e0 deux reprises, il s\u2019est arrang\u00e9 pour tirer sur sa longe et s&rsquo;\u00e9vader. Et les voil\u00e0 qui courent sur le chemin, nous \u00e0 leur trousse. Une fois les \u00e2nes attrap\u00e9s, c\u2019est le GPS qui tombe du sac au moment de l\u2019\u00e9chapp\u00e9e. Ouf, on le retrouve. \u00a0Il y a toujours plus de peur que de mal, mais c\u2019est tr\u00e8s emb\u00eatant et il faut faire preuve de ruse et de patience pour les coincer.<\/p>\n<p><a href=\"https:\/\/www.oseba.ch\/wordpress\/wp-content\/uploads\/2011\/04\/tn_DSC_0123.jpg\"><img loading=\"lazy\" decoding=\"async\" class=\"alignleft size-medium wp-image-175\" title=\"tn_DSC_0123\" src=\"https:\/\/www.oseba.ch\/wordpress\/wp-content\/uploads\/2011\/04\/tn_DSC_0123-300x200.jpg\" alt=\"\" width=\"300\" height=\"200\" srcset=\"https:\/\/www.oseba.ch\/wordpress\/wp-content\/uploads\/2011\/04\/tn_DSC_0123-300x200.jpg 300w, https:\/\/www.oseba.ch\/wordpress\/wp-content\/uploads\/2011\/04\/tn_DSC_0123.jpg 1024w\" sizes=\"(max-width: 300px) 100vw, 300px\" \/><\/a>Pour la suite, nous remarquons que Sonia va mieux avec Apollon et Olivier avec Basil. Les \u00e2nes et \u00e2niers ont un peu leur pr\u00e9f\u00e9rence.<\/p>\n<p>La blessure d\u2019Apollon se gu\u00e9rit bien. Pour ces 2 semaines en France, nous avons opt\u00e9 pour deux sacs Ikea, attach\u00e9s par une sangle, sur la couverture pli\u00e9e en deux, \u00e0 l\u2019arri\u00e8re de la plaie. Comme cela, Olivier garde le sac \u00e0 dos pour la sieste d\u2019Eliot et Sonia porte quelques affaires dans le petit sac. Pour la suite, nous allons pouvoir remettre le bat, car en le mettant un peu sur l\u2019arri\u00e8re, il ne touche pas la plaie et elle peut rester \u00e0 l\u2019air pour se soigner.<\/p>\n<p>A Puplinge, nos \u00e2nes font la connaissance de C\u00e9line, l\u2019\u00e2nesse \u00e0 Edwin (d\u00e9sol\u00e9e pour l\u2019autre C\u00e9line) et des ch\u00e8vres. Tout se passe au mieux.<\/p>\n<p><a href=\"https:\/\/www.oseba.ch\/wordpress\/wp-content\/uploads\/2011\/04\/tn_DSC_0334.jpg\"><img loading=\"lazy\" decoding=\"async\" class=\"aligncenter size-medium wp-image-176\" title=\"tn_DSC_0334\" src=\"https:\/\/www.oseba.ch\/wordpress\/wp-content\/uploads\/2011\/04\/tn_DSC_0334-300x200.jpg\" alt=\"\" width=\"300\" height=\"200\" srcset=\"https:\/\/www.oseba.ch\/wordpress\/wp-content\/uploads\/2011\/04\/tn_DSC_0334-300x200.jpg 300w, https:\/\/www.oseba.ch\/wordpress\/wp-content\/uploads\/2011\/04\/tn_DSC_0334.jpg 1024w\" sizes=\"(max-width: 300px) 100vw, 300px\" \/><\/a><a href=\"https:\/\/www.oseba.ch\/wordpress\/wp-content\/uploads\/2011\/04\/tn_DSC_0334.jpg\"><\/a><\/p>\n<p><strong><span style=\"text-decoration: underline;\">Les sentiers et les rencontres<a href=\"https:\/\/www.oseba.ch\/wordpress\/wp-content\/uploads\/2011\/04\/tn_DSC_0087.jpg\"><img loading=\"lazy\" decoding=\"async\" class=\"alignright size-medium wp-image-177\" title=\"tn_DSC_0087\" src=\"https:\/\/www.oseba.ch\/wordpress\/wp-content\/uploads\/2011\/04\/tn_DSC_0087-300x200.jpg\" alt=\"\" width=\"300\" height=\"200\" srcset=\"https:\/\/www.oseba.ch\/wordpress\/wp-content\/uploads\/2011\/04\/tn_DSC_0087-300x200.jpg 300w, https:\/\/www.oseba.ch\/wordpress\/wp-content\/uploads\/2011\/04\/tn_DSC_0087.jpg 1024w\" sizes=\"(max-width: 300px) 100vw, 300px\" \/><\/a><\/span><\/strong><\/p>\n<p>Apr\u00e8s avoir long\u00e9 la route pendant 7 km vers St Gingolph, nous avons eu notre dose et d\u00e9cidons de grimper sur les hauteurs, 600 m\u00e8tres de d\u00e9nivel\u00e9s assez directs dans la for\u00eat qui n\u2019en finissent pas, surtout qu\u2019Eliot a d\u00e9cid\u00e9 de faire la sieste \u00e0 ce moment-l\u00e0, sur le dos d\u2019Olivier. Mais c\u2019est un tr\u00e8s joli chemin, et surtout pas de voiture. En arrivant en haut, on se rend compte que Basil a perdu un parapluie. Olivier redescend un bout et Sonia, qui a froid, essaye d\u2019allumer un feu pour faire un th\u00e9. Mais le bois est mouill\u00e9 par la pluie et Eliot est tout grinche apr\u00e8s sa sieste\u2026\u00a0 pur instant de solitude frileuse.<\/p>\n<p>Nous arrivons \u00e0 Tollon-les-M\u00e9mises, souvenir de la fameuse radio branch\u00e9e de notre jeunesse. A la sortie d\u2019un hameau, un couple s\u2019arr\u00eate \u00e0 notre hauteur et nous demande s\u2019ils peuvent nous prendre en photo. La conversation s\u2019engage. C\u2019est le mardi, jour gris, humide et froid. Alors que nous parlons de notre campement, Sylvie et Gilles, nous proposent de venir loger chez eux, \u00e0 500 m\u00e8tres. Elle nous fait rapidement visiter, en montrant o\u00f9 mettre les \u00e2nes, lui fait une flamb\u00e9e dans la chemin\u00e9e et ils nous laissent la cl\u00e9 car ils ont un rendez-vous \u00e0 Thonon. Et bien chapeau et merci. Nous sommes heureux, au chaud, au sec, alors que le lendemain, l\u2019eau des \u00e2nes est gel\u00e9e.<\/p>\n<p><a href=\"https:\/\/www.oseba.ch\/wordpress\/wp-content\/uploads\/2011\/04\/tn_DSCN0302.jpg\"><img loading=\"lazy\" decoding=\"async\" class=\"alignleft size-medium wp-image-178\" title=\"IF\" src=\"https:\/\/www.oseba.ch\/wordpress\/wp-content\/uploads\/2011\/04\/tn_DSCN0302-300x225.jpg\" alt=\"\" width=\"300\" height=\"225\" srcset=\"https:\/\/www.oseba.ch\/wordpress\/wp-content\/uploads\/2011\/04\/tn_DSCN0302-300x225.jpg 300w, https:\/\/www.oseba.ch\/wordpress\/wp-content\/uploads\/2011\/04\/tn_DSCN0302-200x150.jpg 200w, https:\/\/www.oseba.ch\/wordpress\/wp-content\/uploads\/2011\/04\/tn_DSCN0302.jpg 1024w\" sizes=\"(max-width: 300px) 100vw, 300px\" \/><\/a>Le soleil r\u00e9appara\u00eet, avec une bise bien fra\u00eeche. La suite du chemin se fait sur les hauteurs, avec parfois une superbe vue sur le Lac L\u00e9man. Les chemins sont magnifiques, le plus souvent des sentiers caillouteux, dans la for\u00eat. La temp\u00e9rature est id\u00e9ale pour marcher, un coin \u00e0 l\u2019abris de la bise est souvent trouv\u00e9 pour pique-niquer. Le soir nous avons toujours eu un lieu o\u00f9 planter notre tente.<\/p>\n<p>Des rencontres aussi merveilleuses que g\u00e9n\u00e9reuses nous donnent de la chaleur et du courage. Une famille qui vient nous apporter du sirop et des biscuits et nous propose sa salle de bain alors que nous campons dans le pr\u00e9 \u00e0 c\u00f4t\u00e9. Un couple, \u00e0 l\u2019entr\u00e9e d\u2019un village, vers midi nous offre leur pain tout frais alors que nous leur demandons simplement s\u2019il y a une boulangerie au village, et il rajoute des bouteilles d\u2019eau, Evian \u00e9videmment. Ces enfants qui viennent discuter avec nous, alors que nous mangeons sur la place de jeu de leur \u00e9cole. Ces gens qui acceptent que nous campions sur leur terrain, avec nos \u00e2nes \u00e0 c\u00f4t\u00e9. Le camping qui nous laisse le pr\u00e9 de leur cheval pour 3 nuits. La famille qui nous h\u00e9berge chez eux pour une ou plusieurs nuits. A tous ces gens rencontr\u00e9s\u00a0: de tout c\u0153ur MERCI.<a href=\"https:\/\/www.oseba.ch\/wordpress\/wp-content\/uploads\/2011\/04\/tn_DSC_0170.jpg\"><\/a><\/p>\n<p><a href=\"https:\/\/www.oseba.ch\/wordpress\/wp-content\/uploads\/2011\/04\/tn_DSC_0078.jpg\"><img loading=\"lazy\" decoding=\"async\" class=\"alignright size-medium wp-image-184\" title=\"tn_DSC_0078\" src=\"https:\/\/www.oseba.ch\/wordpress\/wp-content\/uploads\/2011\/04\/tn_DSC_0078-300x200.jpg\" alt=\"\" width=\"300\" height=\"200\" srcset=\"https:\/\/www.oseba.ch\/wordpress\/wp-content\/uploads\/2011\/04\/tn_DSC_0078-300x200.jpg 300w, https:\/\/www.oseba.ch\/wordpress\/wp-content\/uploads\/2011\/04\/tn_DSC_0078.jpg 1024w\" sizes=\"(max-width: 300px) 100vw, 300px\" \/><\/a>Nous avons aussi eu des visites \u00e0 domicile. 3 nuits de repos dans un camping juste apr\u00e8s Thonon nous font du bien et nous retrouvons le lac. Les nanas de Sonia sont venues vendredi pour un souper \u00e0 Thonon-les-Bains. Grand moment de retrouvailles, m\u00eame si \u00e7a fait 2 semaines que nous sommes partis. Le temps prend une autre dimension en voyage pour ceux qui partent, comme pour ceux qui restent. Carina et famille sont rest\u00e9s pour tester leur tente achet\u00e9e la veille \u00e0 Thonon. Martine et famille arrivent le lendemain dimanche pour nous laisser Jane qui marche avec nous quelques jours. Eliot a eu une belle compagnie pendant ces 6 jours. Les \u00e2nes aussi, car Jane est tr\u00e8s douce et sait y faire avec les \u00e2nes.<a href=\"https:\/\/www.oseba.ch\/wordpress\/wp-content\/uploads\/2011\/04\/tn_DSC_0078.jpg\"><\/a><\/p>\n<p><a href=\"https:\/\/www.oseba.ch\/wordpress\/wp-content\/uploads\/2011\/04\/tn_DSC_0292.jpg\"><img loading=\"lazy\" decoding=\"async\" class=\"size-medium wp-image-182 aligncenter\" title=\"tn_DSC_0292\" src=\"https:\/\/www.oseba.ch\/wordpress\/wp-content\/uploads\/2011\/04\/tn_DSC_0292-300x200.jpg\" alt=\"\" width=\"300\" height=\"200\" srcset=\"https:\/\/www.oseba.ch\/wordpress\/wp-content\/uploads\/2011\/04\/tn_DSC_0292-300x200.jpg 300w, https:\/\/www.oseba.ch\/wordpress\/wp-content\/uploads\/2011\/04\/tn_DSC_0292.jpg 1024w\" sizes=\"(max-width: 300px) 100vw, 300px\" \/><\/a><\/p>\n<p>Nous arrivons \u00e0 Puplinge dans le canton de Gen\u00e8ve mercredi 20 avril et y restons jusqu\u2019\u00e0 dimanche matin. Sonia se remet gentiment de son angine \u00e0 streptocoques, sans doute re\u00e7ue d\u2019Eliot avant le d\u00e9part. Le m\u00e9decin le confirme vendredi matin et\u00a0prescrit des antibiotiques. La f\u00eate de famille du Vendredi saint passe tr\u00e8s vite, mais c\u2019est tr\u00e8s sympa.<\/p>\n<p style=\"text-align: left;\"><a href=\"https:\/\/www.oseba.ch\/wordpress\/wp-content\/uploads\/2011\/04\/tn_DSC_0301.jpg\"><img loading=\"lazy\" decoding=\"async\" class=\"aligncenter size-medium wp-image-183\" title=\"tn_DSC_0301\" src=\"https:\/\/www.oseba.ch\/wordpress\/wp-content\/uploads\/2011\/04\/tn_DSC_0301-300x200.jpg\" alt=\"\" width=\"300\" height=\"200\" srcset=\"https:\/\/www.oseba.ch\/wordpress\/wp-content\/uploads\/2011\/04\/tn_DSC_0301-300x200.jpg 300w, https:\/\/www.oseba.ch\/wordpress\/wp-content\/uploads\/2011\/04\/tn_DSC_0301.jpg 1024w\" sizes=\"(max-width: 300px) 100vw, 300px\" \/><\/a><\/p>\n<p>Nous repartons dimanche vers Juvigny. Cette fois, nous sommes en France pour un bout de temps. Apollon a repris son b\u00e2t et \u00e7a a l\u2019air d\u2019aller, il faudra suivre cela de tr\u00e8s pr\u00e8s.<a href=\"https:\/\/www.oseba.ch\/wordpress\/wp-content\/uploads\/2011\/04\/tn_DSC_0127.jpg\"><img loading=\"lazy\" decoding=\"async\" class=\"size-medium wp-image-186 aligncenter\" title=\"tn_DSC_0127\" src=\"https:\/\/www.oseba.ch\/wordpress\/wp-content\/uploads\/2011\/04\/tn_DSC_0127-300x200.jpg\" alt=\"\" width=\"300\" height=\"200\" srcset=\"https:\/\/www.oseba.ch\/wordpress\/wp-content\/uploads\/2011\/04\/tn_DSC_0127-300x200.jpg 300w, https:\/\/www.oseba.ch\/wordpress\/wp-content\/uploads\/2011\/04\/tn_DSC_0127.jpg 1024w\" sizes=\"(max-width: 300px) 100vw, 300px\" \/><\/a><\/p>\n","protected":false},"excerpt":{"rendered":"<p>Comme on l\u2019avait pr\u00e9dit, il faut \u00a0bien 3 \u00e0 4 semaines pour que les choses se mettent en place. Les aventures continuent. Mais le moral est excellent, la relation entre nous va pour le mieux, Eliot joue avec tout ce qu\u2019il trouve, les \u00e2nes prennent un peu trop leurs aises\u2026 L\u2019arriv\u00e9e en France se fait [&hellip;]<\/p>\n","protected":false},"author":2,"featured_media":171,"comment_status":"open","ping_status":"open","sticky":false,"template":"","format":"standard","meta":{"footnotes":""},"categories":[13],"tags":[],"class_list":["post-170","post","type-post","status-publish","format-standard","has-post-thumbnail","hentry","category-voyage-en-france"],"_links":{"self":[{"href":"https:\/\/www.oseba.ch\/wordpress\/wp-json\/wp\/v2\/posts\/170"}],"collection":[{"href":"https:\/\/www.oseba.ch\/wordpress\/wp-json\/wp\/v2\/posts"}],"about":[{"href":"https:\/\/www.oseba.ch\/wordpress\/wp-json\/wp\/v2\/types\/post"}],"author":[{"embeddable":true,"href":"https:\/\/www.oseba.ch\/wordpress\/wp-json\/wp\/v2\/users\/2"}],"replies":[{"embeddable":true,"href":"https:\/\/www.oseba.ch\/wordpress\/wp-json\/wp\/v2\/comments?post=170"}],"version-history":[{"count":6,"href":"https:\/\/www.oseba.ch\/wordpress\/wp-json\/wp\/v2\/posts\/170\/revisions"}],"predecessor-version":[{"id":193,"href":"https:\/\/www.oseba.ch\/wordpress\/wp-json\/wp\/v2\/posts\/170\/revisions\/193"}],"wp:featuredmedia":[{"embeddable":true,"href":"https:\/\/www.oseba.ch\/wordpress\/wp-json\/wp\/v2\/media\/171"}],"wp:attachment":[{"href":"https:\/\/www.oseba.ch\/wordpress\/wp-json\/wp\/v2\/media?parent=170"}],"wp:term":[{"taxonomy":"category","embeddable":true,"href":"https:\/\/www.oseba.ch\/wordpress\/wp-json\/wp\/v2\/categories?post=170"},{"taxonomy":"post_tag","embeddable":true,"href":"https:\/\/www.oseba.ch\/wordpress\/wp-json\/wp\/v2\/tags?post=170"}],"curies":[{"name":"wp","href":"https:\/\/api.w.org\/{rel}","templated":true}]}}