{"id":205,"date":"2011-05-11T11:33:10","date_gmt":"2011-05-11T09:33:10","guid":{"rendered":"http:\/\/www.oseba.ch\/wordpress\/?p=205"},"modified":"2011-10-16T16:35:55","modified_gmt":"2011-10-16T14:35:55","slug":"une-journee-type-de-notre-voyage","status":"publish","type":"post","link":"https:\/\/www.oseba.ch\/wordpress\/voyage-en-france\/une-journee-type-de-notre-voyage","title":{"rendered":"Une journ\u00e9e type de notre voyage"},"content":{"rendered":"<p>Le r\u00e9veil se fait vers 7h30 \u00e0 8h, selon Eliot. Nous prenons le temps de nous r\u00e9veiller, parfois de lire une histoire, de faire un peu les fous.<\/p>\n<p>Puis la phase de rangement commence\u00a0: ranger les sacs de couchage, plier les matelas de sol, r\u00e9unir les affaires et les r\u00e9partir dans les 4 sacoches, mettre la tente \u00e0 s\u00e9cher et la plier, brosser les \u00e2nes, curer leurs pieds, ranger le parc (piquets et cha\u00eenes), et b\u00e2ter les \u00e2nes.<\/p>\n<p>Entre deux, on prend le temps de faire un bon d\u00e9jeuner\u00a0: en principe c\u00e9r\u00e9ale avec lait, fruit, fromage, pain selon ce que l\u2019on a.<\/p>\n<p>Le tout\u00a0nous prend bien 2h30. Ce qui fait que nous marchons rarement avant 10h30, voir 11h les jours o\u00f9\u00a0nous sommes\u00a0moins rapides.<\/p>\n<p><a href=\"https:\/\/www.oseba.ch\/wordpress\/wp-content\/uploads\/2011\/05\/tn_DSC_0560.jpg\"><img loading=\"lazy\" decoding=\"async\" class=\"aligncenter size-medium wp-image-217\" title=\"tn_DSC_0560\" src=\"https:\/\/www.oseba.ch\/wordpress\/wp-content\/uploads\/2011\/05\/tn_DSC_0560-300x200.jpg\" alt=\"\" width=\"300\" height=\"200\" srcset=\"https:\/\/www.oseba.ch\/wordpress\/wp-content\/uploads\/2011\/05\/tn_DSC_0560-300x200.jpg 300w, https:\/\/www.oseba.ch\/wordpress\/wp-content\/uploads\/2011\/05\/tn_DSC_0560.jpg 1024w\" sizes=\"(max-width: 300px) 100vw, 300px\" \/><\/a><\/p>\n<p>La marche est un bon moment. Elle nous permet d\u2019\u00eatre \u00e0 l\u2019\u00e9coute des bruits, chants d\u2019oiseau ou silence aux alentours et de voir les beaux paysages, les arbres, la nature qui \u00e9clot en ce d\u00e9but de printemps. Eliot marche quelques fois, mais souvent, il va sur le si\u00e8ge de Basil.<\/p>\n<p>Vers 12h30-13h, c\u2019est la pause de midi. Nous d\u00e9b\u00e2tons les \u00e2nes et sortons le pique-nique du sac\u00a0: pain, saucisson, fromage, carottes ou tomates, fruits\u2026<\/p>\n<p><a href=\"https:\/\/www.oseba.ch\/wordpress\/wp-content\/uploads\/2011\/05\/tn_DSC_0511.jpg\"><img loading=\"lazy\" decoding=\"async\" class=\"aligncenter size-medium wp-image-218\" title=\"tn_DSC_0511\" src=\"https:\/\/www.oseba.ch\/wordpress\/wp-content\/uploads\/2011\/05\/tn_DSC_0511-300x200.jpg\" alt=\"\" width=\"300\" height=\"200\" srcset=\"https:\/\/www.oseba.ch\/wordpress\/wp-content\/uploads\/2011\/05\/tn_DSC_0511-300x200.jpg 300w, https:\/\/www.oseba.ch\/wordpress\/wp-content\/uploads\/2011\/05\/tn_DSC_0511.jpg 1024w\" sizes=\"(max-width: 300px) 100vw, 300px\" \/><\/a><\/p>\n<p>D\u00e9part une heure apr\u00e8s, les \u00e2nes sont b\u00e2t\u00e9s et rebelote pour 1h \u00e0 2h de marche. Souvent, Eliot va faire la sieste dans le dos de son papa. Nous marchons environs 10 km par jours, plus ou moins selon le d\u00e9nivel\u00e9, la m\u00e9t\u00e9o et\u00a0l\u2019endroit pour dormir.<\/p>\n<p>D\u00e8s 15h et maximum vers 16h, nous cherchons un endroit pour planter la tente et faire p\u00e2turer les \u00e2nes. Une fois trouv\u00e9, ce qui peut prendre plus ou moins de temps, nous d\u00e9b\u00e2tons les \u00e2nes et commen\u00e7ons par prendre le go\u00fbter. Ensuite, il faut monter le campement\u00a0: planter les 2 piquets pour les \u00e2nes, leur donner \u00e0 boire, monter la tente, gonfler les matelas de sol, pr\u00e9parer le lit.<\/p>\n<p><a href=\"https:\/\/www.oseba.ch\/wordpress\/wp-content\/uploads\/2011\/05\/tn_DSC_0592.jpg\"><img loading=\"lazy\" decoding=\"async\" class=\"aligncenter size-medium wp-image-219\" title=\"tn_DSC_0592\" src=\"https:\/\/www.oseba.ch\/wordpress\/wp-content\/uploads\/2011\/05\/tn_DSC_0592-300x200.jpg\" alt=\"\" width=\"300\" height=\"200\" srcset=\"https:\/\/www.oseba.ch\/wordpress\/wp-content\/uploads\/2011\/05\/tn_DSC_0592-300x200.jpg 300w, https:\/\/www.oseba.ch\/wordpress\/wp-content\/uploads\/2011\/05\/tn_DSC_0592.jpg 1024w\" sizes=\"(max-width: 300px) 100vw, 300px\" \/><\/a><\/p>\n<p>Ensuite on pense un peu \u00e0 nous, on prend une douche (plus ou moins sommaire selon le lieu et la temp\u00e9rature), on se repose un peu, on discute avec les gens. Eliot, lui, a plein d\u2019\u00e9nergie, joue, court et demande qu\u2019on s\u2019occupe de lui, mais il nous aide aussi \u00e0 planter les piquets, \u00e0 gonfler les coussins\u2026 Il joue avec tout ce qu\u2019il trouve\u00a0: sa pelle, son r\u00e2teau et son camion, et aussi les longes, sangles, bassine pliable, les cailloux, branches, feuilles, pives\u2026 et places de jeu.<\/p>\n<p><a href=\"https:\/\/www.oseba.ch\/wordpress\/wp-content\/uploads\/2011\/05\/tn_DSC_0596.jpg\"><img loading=\"lazy\" decoding=\"async\" class=\"aligncenter size-medium wp-image-221\" title=\"tn_DSC_0596\" src=\"https:\/\/www.oseba.ch\/wordpress\/wp-content\/uploads\/2011\/05\/tn_DSC_0596-300x200.jpg\" alt=\"\" width=\"300\" height=\"200\" srcset=\"https:\/\/www.oseba.ch\/wordpress\/wp-content\/uploads\/2011\/05\/tn_DSC_0596-300x200.jpg 300w, https:\/\/www.oseba.ch\/wordpress\/wp-content\/uploads\/2011\/05\/tn_DSC_0596.jpg 1024w\" sizes=\"(max-width: 300px) 100vw, 300px\" \/><\/a><\/p>\n<p>Vers 18h-19h, nous pr\u00e9parons le repas avec notre r\u00e9chaud \u00e0 bois.<\/p>\n<p>Vers 20h, nous nous cachons sous la tente. Le rituel du dodo commence pour Eliot qui s\u2019endort peu apr\u00e8s. Sonia \u00e9crit le journal de bord et Olivier v\u00e9rifie ou pr\u00e9pare le parcours du lendemain, puis apr\u00e8s dodo.<\/p>\n<p>Nous prenons plus ou moins 1-2 jours de repos par semaine, soit \u00e0 suivre, soit isol\u00e9s, selon le lieu trouv\u00e9 et les choses \u00e0 faire.<\/p>\n","protected":false},"excerpt":{"rendered":"<p>Le r\u00e9veil se fait vers 7h30 \u00e0 8h, selon Eliot. Nous prenons le temps de nous r\u00e9veiller, parfois de lire une histoire, de faire un peu les fous. Puis la phase de rangement commence\u00a0: ranger les sacs de couchage, plier les matelas de sol, r\u00e9unir les affaires et les r\u00e9partir dans les 4 sacoches, mettre [&hellip;]<\/p>\n","protected":false},"author":2,"featured_media":0,"comment_status":"open","ping_status":"open","sticky":false,"template":"","format":"standard","meta":{"footnotes":""},"categories":[13],"tags":[],"class_list":["post-205","post","type-post","status-publish","format-standard","hentry","category-voyage-en-france"],"_links":{"self":[{"href":"https:\/\/www.oseba.ch\/wordpress\/wp-json\/wp\/v2\/posts\/205"}],"collection":[{"href":"https:\/\/www.oseba.ch\/wordpress\/wp-json\/wp\/v2\/posts"}],"about":[{"href":"https:\/\/www.oseba.ch\/wordpress\/wp-json\/wp\/v2\/types\/post"}],"author":[{"embeddable":true,"href":"https:\/\/www.oseba.ch\/wordpress\/wp-json\/wp\/v2\/users\/2"}],"replies":[{"embeddable":true,"href":"https:\/\/www.oseba.ch\/wordpress\/wp-json\/wp\/v2\/comments?post=205"}],"version-history":[{"count":5,"href":"https:\/\/www.oseba.ch\/wordpress\/wp-json\/wp\/v2\/posts\/205\/revisions"}],"predecessor-version":[{"id":738,"href":"https:\/\/www.oseba.ch\/wordpress\/wp-json\/wp\/v2\/posts\/205\/revisions\/738"}],"wp:attachment":[{"href":"https:\/\/www.oseba.ch\/wordpress\/wp-json\/wp\/v2\/media?parent=205"}],"wp:term":[{"taxonomy":"category","embeddable":true,"href":"https:\/\/www.oseba.ch\/wordpress\/wp-json\/wp\/v2\/categories?post=205"},{"taxonomy":"post_tag","embeddable":true,"href":"https:\/\/www.oseba.ch\/wordpress\/wp-json\/wp\/v2\/tags?post=205"}],"curies":[{"name":"wp","href":"https:\/\/api.w.org\/{rel}","templated":true}]}}