{"id":207,"date":"2011-05-12T15:10:29","date_gmt":"2011-05-12T13:10:29","guid":{"rendered":"http:\/\/www.oseba.ch\/wordpress\/?p=207"},"modified":"2011-10-16T16:35:00","modified_gmt":"2011-10-16T14:35:00","slug":"pleins-de-peripeties","status":"publish","type":"post","link":"https:\/\/www.oseba.ch\/wordpress\/voyage-en-france\/pleins-de-peripeties","title":{"rendered":"Pleins de p\u00e9rip\u00e9ties"},"content":{"rendered":"<p>Avant et apr\u00e8s Gen\u00e8ve,\u00a0des jeunes filles nous accompagnent\u00a0: Jane avant P\u00e2ques, Laurianne durant le week-end, puis Caroline durant 2 jours. Elles apportent un nouveau souffle dans la compagnie et les jeux avec Eliot. Il en parle encore aujourd\u2019hui.<\/p>\n<p><a href=\"https:\/\/www.oseba.ch\/wordpress\/wp-content\/uploads\/2011\/05\/tn_DSC_0455.jpg\"><img loading=\"lazy\" decoding=\"async\" class=\"alignleft size-medium wp-image-235\" title=\"tn_DSC_0455\" src=\"https:\/\/www.oseba.ch\/wordpress\/wp-content\/uploads\/2011\/05\/tn_DSC_0455-300x200.jpg\" alt=\"\" width=\"180\" height=\"120\" srcset=\"https:\/\/www.oseba.ch\/wordpress\/wp-content\/uploads\/2011\/05\/tn_DSC_0455-300x200.jpg 300w, https:\/\/www.oseba.ch\/wordpress\/wp-content\/uploads\/2011\/05\/tn_DSC_0455.jpg 1024w\" sizes=\"(max-width: 180px) 100vw, 180px\" \/><\/a>Le mardi apr\u00e8s P\u00e2ques (26 avril), nous improvisons et provoquons un souper grillade avec cousin et oncle\u00a0: Claude et famille\u00a0viennent chercher Caroline, R\u00e9my et Laurence viennent nous apporter un coli postal de mat\u00e9riel pour les \u00e2nes. Tout cela se passe sur une place de pique-nique, en face du dolmen de la Pierre aux F\u00e9es. C\u2019est un moment tr\u00e8s sympathique.<\/p>\n<p><a href=\"https:\/\/www.oseba.ch\/wordpress\/wp-content\/uploads\/2011\/05\/tn_DSC_0462.jpg\"><img loading=\"lazy\" decoding=\"async\" class=\"aligncenter size-medium wp-image-234\" title=\"tn_DSC_0462\" src=\"https:\/\/www.oseba.ch\/wordpress\/wp-content\/uploads\/2011\/05\/tn_DSC_0462-300x200.jpg\" alt=\"\" width=\"300\" height=\"200\" srcset=\"https:\/\/www.oseba.ch\/wordpress\/wp-content\/uploads\/2011\/05\/tn_DSC_0462-300x200.jpg 300w, https:\/\/www.oseba.ch\/wordpress\/wp-content\/uploads\/2011\/05\/tn_DSC_0462.jpg 1024w\" sizes=\"(max-width: 300px) 100vw, 300px\" \/><\/a><\/p>\n<p>A La Roche-sur-Foron, nous\u00a0sommes accueillis dans un couvent de s\u0153urs o\u00f9 Eliot est l\u2019attraction. Le lieu est paisible. Nous\u00a0\u00e9mergeons\u00a0le matin \u00e0 8h45, avec un sommeil de plomb. Si nous savions ce qui nous attend durant la journ\u00e9e suivante, nous serions bien rest\u00e9s\u00a0un jour de plus.<\/p>\n<p><a href=\"https:\/\/www.oseba.ch\/wordpress\/wp-content\/uploads\/2011\/05\/tn_DSC_0463.jpg\"><img loading=\"lazy\" decoding=\"async\" class=\"aligncenter size-medium wp-image-236\" title=\"tn_DSC_0463\" src=\"https:\/\/www.oseba.ch\/wordpress\/wp-content\/uploads\/2011\/05\/tn_DSC_0463-300x200.jpg\" alt=\"\" width=\"300\" height=\"200\" srcset=\"https:\/\/www.oseba.ch\/wordpress\/wp-content\/uploads\/2011\/05\/tn_DSC_0463-300x200.jpg 300w, https:\/\/www.oseba.ch\/wordpress\/wp-content\/uploads\/2011\/05\/tn_DSC_0463.jpg 1024w\" sizes=\"(max-width: 300px) 100vw, 300px\" \/><\/a><\/p>\n<p><strong><span style=\"text-decoration: underline;\">Journ\u00e9e de pluie et malchance<\/span><\/strong><\/p>\n<p>Nous essuyons notre premier orage et longue pluie toute l\u2019apr\u00e8s-midi, dans un chemin boueux, escarp\u00e9, avec passage dans le lit d\u2019une rivi\u00e8re, le col des Gardes \u00e0 monter et \u00e0 redescendre. Nous h\u00e9sitons \u00e0 y aller, car nous avons 2h de marche avant le prochain village. Le temps estvmena\u00e7ant, mais il l&rsquo;est depuis plusieurs jours, alors, go, on part.<\/p>\n<p>Finalement, nous arrivons \u00e0 un village vers 16h, dernier moment pour chercher o\u00f9 dormir, selon notre organisation. On rep\u00e8re la seule ferme dans ce village d\u00e9sert. Le chien nous aboie tellement \u00a0que la fermi\u00e8re vient voir ce qui se passe. Nous lui demandons si nous pouvons dormir un nuit dans leur grange ou monter la tente et avoir un peu de p\u00e2ture pour les \u00e2nes. Elle nous dit que son mari n\u2019est pas l\u00e0 et qu\u2019elle ne peut pas nous dire oui. Le probl\u00e8me, c\u2019est qu\u2019il ne rentre pas avant 17h30 et qu\u2019elle ne connait pas d\u2019autres fermes dans les environs. Il y a bien le camping, mais il est \u00e0 4-5 km. Il pleut, Eliot en a marre (je crois que c\u2019est la premi\u00e8re fois comme cela), et nous aussi, mais rien n\u2019y fait.<\/p>\n<p>On remballe tout et on repart. On demande 1-2 autres fois si les gens connaissent un endroit pour planter notre tente et mettre nos \u00e2nes, mais personne ne sait. Apr\u00e8s avoir appris que le camping est en fait ferm\u00e9, on se r\u00e9signe m\u00eame \u00e0 appeler une chambre d\u2019h\u00f4tes, mais les propri\u00e9taires sont en vacances. C\u2019est vraiment le jour malchance.<\/p>\n<p style=\"text-align: left;\"><a href=\"https:\/\/www.oseba.ch\/wordpress\/wp-content\/uploads\/2011\/05\/tn_DSC_0472.jpg\"><img loading=\"lazy\" decoding=\"async\" class=\"size-medium wp-image-237 aligncenter\" title=\"tn_DSC_0472\" src=\"https:\/\/www.oseba.ch\/wordpress\/wp-content\/uploads\/2011\/05\/tn_DSC_0472-300x200.jpg\" alt=\"\" width=\"240\" height=\"160\" srcset=\"https:\/\/www.oseba.ch\/wordpress\/wp-content\/uploads\/2011\/05\/tn_DSC_0472-300x200.jpg 300w, https:\/\/www.oseba.ch\/wordpress\/wp-content\/uploads\/2011\/05\/tn_DSC_0472.jpg 1024w\" sizes=\"(max-width: 240px) 100vw, 240px\" \/><\/a>En fin de compte, au Petit-Bornand, vers 18h, Philippe, un gars bien sympathique (comme tous les Philippe), nous propose de nous mettre sous l\u2019avant-toit de sa maison. Ouf. On est \u00e0 l\u2019abris pour dormir. Eliot, ayant repris du poil de la b\u00eate, joue gaiment, alors que les parents sont KO de cette journ\u00e9e qui n\u2019en finit pas.<\/p>\n<p><strong><span style=\"text-decoration: underline;\">Le d\u00e9but des montagnes<\/span><\/strong><\/p>\n<p style=\"text-align: left;\"><a href=\"https:\/\/www.oseba.ch\/wordpress\/wp-content\/uploads\/2011\/05\/tn_DSC_0500.jpg\"><img loading=\"lazy\" decoding=\"async\" class=\"size-medium wp-image-238 aligncenter\" title=\"tn_DSC_0500\" src=\"https:\/\/www.oseba.ch\/wordpress\/wp-content\/uploads\/2011\/05\/tn_DSC_0500-300x200.jpg\" alt=\"\" width=\"300\" height=\"200\" srcset=\"https:\/\/www.oseba.ch\/wordpress\/wp-content\/uploads\/2011\/05\/tn_DSC_0500-300x200.jpg 300w, https:\/\/www.oseba.ch\/wordpress\/wp-content\/uploads\/2011\/05\/tn_DSC_0500.jpg 1024w\" sizes=\"(max-width: 300px) 100vw, 300px\" \/><\/a>Le 29 avril, c\u2019est 800 m\u00e8tres de mont\u00e9e qui nous attend pour atteindre le Plateau des Gli\u00e8res, haut lieu de la r\u00e9sistance\u00a0: les alli\u00e9s y ont parachut\u00e9 des armements pour la lib\u00e9ration de la France durant la 2<sup>\u00e8me<\/sup> guerre mondiale. A nouveau, un peu de pluie dans l\u2019apr\u00e8s-midi, mais beaucoup moins que la veille. On passe 2 jours dans un refuge de montagne. Olivier est tout malade, il a attrap\u00e9 l\u2019angine \u00e0 streptocoques \u00e0 Sonia. Il emprunte la voiture du patron du refuge pour descendre trouver une pharmacie. Les ch\u00e8vres, lapins, oie et poule dans un grand enclos occupent longuement Eliot.<\/p>\n<p style=\"text-align: left;\"><a href=\"https:\/\/www.oseba.ch\/wordpress\/wp-content\/uploads\/2011\/05\/tn_DSC_0485.jpg\"><img loading=\"lazy\" decoding=\"async\" class=\"size-medium wp-image-239 aligncenter\" title=\"tn_DSC_0485\" src=\"https:\/\/www.oseba.ch\/wordpress\/wp-content\/uploads\/2011\/05\/tn_DSC_0485-300x200.jpg\" alt=\"\" width=\"300\" height=\"200\" srcset=\"https:\/\/www.oseba.ch\/wordpress\/wp-content\/uploads\/2011\/05\/tn_DSC_0485-300x200.jpg 300w, https:\/\/www.oseba.ch\/wordpress\/wp-content\/uploads\/2011\/05\/tn_DSC_0485.jpg 1024w\" sizes=\"(max-width: 300px) 100vw, 300px\" \/><\/a>Le lendemain, nous marchons un bon moment sur ce plateau qui est tr\u00e8s agr\u00e9able et offre une belle vue. Puis la descendre assez abrupte se fait d\u2019abord par un bon chemin en pierre. Mais les 2 derniers km sont les plus rudes, le chemin se r\u00e9tr\u00e9cit, avec des passages de rivi\u00e8res, un pont de rondins. Nous voyons enfin le camping car des parents de Sonia qui viennent nous trouver pour quelques jours. Moment de retrouvailles. Nous pouvons nous reposer et profiter un peu des grands-parents pour l\u2019ap\u00e9ro et le souper. Eux sont plein d\u2019\u00e9nergie pour jouer avec Eliot.<\/p>\n<p><strong><span style=\"text-decoration: underline;\">Visite chez le m\u00e9decin<\/span><\/strong><\/p>\n<p>Le lendemain est\u00a0jour de repos, car Sonia a une angine, \u00e0 nouveau. Nous partons \u00e0 la recherche d\u2019un m\u00e9decin \u00e0 Th\u00f4nes, avec le camping car. Toute la famille y va, car nous craignons une contagion continuelle de l\u2019un \u00e0 l\u2019autre, Olivier \u00e9tant encore sous antibiotiques. En fait d\u2019angine, il s\u2019agit d\u2019une rhino-pharyngite familiale.<\/p>\n<p style=\"text-align: left;\"><a href=\"https:\/\/www.oseba.ch\/wordpress\/wp-content\/uploads\/2011\/05\/tn__D207620.jpg\"><img loading=\"lazy\" decoding=\"async\" class=\"size-medium wp-image-240 aligncenter\" title=\"tn__D207620\" src=\"https:\/\/www.oseba.ch\/wordpress\/wp-content\/uploads\/2011\/05\/tn__D207620-300x200.jpg\" alt=\"\" width=\"300\" height=\"200\" srcset=\"https:\/\/www.oseba.ch\/wordpress\/wp-content\/uploads\/2011\/05\/tn__D207620-300x200.jpg 300w, https:\/\/www.oseba.ch\/wordpress\/wp-content\/uploads\/2011\/05\/tn__D207620.jpg 1024w\" sizes=\"(max-width: 300px) 100vw, 300px\" \/><\/a><strong><span style=\"text-decoration: underline;\">Entretien avec la police<\/span><\/strong><\/p>\n<p>Ensuite, c\u2019est l\u2019\u00e9v\u00e9nement police. Nous arrivons au fond d\u2019une vall\u00e9e et trouvons un bout de pr\u00e9 pour nos \u00e2nes, mais comme il n\u2019y a pas grand monde autour, nous ne demandons \u00e0 personne. Grave erreur, car 2h apr\u00e8s notre arriv\u00e9e, une voiture de police s\u2019arr\u00eate juste apr\u00e8s le camping car. Sonia sort pour demander des conseils sur la route du lendemain et les entend parler d\u2019\u00e2ne. En fait, ils parlent des n\u00f4tres. Sonia explique la situation et c\u2019est OK pour une nuit. Il prend quand m\u00eame notre identit\u00e9. Nous saurons pour la suite qu\u2019il faut demander \u00e0 la mairie selon le lieu o\u00f9 l\u2019on veut camper.<\/p>\n<p><a href=\"https:\/\/www.oseba.ch\/wordpress\/wp-content\/uploads\/2011\/05\/tn_DSC_0520.jpg\"><img loading=\"lazy\" decoding=\"async\" class=\"aligncenter size-medium wp-image-241\" title=\"tn_DSC_0520\" src=\"https:\/\/www.oseba.ch\/wordpress\/wp-content\/uploads\/2011\/05\/tn_DSC_0520-300x200.jpg\" alt=\"\" width=\"300\" height=\"200\" srcset=\"https:\/\/www.oseba.ch\/wordpress\/wp-content\/uploads\/2011\/05\/tn_DSC_0520-300x200.jpg 300w, https:\/\/www.oseba.ch\/wordpress\/wp-content\/uploads\/2011\/05\/tn_DSC_0520.jpg 1024w\" sizes=\"(max-width: 300px) 100vw, 300px\" \/><\/a><\/p>\n","protected":false},"excerpt":{"rendered":"<p>Avant et apr\u00e8s Gen\u00e8ve,\u00a0des jeunes filles nous accompagnent\u00a0: Jane avant P\u00e2ques, Laurianne durant le week-end, puis Caroline durant 2 jours. Elles apportent un nouveau souffle dans la compagnie et les jeux avec Eliot. Il en parle encore aujourd\u2019hui. Le mardi apr\u00e8s P\u00e2ques (26 avril), nous improvisons et provoquons un souper grillade avec cousin et oncle\u00a0: [&hellip;]<\/p>\n","protected":false},"author":2,"featured_media":0,"comment_status":"open","ping_status":"open","sticky":false,"template":"","format":"standard","meta":{"footnotes":""},"categories":[13],"tags":[],"class_list":["post-207","post","type-post","status-publish","format-standard","hentry","category-voyage-en-france"],"_links":{"self":[{"href":"https:\/\/www.oseba.ch\/wordpress\/wp-json\/wp\/v2\/posts\/207"}],"collection":[{"href":"https:\/\/www.oseba.ch\/wordpress\/wp-json\/wp\/v2\/posts"}],"about":[{"href":"https:\/\/www.oseba.ch\/wordpress\/wp-json\/wp\/v2\/types\/post"}],"author":[{"embeddable":true,"href":"https:\/\/www.oseba.ch\/wordpress\/wp-json\/wp\/v2\/users\/2"}],"replies":[{"embeddable":true,"href":"https:\/\/www.oseba.ch\/wordpress\/wp-json\/wp\/v2\/comments?post=207"}],"version-history":[{"count":11,"href":"https:\/\/www.oseba.ch\/wordpress\/wp-json\/wp\/v2\/posts\/207\/revisions"}],"predecessor-version":[{"id":737,"href":"https:\/\/www.oseba.ch\/wordpress\/wp-json\/wp\/v2\/posts\/207\/revisions\/737"}],"wp:attachment":[{"href":"https:\/\/www.oseba.ch\/wordpress\/wp-json\/wp\/v2\/media?parent=207"}],"wp:term":[{"taxonomy":"category","embeddable":true,"href":"https:\/\/www.oseba.ch\/wordpress\/wp-json\/wp\/v2\/categories?post=207"},{"taxonomy":"post_tag","embeddable":true,"href":"https:\/\/www.oseba.ch\/wordpress\/wp-json\/wp\/v2\/tags?post=207"}],"curies":[{"name":"wp","href":"https:\/\/api.w.org\/{rel}","templated":true}]}}