{"id":209,"date":"2011-05-12T14:37:21","date_gmt":"2011-05-12T12:37:21","guid":{"rendered":"http:\/\/www.oseba.ch\/wordpress\/?p=209"},"modified":"2011-10-16T16:38:23","modified_gmt":"2011-10-16T14:38:23","slug":"la-montagne-racontee-par-les-anes","status":"publish","type":"post","link":"https:\/\/www.oseba.ch\/wordpress\/mot-ane\/la-montagne-racontee-par-les-anes","title":{"rendered":"La montagne racont\u00e9e par les \u00e2nes"},"content":{"rendered":"<p><a href=\"https:\/\/www.oseba.ch\/wordpress\/wp-content\/uploads\/2011\/05\/tn_DSC_0621.jpg\"><img loading=\"lazy\" decoding=\"async\" class=\"alignleft size-medium wp-image-224\" title=\"tn_DSC_0621\" src=\"https:\/\/www.oseba.ch\/wordpress\/wp-content\/uploads\/2011\/05\/tn_DSC_0621-300x200.jpg\" alt=\"\" width=\"180\" height=\"120\" srcset=\"https:\/\/www.oseba.ch\/wordpress\/wp-content\/uploads\/2011\/05\/tn_DSC_0621-300x200.jpg 300w, https:\/\/www.oseba.ch\/wordpress\/wp-content\/uploads\/2011\/05\/tn_DSC_0621.jpg 1024w\" sizes=\"(max-width: 180px) 100vw, 180px\" \/><\/a>Basil\u00a0: \u00ab\u00a0Ce matin, nos ma\u00eetres ont d\u00e9cid\u00e9 de monter au col des Nantes. Quelle mont\u00e9e mes \u00e2nons, m\u00eame un bourriquot peu charg\u00e9 comme cette fois a de la peine \u00e0 monter. Et c\u2019est pas le tout, mais une fois en haut, on a \u00e0 peine le temps de brouter quelques touffes d\u2019herbes sous le vent bienvenu que nos humains veulent redescendre.<\/p>\n<p><a href=\"https:\/\/www.oseba.ch\/wordpress\/wp-content\/uploads\/2011\/05\/tn_DSC_0534.jpg\"><img loading=\"lazy\" decoding=\"async\" class=\"alignright size-medium wp-image-229\" title=\"tn_DSC_0534\" src=\"https:\/\/www.oseba.ch\/wordpress\/wp-content\/uploads\/2011\/05\/tn_DSC_0534-300x200.jpg\" alt=\"\" width=\"300\" height=\"200\" srcset=\"https:\/\/www.oseba.ch\/wordpress\/wp-content\/uploads\/2011\/05\/tn_DSC_0534-300x200.jpg 300w, https:\/\/www.oseba.ch\/wordpress\/wp-content\/uploads\/2011\/05\/tn_DSC_0534.jpg 1024w\" sizes=\"(max-width: 300px) 100vw, 300px\" \/><\/a>Bon, \u00e7a va, le petit marche un peu, j\u2019ai moins de poids et on va moins vite. Apr\u00e8s la pause, mes a\u00efeux, ils nous prennent pour des chamois. Le probl\u00e8me, c\u2019est nos fameuses sacoches qui nous rendent larges comme un \u00e9l\u00e9phant. Le foss\u00e9 est bien raide. Notre bon ma\u00eetre nous aide et s\u2019en va sur le chemin avec nos sacoches, puis il vient nous chercher l\u2019un apr\u00e8s l\u2019autre. Notre guide a peur pour nous, c\u2019est normal, il y a un esp\u00e8ce de c\u00e2ble pour les humains. Mais nous n\u2019avons pas peur de quelques pierriers et d\u2019un foss\u00e9, Nous n\u2019avons pas le vertige, nous les \u00e2nes ! Vous auriez d\u00fb voir l\u2019expression de notre ma\u00eetresse quand elle a vu o\u00f9 on \u00e9tait pass\u00e9\u00a0: de la stupeur et de l\u2019\u00e9tonnement. Et oui, on passe partout, il ne faut pas nous sous estimer. Mais je crois que mon ma\u00eetre a eu un peu peur lui aussi, mais il ne le montre pas.\u00a0\u00bb<\/p>\n<p><a href=\"https:\/\/www.oseba.ch\/wordpress\/wp-content\/uploads\/2011\/05\/tn_DSC_0619.jpg\"><img loading=\"lazy\" decoding=\"async\" class=\"size-medium wp-image-225 alignleft\" title=\"tn_DSC_0619\" src=\"https:\/\/www.oseba.ch\/wordpress\/wp-content\/uploads\/2011\/05\/tn_DSC_0619-200x300.jpg\" alt=\"\" width=\"120\" height=\"180\" srcset=\"https:\/\/www.oseba.ch\/wordpress\/wp-content\/uploads\/2011\/05\/tn_DSC_0619-200x300.jpg 200w, https:\/\/www.oseba.ch\/wordpress\/wp-content\/uploads\/2011\/05\/tn_DSC_0619.jpg 514w\" sizes=\"(max-width: 120px) 100vw, 120px\" \/><\/a>Apollon\u00a0: \u00ab\u00a0Et voici que le lendemain, nos chers humains remettent \u00e7a. Cette fois, c\u2019est une grande for\u00eat. Mon \u00e2ni\u00e8re pr\u00e9f\u00e9r\u00e9e m\u2019attache \u00e0 une racine, son m\u00e2le enl\u00e8ve les sacs \u00e0 Basil et ils partent tous en me laissant tout seul. Je ne suis pas d\u2019accord et tire sur ma longe. Une fois, j\u2019ai vu Basil tir\u00e9 tellement qu\u2019il a r\u00e9ussi \u00e0 casser sa longe. Elle finit par l\u00e2cher, la racine, pas la longe et je vais les rejoindre. Ces humains ne sont pas si b\u00eates de m\u2019avoir attach\u00e9\u00a0: il y a un arbre qui me barre le chemin et me pousse dans le ravin. Je glisse en essayant d\u2019\u00e9viter les arbres, tant et si bien que je perds mes sacoches dans la glissade. Mon b\u00e2t se d\u00e9s\u00e9quilibre et se retrouve sont mes entrailles. Je ne vois plus le chemin, ni mes comparses. Je suis coinc\u00e9 contre un arbre et j\u2019attends longtemps avant que mon ma\u00eetre daigne venir me chercher. Je les entends qui m\u2019appelle et je leur r\u00e9ponds plusieurs fois. M\u2019entendent-ils\u00a0?\u00a0\u00bb<\/p>\n<p><a href=\"https:\/\/www.oseba.ch\/wordpress\/wp-content\/uploads\/2011\/05\/tn_DSC_0405.jpg\"><img loading=\"lazy\" decoding=\"async\" class=\"size-medium wp-image-227 alignright\" title=\"tn_DSC_0405\" src=\"https:\/\/www.oseba.ch\/wordpress\/wp-content\/uploads\/2011\/05\/tn_DSC_0405-300x200.jpg\" alt=\"\" width=\"240\" height=\"160\" srcset=\"https:\/\/www.oseba.ch\/wordpress\/wp-content\/uploads\/2011\/05\/tn_DSC_0405-300x200.jpg 300w, https:\/\/www.oseba.ch\/wordpress\/wp-content\/uploads\/2011\/05\/tn_DSC_0405.jpg 1024w\" sizes=\"(max-width: 240px) 100vw, 240px\" \/><\/a>Basil\u00a0: \u00ab\u00a0 Les humains ont l\u2019air horrifi\u00e9s. Ils ne savent pas o\u00f9 est mon copain. Et je ne le vois plus. Que font-ils\u00a0? Nous partons sans lui\u00a0! Je r\u00e9siste un peu, et puis je c\u00e8de. En plus, je les entends t\u00e9l\u00e9phoner \u00e0 l\u2019aide, je crois qu\u2019ils parlent des grands-parents du p\u2019tiou. On marche un bon moment, puis le chemin revient en lacet sur le contrebas o\u00f9 on a perdu Apollon. Et l\u00e0, je l\u2019entends qui m\u2019appelle et je lui r\u00e9pond, il est vivant\u00a0! Olivier part \u00e0 sa recherche. Je suis un peu nerveux, Sonia me calme, mais je sens qu\u2019elle est nerveuse aussi et inqui\u00e8te. Le petit gars parle des sacoches qui ont d\u00fb tomber et glisser jusque dans le Lac d\u2019Annecy. Il a beaucoup d\u2019imagination ce petit bonhomme. Apr\u00e8s un bon moment d\u2019attente (c\u2019est toujours long d\u2019attendre, surtout quand on est attach\u00e9 serr\u00e9 avec presque rien pour brouter), j\u2019entends Apollon braire au loin, et les voil\u00e0 qui arrive, entier. C\u2019est la f\u00eate. Peu apr\u00e8s, arrivent les a\u00efeux. La grand-m\u00e8re prend le gamin par la main et ils descendent le chemin. Le grand-p\u00e8re, mon bon ma\u00eetre et la fillotte nous prennent et on remontent tous\u00a0le chemin. Ils nous laissent au bord du sentier et continuent seuls.\u00a0\u00bb<\/p>\n<p><a href=\"https:\/\/www.oseba.ch\/wordpress\/wp-content\/uploads\/2011\/05\/tn__D207641.jpg\"><img loading=\"lazy\" decoding=\"async\" class=\"aligncenter size-medium wp-image-230\" title=\"tn__D207641\" src=\"https:\/\/www.oseba.ch\/wordpress\/wp-content\/uploads\/2011\/05\/tn__D207641-300x200.jpg\" alt=\"\" width=\"300\" height=\"200\" srcset=\"https:\/\/www.oseba.ch\/wordpress\/wp-content\/uploads\/2011\/05\/tn__D207641-300x200.jpg 300w, https:\/\/www.oseba.ch\/wordpress\/wp-content\/uploads\/2011\/05\/tn__D207641.jpg 1024w\" sizes=\"(max-width: 300px) 100vw, 300px\" \/><\/a><\/p>\n<p>Olivier, pas l&rsquo;\u00e2ne, le mari\u00a0: \u00ab\u00a0 Voil\u00e0, c\u2019est l\u00e0 qu\u2019est tomb\u00e9 Apollon, quelle folie, c\u2019est hyper raide. Les sacoches doivent \u00eatre juste un peu plus bas. On va descendre par le pierrier juste \u00e0 c\u00f4t\u00e9 pour aller les chercher. Martial, \u00e7a va aller\u00a0? Mais non, Sonia ne t\u2019inqui\u00e8te pas, reste en haut pour nous guider, c\u2019est une promenade de sant\u00e9. Tu vois la premi\u00e8re sacoche Martial\u00a0? Ok, on va les remonter \u00e0 la main. Ho hisse\u00a0! Super. Maintenant, on va les porter ensemble jusqu\u2019aux \u00e2nes. OK, on va rejoindre Giselle et Eliot qui doivent \u00eatre au camping car\u00a0\u00bb<\/p>\n","protected":false},"excerpt":{"rendered":"<p>Basil\u00a0: \u00ab\u00a0Ce matin, nos ma\u00eetres ont d\u00e9cid\u00e9 de monter au col des Nantes. Quelle mont\u00e9e mes \u00e2nons, m\u00eame un bourriquot peu charg\u00e9 comme cette fois a de la peine \u00e0 monter. Et c\u2019est pas le tout, mais une fois en haut, on a \u00e0 peine le temps de brouter quelques touffes d\u2019herbes sous le vent [&hellip;]<\/p>\n","protected":false},"author":2,"featured_media":0,"comment_status":"open","ping_status":"open","sticky":false,"template":"","format":"standard","meta":{"footnotes":""},"categories":[11],"tags":[],"class_list":["post-209","post","type-post","status-publish","format-standard","hentry","category-mot-ane"],"_links":{"self":[{"href":"https:\/\/www.oseba.ch\/wordpress\/wp-json\/wp\/v2\/posts\/209"}],"collection":[{"href":"https:\/\/www.oseba.ch\/wordpress\/wp-json\/wp\/v2\/posts"}],"about":[{"href":"https:\/\/www.oseba.ch\/wordpress\/wp-json\/wp\/v2\/types\/post"}],"author":[{"embeddable":true,"href":"https:\/\/www.oseba.ch\/wordpress\/wp-json\/wp\/v2\/users\/2"}],"replies":[{"embeddable":true,"href":"https:\/\/www.oseba.ch\/wordpress\/wp-json\/wp\/v2\/comments?post=209"}],"version-history":[{"count":11,"href":"https:\/\/www.oseba.ch\/wordpress\/wp-json\/wp\/v2\/posts\/209\/revisions"}],"predecessor-version":[{"id":740,"href":"https:\/\/www.oseba.ch\/wordpress\/wp-json\/wp\/v2\/posts\/209\/revisions\/740"}],"wp:attachment":[{"href":"https:\/\/www.oseba.ch\/wordpress\/wp-json\/wp\/v2\/media?parent=209"}],"wp:term":[{"taxonomy":"category","embeddable":true,"href":"https:\/\/www.oseba.ch\/wordpress\/wp-json\/wp\/v2\/categories?post=209"},{"taxonomy":"post_tag","embeddable":true,"href":"https:\/\/www.oseba.ch\/wordpress\/wp-json\/wp\/v2\/tags?post=209"}],"curies":[{"name":"wp","href":"https:\/\/api.w.org\/{rel}","templated":true}]}}