{"id":247,"date":"2011-05-14T17:38:32","date_gmt":"2011-05-14T15:38:32","guid":{"rendered":"http:\/\/www.oseba.ch\/wordpress\/?p=247"},"modified":"2011-10-16T16:34:02","modified_gmt":"2011-10-16T14:34:02","slug":"le-massif-des-bauges","status":"publish","type":"post","link":"https:\/\/www.oseba.ch\/wordpress\/voyage-en-france\/le-massif-des-bauges","title":{"rendered":"Le massif des Bauges"},"content":{"rendered":"<p><strong><span style=\"text-decoration: underline;\">Le parc naturel des Bauges<\/span><\/strong><\/p>\n<p>Apr\u00e8s les p\u00e9rip\u00e9ties en montagne de nos \u00e2nes, une journ\u00e9e de repos (6 mai 2011)\u00a0au camping de La Thuile avec piscine et belle place de jeu permet de faire le point. Pour la suite de notre escapade dans les Bauges, Olivier revoit le parcours. Nous allons \u00e9viter les cols \u00e0 gros d\u00e9nivel\u00e9s et les sentiers de montagne pour le moment. Nous choisissons de longer les vall\u00e9es, quitte \u00e0 faire un d\u00e9tour pour \u00eatre plus tranquille.<\/p>\n<p><a href=\"https:\/\/www.oseba.ch\/wordpress\/wp-content\/uploads\/2011\/05\/tn_DSC_0561.jpg\"><img loading=\"lazy\" decoding=\"async\" class=\"aligncenter size-medium wp-image-248\" title=\"tn_DSC_0561\" src=\"https:\/\/www.oseba.ch\/wordpress\/wp-content\/uploads\/2011\/05\/tn_DSC_0561-300x200.jpg\" alt=\"\" width=\"300\" height=\"200\" srcset=\"https:\/\/www.oseba.ch\/wordpress\/wp-content\/uploads\/2011\/05\/tn_DSC_0561-300x200.jpg 300w, https:\/\/www.oseba.ch\/wordpress\/wp-content\/uploads\/2011\/05\/tn_DSC_0561.jpg 1024w\" sizes=\"(max-width: 300px) 100vw, 300px\" \/><\/a><\/p>\n<p>Les jours suivants se d\u00e9roulent assez tranquillement et chaudement. La m\u00e9t\u00e9o est estivale. A St Jorioz, nous prenons la vall\u00e9e au sud du Semnoz et montons doucement vers les Bauges. Le dimanche de la f\u00eate des m\u00e8res, Sonia a droit (et les autres aussi) \u00e0 un repas au restaurant pour le midi. \u00c7a tombe bien, le sac de pique-nique est un peu vide. Le soir, nous dormons dans un camping ferm\u00e9, comme dit Eliot. Les Framboisiers, c\u2019est son nom, n\u2019ouvre que mi-juin, mais la patronne a accept\u00e9 de nous laisser un bout de terrain. Une vue grandiose depuis la tente nous invite \u00e0 la r\u00eaverie.<\/p>\n<p><a href=\"https:\/\/www.oseba.ch\/wordpress\/wp-content\/uploads\/2011\/05\/tn_DSC_0573.jpg\"><img loading=\"lazy\" decoding=\"async\" class=\"aligncenter size-medium wp-image-250\" title=\"tn_DSC_0573\" src=\"https:\/\/www.oseba.ch\/wordpress\/wp-content\/uploads\/2011\/05\/tn_DSC_0573-300x200.jpg\" alt=\"\" width=\"300\" height=\"200\" srcset=\"https:\/\/www.oseba.ch\/wordpress\/wp-content\/uploads\/2011\/05\/tn_DSC_0573-300x200.jpg 300w, https:\/\/www.oseba.ch\/wordpress\/wp-content\/uploads\/2011\/05\/tn_DSC_0573.jpg 1024w\" sizes=\"(max-width: 300px) 100vw, 300px\" \/><\/a><\/p>\n<p>Encore 2 jours de marche avant d\u2019arriver au Montcel, 2 jours de soleil, dans une nature magnifique, \u00e0 travers des villages joliment r\u00e9nov\u00e9s dans le style de la montagne et souvent en bois. Les champs sont hauts et fleuris d\u2019une riche vari\u00e9t\u00e9 de couleur. C\u2019est un r\u00e9gal. Juste \u00e0 nouveau un passage d\u00e9licat avec les \u00e2nes, auxquels il faut enlever les sacoches. Le passage \u00e9troit pass\u00e9, c\u2019est Basil qui nous fait une \u00e2nerie\u00a0: il n\u2019est pas tenu (et n\u2019a bien s\u00fbr pas Eliot sur son dos) et d\u00e9cide de revenir un bout en arri\u00e8re. Il panique un peu en nous voyant de l\u2019autre c\u00f4t\u00e9 d\u2019un sentier. Il d\u00e9cide de prendre le raccourci, qui passe par le ravin d\u2019une vingtaine de m\u00e8tres pour s\u2019enliser dans le bout de rivi\u00e8re en contre bas. Olivier attache Apollon et file l\u2019aider. Mais en enlevant les sacoches et le b\u00e2t \u00e0 Basil, ce dernier\u00a0arrive \u00e0 sortir du lit de la rivi\u00e8re.<\/p>\n<p><a href=\"https:\/\/www.oseba.ch\/wordpress\/wp-content\/uploads\/2011\/05\/tn_DSC_0583.jpg\"><img loading=\"lazy\" decoding=\"async\" class=\"aligncenter size-medium wp-image-251\" title=\"tn_DSC_0583\" src=\"https:\/\/www.oseba.ch\/wordpress\/wp-content\/uploads\/2011\/05\/tn_DSC_0583-300x200.jpg\" alt=\"\" width=\"300\" height=\"200\" srcset=\"https:\/\/www.oseba.ch\/wordpress\/wp-content\/uploads\/2011\/05\/tn_DSC_0583-300x200.jpg 300w, https:\/\/www.oseba.ch\/wordpress\/wp-content\/uploads\/2011\/05\/tn_DSC_0583.jpg 1024w\" sizes=\"(max-width: 300px) 100vw, 300px\" \/><\/a><\/p>\n<p>A All\u00e8ves, nous cherchons d\u00e8s les premi\u00e8res maisons un endroit pour notre tente et nos \u00e2nes. Nous apercevons une magnifique place de jeu, avec robinet et table de pique-nique. Apr\u00e8s renseignement au village, nous nous installons et plantons la tente ici, sur la place de jeu. Eliot est aux anges, m\u00eame s&rsquo;il jouera plus longement avec les gallets qu&rsquo;avec les jeux.<\/p>\n<p><a href=\"https:\/\/www.oseba.ch\/wordpress\/wp-content\/uploads\/2011\/05\/tn_DSC_05961.jpg\"><img loading=\"lazy\" decoding=\"async\" class=\"aligncenter size-medium wp-image-304\" title=\"tn_DSC_0596\" src=\"https:\/\/www.oseba.ch\/wordpress\/wp-content\/uploads\/2011\/05\/tn_DSC_05961-300x200.jpg\" alt=\"\" width=\"300\" height=\"200\" srcset=\"https:\/\/www.oseba.ch\/wordpress\/wp-content\/uploads\/2011\/05\/tn_DSC_05961-300x200.jpg 300w, https:\/\/www.oseba.ch\/wordpress\/wp-content\/uploads\/2011\/05\/tn_DSC_05961.jpg 1024w\" sizes=\"(max-width: 300px) 100vw, 300px\" \/><\/a><\/p>\n<p>Arriv\u00e9s le 10 mai chez nos amis Chantal et Philippe, nous y resterons\u00a0plusieurs jours. Le temps de se prendre des vacances, de retrouver nos amis, de faire quelques achats, de soigner le petit orteil de Sonia qui a \u00e9t\u00e9 cloqu\u00e9 de toute part et compeed\u00e9 en entier, de faire une visite chez le rebouteux pour le dos d\u2019Olivier. Le temps aussi de faire un brin de bucheronnage pour Olivier, d\u2019\u00e9crire sur le blog pour Sonia, de jouer \u00e0 toutes sortes de nouveaux jouets pour Eliot, de profiter un peu de se poser quelques parts. Pour les \u00e2nes, c\u2019est l\u2019occasion d\u2019une visite du mar\u00e9chal ferrant pour r\u00e9\u00e9quilibrer les sabots, surtout chez Basil.<\/p>\n<p>Nous repartons le vendredi 20 mai, vers Chambery, puis le massif de la Grande-Chartreuse\u2026 en \u00e9tudiant bien notre itin\u00e9raire.<\/p>\n","protected":false},"excerpt":{"rendered":"<p>Le parc naturel des Bauges Apr\u00e8s les p\u00e9rip\u00e9ties en montagne de nos \u00e2nes, une journ\u00e9e de repos (6 mai 2011)\u00a0au camping de La Thuile avec piscine et belle place de jeu permet de faire le point. Pour la suite de notre escapade dans les Bauges, Olivier revoit le parcours. Nous allons \u00e9viter les cols \u00e0 [&hellip;]<\/p>\n","protected":false},"author":2,"featured_media":249,"comment_status":"open","ping_status":"open","sticky":false,"template":"","format":"standard","meta":{"footnotes":""},"categories":[13],"tags":[],"class_list":["post-247","post","type-post","status-publish","format-standard","has-post-thumbnail","hentry","category-voyage-en-france"],"_links":{"self":[{"href":"https:\/\/www.oseba.ch\/wordpress\/wp-json\/wp\/v2\/posts\/247"}],"collection":[{"href":"https:\/\/www.oseba.ch\/wordpress\/wp-json\/wp\/v2\/posts"}],"about":[{"href":"https:\/\/www.oseba.ch\/wordpress\/wp-json\/wp\/v2\/types\/post"}],"author":[{"embeddable":true,"href":"https:\/\/www.oseba.ch\/wordpress\/wp-json\/wp\/v2\/users\/2"}],"replies":[{"embeddable":true,"href":"https:\/\/www.oseba.ch\/wordpress\/wp-json\/wp\/v2\/comments?post=247"}],"version-history":[{"count":8,"href":"https:\/\/www.oseba.ch\/wordpress\/wp-json\/wp\/v2\/posts\/247\/revisions"}],"predecessor-version":[{"id":736,"href":"https:\/\/www.oseba.ch\/wordpress\/wp-json\/wp\/v2\/posts\/247\/revisions\/736"}],"wp:featuredmedia":[{"embeddable":true,"href":"https:\/\/www.oseba.ch\/wordpress\/wp-json\/wp\/v2\/media\/249"}],"wp:attachment":[{"href":"https:\/\/www.oseba.ch\/wordpress\/wp-json\/wp\/v2\/media?parent=247"}],"wp:term":[{"taxonomy":"category","embeddable":true,"href":"https:\/\/www.oseba.ch\/wordpress\/wp-json\/wp\/v2\/categories?post=247"},{"taxonomy":"post_tag","embeddable":true,"href":"https:\/\/www.oseba.ch\/wordpress\/wp-json\/wp\/v2\/tags?post=247"}],"curies":[{"name":"wp","href":"https:\/\/api.w.org\/{rel}","templated":true}]}}