{"id":360,"date":"2011-06-05T17:18:04","date_gmt":"2011-06-05T15:18:04","guid":{"rendered":"http:\/\/www.oseba.ch\/wordpress\/?p=360"},"modified":"2011-06-05T17:18:04","modified_gmt":"2011-06-05T15:18:04","slug":"les-mots-deliot","status":"publish","type":"post","link":"https:\/\/www.oseba.ch\/wordpress\/mots-enfant\/les-mots-deliot","title":{"rendered":"Les mots d&rsquo;Eliot"},"content":{"rendered":"<p><a href=\"https:\/\/www.oseba.ch\/wordpress\/wp-content\/uploads\/2011\/06\/tn_DSC_1018.jpg\"><\/a>Je pars en voyage. On dort des fois sous tente et des fois, on dort chez des gens.<\/p>\n<p><a href=\"https:\/\/www.oseba.ch\/wordpress\/wp-content\/uploads\/2011\/06\/tn_DSC_1024.jpg\"><img loading=\"lazy\" decoding=\"async\" class=\"aligncenter size-medium wp-image-361\" title=\"tn_DSC_1024\" src=\"https:\/\/www.oseba.ch\/wordpress\/wp-content\/uploads\/2011\/06\/tn_DSC_1024-300x200.jpg\" alt=\"\" width=\"300\" height=\"200\" srcset=\"https:\/\/www.oseba.ch\/wordpress\/wp-content\/uploads\/2011\/06\/tn_DSC_1024-300x200.jpg 300w, https:\/\/www.oseba.ch\/wordpress\/wp-content\/uploads\/2011\/06\/tn_DSC_1024.jpg 1024w\" sizes=\"(max-width: 300px) 100vw, 300px\" \/><\/a><\/p>\n<p>Au d\u00e9but, je vais sur Basil, mais maintenant, j\u2019ai envie de marcher, tout seul, avec mon super b\u00e2ton. L\u2019autre jour, j\u2019ai cueilli des fleurs pour maman. Elle les mets sur nos b\u00e2tons et \u00e7a faisait des b\u00e2tons bouquet de fleurs. C\u2019\u00e9tait joli. Quand on a mont\u00e9 au camping en haut de la for\u00eat, j\u2019ai grimp\u00e9 sur les racines des arbres. M\u00eame que les \u00e2nes ont un peu gliss\u00e9, je suis mont\u00e9 tout seul.\u00a0J\u2019essaie de trouver les traces de Basil ou Apollon sur la terre.<\/p>\n<p><a href=\"https:\/\/www.oseba.ch\/wordpress\/wp-content\/uploads\/2011\/06\/tn_DSC_1018.jpg\"><img loading=\"lazy\" decoding=\"async\" class=\"aligncenter\" title=\"tn_DSC_1018\" src=\"https:\/\/www.oseba.ch\/wordpress\/wp-content\/uploads\/2011\/06\/tn_DSC_1018-300x200.jpg\" alt=\"\" width=\"300\" height=\"200\" \/><\/a><\/p>\n<p>Une fois, on a travers\u00e9 un champ o\u00f9 il y avait des vaches avec des veaux et le taureau. Maman a dit qu\u2019il fallait aller vite. Papa a dit que s\u2019ils venaient vers nous, maman et moi on devait passer sous le fil et aller dans l\u2019autre champ. Moi, j\u2019ai eu un peu peur et j\u2019ai march\u00e9 tr\u00e8s vite.<\/p>\n<p><a href=\"https:\/\/www.oseba.ch\/wordpress\/wp-content\/uploads\/2011\/06\/tn_DSC_0649.jpg\"><img loading=\"lazy\" decoding=\"async\" class=\"aligncenter size-medium wp-image-363\" title=\"tn_DSC_0649\" src=\"https:\/\/www.oseba.ch\/wordpress\/wp-content\/uploads\/2011\/06\/tn_DSC_0649-300x200.jpg\" alt=\"\" width=\"300\" height=\"200\" srcset=\"https:\/\/www.oseba.ch\/wordpress\/wp-content\/uploads\/2011\/06\/tn_DSC_0649-300x200.jpg 300w, https:\/\/www.oseba.ch\/wordpress\/wp-content\/uploads\/2011\/06\/tn_DSC_0649.jpg 1024w\" sizes=\"(max-width: 300px) 100vw, 300px\" \/><\/a><\/p>\n<p>Je vois pleins de places de jeux. Un fois, j\u2019ai eu 3 en une journ\u00e9e. C\u2019\u00e9tait beaucoup, presque comme \u00e0 Villeneuve. A St Hilaire, il y a beaucoup d\u2019enfants, et moi j\u2019aime quand il y a beaucoup de monde \u00e0 la place de jeu.<\/p>\n<p>Papa et maman raconte notre voyage aux gens. Alors moi je veux aussi expliquer et je dis qu\u2019on va au Vercors, qu\u2019on a une ann\u00e9e devant nous.<\/p>\n<p>J\u2019aide beaucoup papa et maman. Je monte les barres et donne les sardines \u00e0 papa pour monter la tente. J\u2019aide maman \u00e0 faire la lessive.<\/p>\n<p><a href=\"https:\/\/www.oseba.ch\/wordpress\/wp-content\/uploads\/2011\/06\/tn_DSC_1063.jpg\"><img loading=\"lazy\" decoding=\"async\" class=\"aligncenter size-medium wp-image-364\" title=\"tn_DSC_1063\" src=\"https:\/\/www.oseba.ch\/wordpress\/wp-content\/uploads\/2011\/06\/tn_DSC_1063-300x200.jpg\" alt=\"\" width=\"300\" height=\"200\" srcset=\"https:\/\/www.oseba.ch\/wordpress\/wp-content\/uploads\/2011\/06\/tn_DSC_1063-300x200.jpg 300w, https:\/\/www.oseba.ch\/wordpress\/wp-content\/uploads\/2011\/06\/tn_DSC_1063.jpg 1024w\" sizes=\"(max-width: 300px) 100vw, 300px\" \/><\/a><\/p>\n<p>Quand on a vu grand-maman et grand-papa, j\u2019ai \u00e9t\u00e9 avec eux dans le camping car pour aller aux places de jeux. Et m\u00eame qu\u2019on a vu la neige. J\u2019ai fait un bonhomme de neige avec grand-maman. Je me suis roul\u00e9 dans la neige.<\/p>\n<p><a href=\"https:\/\/www.oseba.ch\/wordpress\/wp-content\/uploads\/2011\/06\/tn_DSC_1109.jpg\"><img loading=\"lazy\" decoding=\"async\" class=\"aligncenter size-medium wp-image-366\" title=\"tn_DSC_1109\" src=\"https:\/\/www.oseba.ch\/wordpress\/wp-content\/uploads\/2011\/06\/tn_DSC_1109-300x200.jpg\" alt=\"\" width=\"300\" height=\"200\" srcset=\"https:\/\/www.oseba.ch\/wordpress\/wp-content\/uploads\/2011\/06\/tn_DSC_1109-300x200.jpg 300w, https:\/\/www.oseba.ch\/wordpress\/wp-content\/uploads\/2011\/06\/tn_DSC_1109.jpg 1024w\" sizes=\"(max-width: 300px) 100vw, 300px\" \/><\/a><\/p>\n<p>Ici, on a descendu en funiculaire. C&rsquo;\u00e9tait trop chouette. J&rsquo;ai vu plein de delta plane et de parapente. C&rsquo;\u00e9tait impressionnant.<\/p>\n<p><a href=\"https:\/\/www.oseba.ch\/wordpress\/wp-content\/uploads\/2011\/06\/tn_DSC_1156.jpg\"><img loading=\"lazy\" decoding=\"async\" class=\"aligncenter size-medium wp-image-365\" title=\"tn_DSC_1156\" src=\"https:\/\/www.oseba.ch\/wordpress\/wp-content\/uploads\/2011\/06\/tn_DSC_1156-300x200.jpg\" alt=\"\" width=\"300\" height=\"200\" srcset=\"https:\/\/www.oseba.ch\/wordpress\/wp-content\/uploads\/2011\/06\/tn_DSC_1156-300x200.jpg 300w, https:\/\/www.oseba.ch\/wordpress\/wp-content\/uploads\/2011\/06\/tn_DSC_1156.jpg 1024w\" sizes=\"(max-width: 300px) 100vw, 300px\" \/><\/a><\/p>\n","protected":false},"excerpt":{"rendered":"<p>Je pars en voyage. On dort des fois sous tente et des fois, on dort chez des gens. Au d\u00e9but, je vais sur Basil, mais maintenant, j\u2019ai envie de marcher, tout seul, avec mon super b\u00e2ton. L\u2019autre jour, j\u2019ai cueilli des fleurs pour maman. Elle les mets sur nos b\u00e2tons et \u00e7a faisait des b\u00e2tons [&hellip;]<\/p>\n","protected":false},"author":2,"featured_media":0,"comment_status":"open","ping_status":"open","sticky":false,"template":"","format":"standard","meta":{"footnotes":""},"categories":[10],"tags":[],"class_list":["post-360","post","type-post","status-publish","format-standard","hentry","category-mots-enfant"],"_links":{"self":[{"href":"https:\/\/www.oseba.ch\/wordpress\/wp-json\/wp\/v2\/posts\/360"}],"collection":[{"href":"https:\/\/www.oseba.ch\/wordpress\/wp-json\/wp\/v2\/posts"}],"about":[{"href":"https:\/\/www.oseba.ch\/wordpress\/wp-json\/wp\/v2\/types\/post"}],"author":[{"embeddable":true,"href":"https:\/\/www.oseba.ch\/wordpress\/wp-json\/wp\/v2\/users\/2"}],"replies":[{"embeddable":true,"href":"https:\/\/www.oseba.ch\/wordpress\/wp-json\/wp\/v2\/comments?post=360"}],"version-history":[{"count":1,"href":"https:\/\/www.oseba.ch\/wordpress\/wp-json\/wp\/v2\/posts\/360\/revisions"}],"predecessor-version":[{"id":367,"href":"https:\/\/www.oseba.ch\/wordpress\/wp-json\/wp\/v2\/posts\/360\/revisions\/367"}],"wp:attachment":[{"href":"https:\/\/www.oseba.ch\/wordpress\/wp-json\/wp\/v2\/media?parent=360"}],"wp:term":[{"taxonomy":"category","embeddable":true,"href":"https:\/\/www.oseba.ch\/wordpress\/wp-json\/wp\/v2\/categories?post=360"},{"taxonomy":"post_tag","embeddable":true,"href":"https:\/\/www.oseba.ch\/wordpress\/wp-json\/wp\/v2\/tags?post=360"}],"curies":[{"name":"wp","href":"https:\/\/api.w.org\/{rel}","templated":true}]}}