{"id":368,"date":"2011-06-05T18:02:13","date_gmt":"2011-06-05T16:02:13","guid":{"rendered":"http:\/\/www.oseba.ch\/wordpress\/?p=368"},"modified":"2011-06-05T18:02:13","modified_gmt":"2011-06-05T16:02:13","slug":"la-chartreuse-verte-sest-blanchi","status":"publish","type":"post","link":"https:\/\/www.oseba.ch\/wordpress\/voyage-en-france\/la-chartreuse-verte-sest-blanchi","title":{"rendered":"La Chartreuse verte s&rsquo;est blanchi"},"content":{"rendered":"<p>Apr\u00e8s avoir bien profit\u00e9 de notre s\u00e9jour au Montcel, nous reprenons notre marche le vendredi 20 mai 2011 sous un grand soleil, accompagn\u00e9s par Sabine, Nicolas et Florian. Ils marchent avec nous durant 3 jours. Leurs sacs sont bien charg\u00e9s et m\u00eame trop\u00a0: avec tente, karimat, sac de couchage, pique-nique pour 3 jours, 3 parapluies\u2026 Il semble que s\u2019ils repartent marcher, ils se chargeront un peu moins\u2026<\/p>\n<p><a href=\"https:\/\/www.oseba.ch\/wordpress\/wp-content\/uploads\/2011\/06\/tn_DSC_0786.jpg\"><img loading=\"lazy\" decoding=\"async\" class=\"aligncenter size-medium wp-image-369\" title=\"tn_DSC_0786\" src=\"https:\/\/www.oseba.ch\/wordpress\/wp-content\/uploads\/2011\/06\/tn_DSC_0786-300x200.jpg\" alt=\"\" width=\"300\" height=\"200\" srcset=\"https:\/\/www.oseba.ch\/wordpress\/wp-content\/uploads\/2011\/06\/tn_DSC_0786-300x200.jpg 300w, https:\/\/www.oseba.ch\/wordpress\/wp-content\/uploads\/2011\/06\/tn_DSC_0786.jpg 1024w\" sizes=\"(max-width: 300px) 100vw, 300px\" \/><\/a><\/p>\n<p>Les chemins que nous suivons alternent entre routes et sentiers. Ils nous permettent d\u2019avancer au c\u00f4t\u00e9 de fleurs des champs d\u2019une multitude de couleurs. Sonia a un coup de c\u0153ur particulier pour les coquelicots.<\/p>\n<p><a href=\"https:\/\/www.oseba.ch\/wordpress\/wp-content\/uploads\/2011\/06\/tn_DSC_0826.jpg\"><img loading=\"lazy\" decoding=\"async\" class=\"aligncenter size-medium wp-image-370\" title=\"tn_DSC_0826\" src=\"https:\/\/www.oseba.ch\/wordpress\/wp-content\/uploads\/2011\/06\/tn_DSC_0826-300x200.jpg\" alt=\"\" width=\"300\" height=\"200\" srcset=\"https:\/\/www.oseba.ch\/wordpress\/wp-content\/uploads\/2011\/06\/tn_DSC_0826-300x200.jpg 300w, https:\/\/www.oseba.ch\/wordpress\/wp-content\/uploads\/2011\/06\/tn_DSC_0826.jpg 1024w\" sizes=\"(max-width: 300px) 100vw, 300px\" \/><\/a><\/p>\n<p>Nous \u00e9vitons la travers\u00e9e de Chamb\u00e9ry en la contournant et en passant par Challes-les-eaux et sa place de baignade.<\/p>\n<p><a href=\"https:\/\/www.oseba.ch\/wordpress\/wp-content\/uploads\/2011\/06\/tn_DSC_0874.jpg\"><img loading=\"lazy\" decoding=\"async\" class=\"aligncenter size-medium wp-image-372\" title=\"tn_DSC_0874\" src=\"https:\/\/www.oseba.ch\/wordpress\/wp-content\/uploads\/2011\/06\/tn_DSC_0874-300x200.jpg\" alt=\"\" width=\"300\" height=\"200\" srcset=\"https:\/\/www.oseba.ch\/wordpress\/wp-content\/uploads\/2011\/06\/tn_DSC_0874-300x200.jpg 300w, https:\/\/www.oseba.ch\/wordpress\/wp-content\/uploads\/2011\/06\/tn_DSC_0874.jpg 1024w\" sizes=\"(max-width: 300px) 100vw, 300px\" \/><\/a><\/p>\n<p>Depuis l\u00e0, nous apercevons le Mont Granier, \u00e9norme falaise rocheuse.<\/p>\n<p><a href=\"https:\/\/www.oseba.ch\/wordpress\/wp-content\/uploads\/2011\/06\/tn_DSC_0905.jpg\"><img loading=\"lazy\" decoding=\"async\" class=\"aligncenter size-medium wp-image-371\" title=\"tn_DSC_0905\" src=\"https:\/\/www.oseba.ch\/wordpress\/wp-content\/uploads\/2011\/06\/tn_DSC_0905-300x200.jpg\" alt=\"\" width=\"300\" height=\"200\" srcset=\"https:\/\/www.oseba.ch\/wordpress\/wp-content\/uploads\/2011\/06\/tn_DSC_0905-300x200.jpg 300w, https:\/\/www.oseba.ch\/wordpress\/wp-content\/uploads\/2011\/06\/tn_DSC_0905.jpg 1024w\" sizes=\"(max-width: 300px) 100vw, 300px\" \/><\/a><\/p>\n<p>La mont\u00e9e au col de Granier se fait en douceur, de 300 m \u00e0 1134 m, en 2 jours. De l\u00e0 haut, nous regardons toute la vall\u00e9e que nous avons travers\u00e9e. C\u2019est impressionnant de voir ce que nous avan\u00e7ons en une journ\u00e9e, m\u00eame en faisant 10 km par jour. Pas \u00e0 pas, nous progressons.<\/p>\n<p><a href=\"https:\/\/www.oseba.ch\/wordpress\/wp-content\/uploads\/2011\/06\/tn_DSC_0933-Copie.jpg\"><img loading=\"lazy\" decoding=\"async\" class=\"aligncenter size-medium wp-image-374\" title=\"tn_DSC_0933 - Copie\" src=\"https:\/\/www.oseba.ch\/wordpress\/wp-content\/uploads\/2011\/06\/tn_DSC_0933-Copie-300x200.jpg\" alt=\"\" width=\"300\" height=\"200\" srcset=\"https:\/\/www.oseba.ch\/wordpress\/wp-content\/uploads\/2011\/06\/tn_DSC_0933-Copie-300x200.jpg 300w, https:\/\/www.oseba.ch\/wordpress\/wp-content\/uploads\/2011\/06\/tn_DSC_0933-Copie.jpg 1024w\" sizes=\"(max-width: 300px) 100vw, 300px\" \/><\/a><\/p>\n<p>Pour quitter la route du col, nous prenons un sentier p\u00e9destre et une vue grandiose s\u2019offre \u00e0 nous : le massif de la Chartreuse, paysage majestueux de montagneux, des champs tout en fleur et d\u2019\u00e0 peine quelques nuages pour contraster.<\/p>\n<p><a href=\"https:\/\/www.oseba.ch\/wordpress\/wp-content\/uploads\/2011\/06\/tn_DSC_0921.jpg\"><img loading=\"lazy\" decoding=\"async\" class=\"aligncenter size-medium wp-image-373\" title=\"tn_DSC_0921\" src=\"https:\/\/www.oseba.ch\/wordpress\/wp-content\/uploads\/2011\/06\/tn_DSC_0921-300x200.jpg\" alt=\"\" width=\"300\" height=\"200\" srcset=\"https:\/\/www.oseba.ch\/wordpress\/wp-content\/uploads\/2011\/06\/tn_DSC_0921-300x200.jpg 300w, https:\/\/www.oseba.ch\/wordpress\/wp-content\/uploads\/2011\/06\/tn_DSC_0921.jpg 1024w\" sizes=\"(max-width: 300px) 100vw, 300px\" \/><\/a><\/p>\n<p>En traversant la vall\u00e9e des Entremonts, nous faisons halte \u00e0 St Pierre-d\u2019Entremont. Village particulier, car il est \u00e0 double, un c\u00f4t\u00e9 Savoie et l\u2019autre, du m\u00eame nom, c\u00f4t\u00e9 Is\u00e8re\u00a0: 2 mairies, 2 \u00e9glises, mais une poste.<\/p>\n<p><a href=\"https:\/\/www.oseba.ch\/wordpress\/wp-content\/uploads\/2011\/06\/tn_DSC_0971.jpg\"><img loading=\"lazy\" decoding=\"async\" class=\"aligncenter size-medium wp-image-375\" title=\"tn_DSC_0971\" src=\"https:\/\/www.oseba.ch\/wordpress\/wp-content\/uploads\/2011\/06\/tn_DSC_0971-300x200.jpg\" alt=\"\" width=\"300\" height=\"200\" srcset=\"https:\/\/www.oseba.ch\/wordpress\/wp-content\/uploads\/2011\/06\/tn_DSC_0971-300x200.jpg 300w, https:\/\/www.oseba.ch\/wordpress\/wp-content\/uploads\/2011\/06\/tn_DSC_0971.jpg 1024w\" sizes=\"(max-width: 300px) 100vw, 300px\" \/><\/a><\/p>\n<p>Jeudi soir 26 mai, nous vivons un terrible orage\u00a0: le tonnerre r\u00e9sonne dans les rochers tout autour de nous, c\u2019est impressionnant. Eliot dort de son premier sommeil et ne bronche pas. Le lendemain commence par la pluie, alors nous d\u00e9cidons de faire une journ\u00e9e de repos. Que voulez-vous, nous marchons depuis presque 2 mois sous le soleil, on ne va pas marcher un jour sous la pluie, alors que la m\u00e9t\u00e9o annonce du beau pour le lendemain.<\/p>\n<p><a href=\"https:\/\/www.oseba.ch\/wordpress\/wp-content\/uploads\/2011\/06\/tn_DSC_0955.jpg\"><img loading=\"lazy\" decoding=\"async\" class=\"aligncenter size-medium wp-image-376\" title=\"tn_DSC_0955\" src=\"https:\/\/www.oseba.ch\/wordpress\/wp-content\/uploads\/2011\/06\/tn_DSC_0955-300x200.jpg\" alt=\"\" width=\"300\" height=\"200\" srcset=\"https:\/\/www.oseba.ch\/wordpress\/wp-content\/uploads\/2011\/06\/tn_DSC_0955-300x200.jpg 300w, https:\/\/www.oseba.ch\/wordpress\/wp-content\/uploads\/2011\/06\/tn_DSC_0955.jpg 1024w\" sizes=\"(max-width: 300px) 100vw, 300px\" \/><\/a><\/p>\n<p>Samedi 28 mai 2011, nous passons le Col du Cucheron pour entrer dans la vall\u00e9e de la Chartreuse, r\u00e9put\u00e9 pour son monast\u00e8re perch\u00e9 \u00e0 1&rsquo;000 m\u00e8tres d\u2019altitude et pour sa liqueur. Olivier se g\u00eane beaucoup moins quand il en boit depuis qu\u2019il a appris que les P\u00e8res Chartreux participent beaucoup au d\u00e9veloppement de la r\u00e9gion avec les b\u00e9n\u00e9fices des ventes. Du coup, il trinque \u2026 aux \u00e9coles\u00a0!!<\/p>\n<p><a href=\"https:\/\/www.oseba.ch\/wordpress\/wp-content\/uploads\/2011\/06\/tn_DSC_1056.jpg\"><img loading=\"lazy\" decoding=\"async\" class=\"aligncenter size-medium wp-image-377\" title=\"tn_DSC_1056\" src=\"https:\/\/www.oseba.ch\/wordpress\/wp-content\/uploads\/2011\/06\/tn_DSC_1056-300x200.jpg\" alt=\"\" width=\"300\" height=\"200\" srcset=\"https:\/\/www.oseba.ch\/wordpress\/wp-content\/uploads\/2011\/06\/tn_DSC_1056-300x200.jpg 300w, https:\/\/www.oseba.ch\/wordpress\/wp-content\/uploads\/2011\/06\/tn_DSC_1056.jpg 1024w\" sizes=\"(max-width: 300px) 100vw, 300px\" \/><\/a><\/p>\n<p>Le Col du Coq nous r\u00e9serve une belle surprise\u00a0: au matin, nous d\u00e9couvrons 15 cm de neige fra\u00eeche, tout \u00e0 fait id\u00e9ale pour faire un bonhomme de neige. La temp\u00e9rature a bien baiss\u00e9e et nos \u00e2nes se cachent dans l\u2019abris-bus.<\/p>\n<p><a href=\"https:\/\/www.oseba.ch\/wordpress\/wp-content\/uploads\/2011\/06\/tn_DSC_1067.jpg\"><img loading=\"lazy\" decoding=\"async\" class=\"aligncenter size-medium wp-image-378\" title=\"tn_DSC_1067\" src=\"https:\/\/www.oseba.ch\/wordpress\/wp-content\/uploads\/2011\/06\/tn_DSC_1067-300x200.jpg\" alt=\"\" width=\"300\" height=\"200\" srcset=\"https:\/\/www.oseba.ch\/wordpress\/wp-content\/uploads\/2011\/06\/tn_DSC_1067-300x200.jpg 300w, https:\/\/www.oseba.ch\/wordpress\/wp-content\/uploads\/2011\/06\/tn_DSC_1067.jpg 1024w\" sizes=\"(max-width: 300px) 100vw, 300px\" \/><\/a><\/p>\n<p>Pour le long week-end de l\u2019Ascension, nous s\u00e9journons \u00e0 St Hilaire du Touvet avec Carina et famille. St\u00e9phane vient faire du parapente avec le club de la Gruy\u00e8re. Le site est r\u00e9put\u00e9 au niveau de la France, et m\u00eame de l\u2019Europe, mais la m\u00e9t\u00e9o n\u2019est pas favorable \u00e0 de grands vols. Nous trouvons des compatriotes pour nos \u00e2nes et ils s\u00e9journeront dans un enclos de l\u2019association Carav\u00e2nes. Merci \u00e0 eux pour leur accueil.<\/p>\n<p><a href=\"https:\/\/www.oseba.ch\/wordpress\/wp-content\/uploads\/2011\/06\/tn_DSC_1127.jpg\"><img loading=\"lazy\" decoding=\"async\" class=\"aligncenter size-medium wp-image-379\" title=\"tn_DSC_1127\" src=\"https:\/\/www.oseba.ch\/wordpress\/wp-content\/uploads\/2011\/06\/tn_DSC_1127-300x200.jpg\" alt=\"\" width=\"300\" height=\"200\" srcset=\"https:\/\/www.oseba.ch\/wordpress\/wp-content\/uploads\/2011\/06\/tn_DSC_1127-300x200.jpg 300w, https:\/\/www.oseba.ch\/wordpress\/wp-content\/uploads\/2011\/06\/tn_DSC_1127.jpg 1024w\" sizes=\"(max-width: 300px) 100vw, 300px\" \/><\/a><\/p>\n<p>Pour la suite, nous descendrons dans la vall\u00e9e de l\u2019Is\u00e8re pour rejoindre le Vercors.<\/p>\n","protected":false},"excerpt":{"rendered":"<p>Apr\u00e8s avoir bien profit\u00e9 de notre s\u00e9jour au Montcel, nous reprenons notre marche le vendredi 20 mai 2011 sous un grand soleil, accompagn\u00e9s par Sabine, Nicolas et Florian. Ils marchent avec nous durant 3 jours. Leurs sacs sont bien charg\u00e9s et m\u00eame trop\u00a0: avec tente, karimat, sac de couchage, pique-nique pour 3 jours, 3 parapluies\u2026 [&hellip;]<\/p>\n","protected":false},"author":2,"featured_media":380,"comment_status":"open","ping_status":"open","sticky":false,"template":"","format":"standard","meta":{"footnotes":""},"categories":[13],"tags":[],"class_list":["post-368","post","type-post","status-publish","format-standard","has-post-thumbnail","hentry","category-voyage-en-france"],"_links":{"self":[{"href":"https:\/\/www.oseba.ch\/wordpress\/wp-json\/wp\/v2\/posts\/368"}],"collection":[{"href":"https:\/\/www.oseba.ch\/wordpress\/wp-json\/wp\/v2\/posts"}],"about":[{"href":"https:\/\/www.oseba.ch\/wordpress\/wp-json\/wp\/v2\/types\/post"}],"author":[{"embeddable":true,"href":"https:\/\/www.oseba.ch\/wordpress\/wp-json\/wp\/v2\/users\/2"}],"replies":[{"embeddable":true,"href":"https:\/\/www.oseba.ch\/wordpress\/wp-json\/wp\/v2\/comments?post=368"}],"version-history":[{"count":3,"href":"https:\/\/www.oseba.ch\/wordpress\/wp-json\/wp\/v2\/posts\/368\/revisions"}],"predecessor-version":[{"id":449,"href":"https:\/\/www.oseba.ch\/wordpress\/wp-json\/wp\/v2\/posts\/368\/revisions\/449"}],"wp:featuredmedia":[{"embeddable":true,"href":"https:\/\/www.oseba.ch\/wordpress\/wp-json\/wp\/v2\/media\/380"}],"wp:attachment":[{"href":"https:\/\/www.oseba.ch\/wordpress\/wp-json\/wp\/v2\/media?parent=368"}],"wp:term":[{"taxonomy":"category","embeddable":true,"href":"https:\/\/www.oseba.ch\/wordpress\/wp-json\/wp\/v2\/categories?post=368"},{"taxonomy":"post_tag","embeddable":true,"href":"https:\/\/www.oseba.ch\/wordpress\/wp-json\/wp\/v2\/tags?post=368"}],"curies":[{"name":"wp","href":"https:\/\/api.w.org\/{rel}","templated":true}]}}