{"id":409,"date":"2011-06-24T11:06:24","date_gmt":"2011-06-24T09:06:24","guid":{"rendered":"http:\/\/www.oseba.ch\/wordpress\/?p=409"},"modified":"2011-06-24T20:34:24","modified_gmt":"2011-06-24T18:34:24","slug":"coup-de-coeur-au-vercors","status":"publish","type":"post","link":"https:\/\/www.oseba.ch\/wordpress\/voyage-en-france\/coup-de-coeur-au-vercors","title":{"rendered":"Coup de coeur au Vercors"},"content":{"rendered":"<p>Apr\u00e8s un s\u00e9jour \u00e0 St Hilaire du Touvet assez maussade, la descente par le sentier du facteur se fait par un lundi ensoleill\u00e9. Heureusement que nous avons \u00e9t\u00e9 conseill\u00e9s par un couple d\u2019\u00e2nier, Bernard et Martine, ayant fait le chemin avec leur \u00e2ne, car sinon, nous aurions fait marche arri\u00e8re. Le sentier passe dans la face de rocher et se fraie un passage assez large, sans toutefois permettre un faux pas. C\u2019est impressionnant, merveilleux et stressant \u00e0 la fois. Nous sommes contents d\u2019\u00eatre en bas pour lever la t\u00eate et voir le chemin parcouru (cf photo ci-dessous).<\/p>\n<p><a href=\"https:\/\/www.oseba.ch\/wordpress\/wp-content\/uploads\/2011\/06\/tn_DSC_1235.jpg\"><img loading=\"lazy\" decoding=\"async\" class=\"aligncenter size-medium wp-image-412\" title=\"tn_DSC_1235\" src=\"https:\/\/www.oseba.ch\/wordpress\/wp-content\/uploads\/2011\/06\/tn_DSC_1235-300x200.jpg\" alt=\"\" width=\"300\" height=\"200\" srcset=\"https:\/\/www.oseba.ch\/wordpress\/wp-content\/uploads\/2011\/06\/tn_DSC_1235-300x200.jpg 300w, https:\/\/www.oseba.ch\/wordpress\/wp-content\/uploads\/2011\/06\/tn_DSC_1235.jpg 1024w\" sizes=\"(max-width: 300px) 100vw, 300px\" \/><\/a><\/p>\n<p>Avec les quelques 800 m de descente, la temp\u00e9rature est plus cl\u00e9mente, mais la m\u00e9t\u00e9o s\u2019en donne \u00e0 c\u0153ur joie. Le soleil alterne souvent avec la pluie et les nuages. D\u2019autres bestioles nous visitent, dont les moustiques et une esp\u00e8ce de perce-oreilles qui s\u2019engouffre dans nos bagages sans y \u00eatre invit\u00e9e. Elles se faufilent partout et \u00e7a n\u2019est pas tr\u00e8s rago\u00fbtant.<\/p>\n<p><a href=\"https:\/\/www.oseba.ch\/wordpress\/wp-content\/uploads\/2011\/06\/tn_DSC_1418.jpg\"><img loading=\"lazy\" decoding=\"async\" class=\"aligncenter size-medium wp-image-417\" title=\"tn_DSC_1418\" src=\"https:\/\/www.oseba.ch\/wordpress\/wp-content\/uploads\/2011\/06\/tn_DSC_1418-300x200.jpg\" alt=\"\" width=\"300\" height=\"200\" srcset=\"https:\/\/www.oseba.ch\/wordpress\/wp-content\/uploads\/2011\/06\/tn_DSC_1418-300x200.jpg 300w, https:\/\/www.oseba.ch\/wordpress\/wp-content\/uploads\/2011\/06\/tn_DSC_1418.jpg 1024w\" sizes=\"(max-width: 300px) 100vw, 300px\" \/><\/a><\/p>\n<p>La pluie ne g\u00eane pas du tout Eliot qui se prom\u00e8ne sans souci avec sa combinaison de pluie. Cela le stimule m\u00eame \u00e0 marcher pour sauter dans les gouilles, pardon, les flaques d\u2019eau, car les Fran\u00e7ais ne connaissent pas les gouilles. Il veut de plus en plus marcher et cela nous r\u00e9jouit beaucoup. Il nous faut simplement nous organiser avec les \u00e2nes.<\/p>\n<p><a href=\"https:\/\/www.oseba.ch\/wordpress\/wp-content\/uploads\/2011\/06\/tn_DSC_1309.jpg\"><img loading=\"lazy\" decoding=\"async\" class=\"aligncenter size-medium wp-image-413\" title=\"tn_DSC_1309\" src=\"https:\/\/www.oseba.ch\/wordpress\/wp-content\/uploads\/2011\/06\/tn_DSC_1309-300x200.jpg\" alt=\"\" width=\"300\" height=\"200\" srcset=\"https:\/\/www.oseba.ch\/wordpress\/wp-content\/uploads\/2011\/06\/tn_DSC_1309-300x200.jpg 300w, https:\/\/www.oseba.ch\/wordpress\/wp-content\/uploads\/2011\/06\/tn_DSC_1309.jpg 1024w\" sizes=\"(max-width: 300px) 100vw, 300px\" \/><\/a><\/p>\n<p>Nous longeons ensuite l\u2019Is\u00e8re par un joli sentier, \u00e0 c\u00f4t\u00e9 de la piste cyclable. Celui-ci nous permet de\u00a0 traverser la p\u00e9riph\u00e9rie de Grenoble dans un coin de nature et d\u2019arriver directement au centre de la ville. N\u2019ayant plus de vivre, nous prenons la premi\u00e8re source d\u2019alimentation \u00e0 disposition. Elle se pr\u00e9sente \u00e0 nous sous la forme d\u2019un restaurant Indien qui propose un buffet \u00e0 volont\u00e9 pour 10 euros. Nous demandons l\u2019autorisation de \u00ab\u00a0parquer\u00a0\u00bb les \u00e2nes \u00e0 c\u00f4t\u00e9s de la barri\u00e8re. Le patron trouve notre exp\u00e9rience tellement g\u00e9nial qu\u2019il nous offre les boissons. En plus d\u2019\u00eatre une super aubaine, c\u2019est d\u00e9licieux et nous nous resservons plusieurs fois.<\/p>\n<p><a href=\"https:\/\/www.oseba.ch\/wordpress\/wp-content\/uploads\/2011\/06\/tn_DSC_1325.jpg\"><img loading=\"lazy\" decoding=\"async\" class=\"aligncenter size-medium wp-image-414\" title=\"tn_DSC_1325\" src=\"https:\/\/www.oseba.ch\/wordpress\/wp-content\/uploads\/2011\/06\/tn_DSC_1325-300x200.jpg\" alt=\"\" width=\"300\" height=\"200\" srcset=\"https:\/\/www.oseba.ch\/wordpress\/wp-content\/uploads\/2011\/06\/tn_DSC_1325-300x200.jpg 300w, https:\/\/www.oseba.ch\/wordpress\/wp-content\/uploads\/2011\/06\/tn_DSC_1325.jpg 1024w\" sizes=\"(max-width: 300px) 100vw, 300px\" \/><\/a><\/p>\n<p>Le 8\u00a0 juin, la travers\u00e9e de Grenoble co\u00efncide avec une course cycliste contre la montre du Crit\u00e9rium du Dauphin\u00e9, qui bloque le boulevard qu\u2019Olivier avait pr\u00e9vu de suivre. Nous nous en sortons pas trop mal, entre les petites rues, les trottoirs trop \u00e9troits avec voitures parqu\u00e9es que l\u2019on risque de griffer, la circulation que l\u2019on bloque. Apr\u00e8s quelques d\u00e9tours, nous retrouvons notre boulevard dont le trottoir est bien large. Les \u00e2nes sont tr\u00e8s ob\u00e9issants\u00a0: ils n\u2019ont m\u00eame pas fait de crottes apr\u00e8s le resto. Perch\u00e9 sur son si\u00e8ge, Eliot reste bien tranquille. Bref, la travers\u00e9e de Grenoble se passe sans encombre, malgr\u00e9 l\u2019appr\u00e9hension de Sonia des grandes villes.<\/p>\n<p><a href=\"https:\/\/www.oseba.ch\/wordpress\/wp-content\/uploads\/2011\/06\/tn_DSC_1379.jpg\"><img loading=\"lazy\" decoding=\"async\" class=\"aligncenter size-medium wp-image-416\" title=\"tn_DSC_1379\" src=\"https:\/\/www.oseba.ch\/wordpress\/wp-content\/uploads\/2011\/06\/tn_DSC_1379-300x200.jpg\" alt=\"\" width=\"300\" height=\"200\" srcset=\"https:\/\/www.oseba.ch\/wordpress\/wp-content\/uploads\/2011\/06\/tn_DSC_1379-300x200.jpg 300w, https:\/\/www.oseba.ch\/wordpress\/wp-content\/uploads\/2011\/06\/tn_DSC_1379.jpg 1024w\" sizes=\"(max-width: 300px) 100vw, 300px\" \/><\/a><\/p>\n<p>Nous commen\u00e7ons la mont\u00e9e sur le Vercors, \u00e0 peu pr\u00e8s 800 \u00e0 1&rsquo;000 m de d\u00e9nivel\u00e9s, et disons au revoir \u00e0 la Chartreuse. La ville de Grenoble est encaiss\u00e9e entre ces deux massifs imposants, dont il faut forc\u00e9ment descendre de l\u2019un pour monter vers l\u2019autre.<\/p>\n<p><a href=\"https:\/\/www.oseba.ch\/wordpress\/wp-content\/uploads\/2011\/06\/tn_DSC_1407.jpg\"><img loading=\"lazy\" decoding=\"async\" class=\"aligncenter size-medium wp-image-415\" title=\"tn_DSC_1407\" src=\"https:\/\/www.oseba.ch\/wordpress\/wp-content\/uploads\/2011\/06\/tn_DSC_1407-300x200.jpg\" alt=\"\" width=\"300\" height=\"200\" srcset=\"https:\/\/www.oseba.ch\/wordpress\/wp-content\/uploads\/2011\/06\/tn_DSC_1407-300x200.jpg 300w, https:\/\/www.oseba.ch\/wordpress\/wp-content\/uploads\/2011\/06\/tn_DSC_1407.jpg 1024w\" sizes=\"(max-width: 300px) 100vw, 300px\" \/><\/a><\/p>\n<p>Le Vercors nous r\u00e9serve de magnifiques paysages que l\u2019on d\u00e9guste \u00e0 pleine vue. Avec l\u2019altitude, la fra\u00eecheur du soir nous fait appr\u00e9cier les doudounes. Le vent souffle fort durant quelques jours et nous sortons le sac de couchage pour mettre sur le si\u00e8ge \u00e0 Eliot.<\/p>\n<p><a href=\"https:\/\/www.oseba.ch\/wordpress\/wp-content\/uploads\/2011\/06\/tn_DSC_1410.jpg\"><img loading=\"lazy\" decoding=\"async\" class=\"aligncenter size-medium wp-image-419\" title=\"tn_DSC_1410\" src=\"https:\/\/www.oseba.ch\/wordpress\/wp-content\/uploads\/2011\/06\/tn_DSC_1410-300x200.jpg\" alt=\"\" width=\"300\" height=\"200\" srcset=\"https:\/\/www.oseba.ch\/wordpress\/wp-content\/uploads\/2011\/06\/tn_DSC_1410-300x200.jpg 300w, https:\/\/www.oseba.ch\/wordpress\/wp-content\/uploads\/2011\/06\/tn_DSC_1410.jpg 1024w\" sizes=\"(max-width: 300px) 100vw, 300px\" \/><\/a><\/p>\n<p>A Villard-de-Lans, nous avons la visite de la marraine -avec Christophe- et du parrain d\u2019Eliot -avec les motards-, venus par hasard \u00e0 la m\u00eame date.<\/p>\n<p>Nous prenons toutes les informations avant la grande travers\u00e9e de la r\u00e9serve naturelle des hauts-plateaux du Vercors. Cela va nous prendre 5 jours et n\u00e9cessite une autonomie presque compl\u00e8te, except\u00e9e pour l\u2019eau. Il existe quelques sources dont il faut savoir la position. En plus, nous demandons conseil \u00e0 un \u00e2nier pour \u00eatre s\u00fbr que les \u00e2nes passent sur les chemins choisis. Merci \u00e0 Nicolas pour tes conseils.<a href=\"https:\/\/www.oseba.ch\/wordpress\/wp-content\/uploads\/2011\/06\/tn_DSC_1491.jpg\"><img loading=\"lazy\" decoding=\"async\" class=\"aligncenter size-medium wp-image-418\" title=\"tn_DSC_1491\" src=\"https:\/\/www.oseba.ch\/wordpress\/wp-content\/uploads\/2011\/06\/tn_DSC_1491-300x200.jpg\" alt=\"\" width=\"300\" height=\"200\" srcset=\"https:\/\/www.oseba.ch\/wordpress\/wp-content\/uploads\/2011\/06\/tn_DSC_1491-300x200.jpg 300w, https:\/\/www.oseba.ch\/wordpress\/wp-content\/uploads\/2011\/06\/tn_DSC_1491.jpg 1024w\" sizes=\"(max-width: 300px) 100vw, 300px\" \/><\/a><\/p>\n<p>La travers\u00e9e de la r\u00e9serve est superbe, sauvage et en dehors de toute civilisation. C\u2019est le bonheur. Nous logeons parfois dans des cabanes, ouvertes et mises \u00e0 disposition des randonneurs contre bon soin. Deux sont tr\u00e8s petites, avec seulement un lit superpos\u00e9, une table et 2 bancs, le tout pr\u00e9vu pour 5 personnes, les lits pr\u00e9vus \u00e9tant \u00e0 m\u00eame le sol.<\/p>\n<p><a href=\"https:\/\/www.oseba.ch\/wordpress\/wp-content\/uploads\/2011\/06\/tn_DSC_1522.jpg\"><img loading=\"lazy\" decoding=\"async\" class=\"aligncenter size-medium wp-image-420\" title=\"tn_DSC_1522\" src=\"https:\/\/www.oseba.ch\/wordpress\/wp-content\/uploads\/2011\/06\/tn_DSC_1522-300x200.jpg\" alt=\"\" width=\"300\" height=\"200\" srcset=\"https:\/\/www.oseba.ch\/wordpress\/wp-content\/uploads\/2011\/06\/tn_DSC_1522-300x200.jpg 300w, https:\/\/www.oseba.ch\/wordpress\/wp-content\/uploads\/2011\/06\/tn_DSC_1522.jpg 1024w\" sizes=\"(max-width: 300px) 100vw, 300px\" \/><\/a><\/p>\n<p>C\u2019est tr\u00e8s rustique, mais charmant, au c\u0153ur de la nature. Le paysage est tr\u00e8s caillouteux, beaucoup de calcaire, avec des lapiaz creus\u00e9s par l\u2019eau, des sapins, puis des pins.<\/p>\n<p><a href=\"https:\/\/www.oseba.ch\/wordpress\/wp-content\/uploads\/2011\/06\/tn_DSC_1502.jpg\"><img loading=\"lazy\" decoding=\"async\" class=\"aligncenter size-medium wp-image-421\" title=\"tn_DSC_1502\" src=\"https:\/\/www.oseba.ch\/wordpress\/wp-content\/uploads\/2011\/06\/tn_DSC_1502-300x200.jpg\" alt=\"\" width=\"300\" height=\"200\" srcset=\"https:\/\/www.oseba.ch\/wordpress\/wp-content\/uploads\/2011\/06\/tn_DSC_1502-300x200.jpg 300w, https:\/\/www.oseba.ch\/wordpress\/wp-content\/uploads\/2011\/06\/tn_DSC_1502.jpg 1024w\" sizes=\"(max-width: 300px) 100vw, 300px\" \/><\/a><\/p>\n<p>Le chemin est indiqu\u00e9 alternativement par les traits rouges et blancs du GR, des cairns et des pins ou sapins dont les branches du bas sont taill\u00e9es. C\u2019est bien signal\u00e9, mais il faut \u00eatre attentif.<\/p>\n<p><a href=\"https:\/\/www.oseba.ch\/wordpress\/wp-content\/uploads\/2011\/06\/tn_DSC_1545.jpg\"><img loading=\"lazy\" decoding=\"async\" class=\"aligncenter size-medium wp-image-422\" title=\"tn_DSC_1545\" src=\"https:\/\/www.oseba.ch\/wordpress\/wp-content\/uploads\/2011\/06\/tn_DSC_1545-300x200.jpg\" alt=\"\" width=\"300\" height=\"200\" srcset=\"https:\/\/www.oseba.ch\/wordpress\/wp-content\/uploads\/2011\/06\/tn_DSC_1545-300x200.jpg 300w, https:\/\/www.oseba.ch\/wordpress\/wp-content\/uploads\/2011\/06\/tn_DSC_1545.jpg 1024w\" sizes=\"(max-width: 300px) 100vw, 300px\" \/><\/a><\/p>\n<p>Le GPS nous aide, m\u00eame s\u2019il ne faut pas s\u2019y fier co\u00fbt que co\u00fbt. Il a une fois bogu\u00e9 et nous a fait faire demi-tour pour nous trouver \u00e0 un point \u2013 une source d\u2019eau \u2013 que l\u2019on connaissait. Le GPS nous positionne \u00e0 c\u00f4t\u00e9. Une fois \u00e9teint et rallum\u00e9, il se remet juste et nous pouvons reprendre le chemin une 3<sup>\u00e8me<\/sup> fois.<\/p>\n<p><a href=\"https:\/\/www.oseba.ch\/wordpress\/wp-content\/uploads\/2011\/06\/tn_DSC_1585.jpg\"><img loading=\"lazy\" decoding=\"async\" class=\"aligncenter size-medium wp-image-423\" title=\"tn_DSC_1585\" src=\"https:\/\/www.oseba.ch\/wordpress\/wp-content\/uploads\/2011\/06\/tn_DSC_1585-300x200.jpg\" alt=\"\" width=\"300\" height=\"200\" srcset=\"https:\/\/www.oseba.ch\/wordpress\/wp-content\/uploads\/2011\/06\/tn_DSC_1585-300x200.jpg 300w, https:\/\/www.oseba.ch\/wordpress\/wp-content\/uploads\/2011\/06\/tn_DSC_1585.jpg 1024w\" sizes=\"(max-width: 300px) 100vw, 300px\" \/><\/a><\/p>\n<p>La r\u00e9serve est color\u00e9e de multitude de fleurs, le bouton d\u2019or de notre enfance, la gentiane, l\u2019an\u00e9mone et l\u2019\u00e9delweiss. Encore pleins d\u2019autres esp\u00e8ces dont nous ne connaissons pas le nom. Quelques marmottes nous font le plaisir de leurs sorties, mais notre arriv\u00e9e est vite signal\u00e9e par les sifflement de leurs comparses.<\/p>\n<p><a href=\"https:\/\/www.oseba.ch\/wordpress\/wp-content\/uploads\/2011\/06\/tn_DSC_1711+.jpg\"><img loading=\"lazy\" decoding=\"async\" class=\"aligncenter size-medium wp-image-424\" title=\"tn_DSC_1711+\" src=\"https:\/\/www.oseba.ch\/wordpress\/wp-content\/uploads\/2011\/06\/tn_DSC_1711+-300x201.jpg\" alt=\"\" width=\"300\" height=\"201\" srcset=\"https:\/\/www.oseba.ch\/wordpress\/wp-content\/uploads\/2011\/06\/tn_DSC_1711+-300x201.jpg 300w, https:\/\/www.oseba.ch\/wordpress\/wp-content\/uploads\/2011\/06\/tn_DSC_1711+.jpg 1024w\" sizes=\"(max-width: 300px) 100vw, 300px\" \/><\/a><\/p>\n<p>Dans les cabanes, nous faisons de belles rencontres humaines qui nous invitent au partage et \u00e0 la confidence\u00a0: Chrystel et Christophe, Nicolas\u2026 Nous avons la chance de voir deux transhumances de moutons. Une fois sur la plaine de la Chau o\u00f9 la berg\u00e8re nous annonce l\u2019arriv\u00e9e de 1\u2019800 moutons alors que nous rangeons la tente. Eliot est tout fou. \u00ab\u00a0Youpi\u00a0\u00bb dit-il, avec toutefois un peu d\u2019appr\u00e9hension. Deux jours apr\u00e8s, dans la descente vers Die, nous croisons la route de 1&rsquo;200 moutons qui montent \u00e0 l\u2019alpage.<\/p>\n<p><a href=\"https:\/\/www.oseba.ch\/wordpress\/wp-content\/uploads\/2011\/06\/tn_DSC_1653.jpg\"><img loading=\"lazy\" decoding=\"async\" class=\"aligncenter size-medium wp-image-425\" title=\"tn_DSC_1653\" src=\"https:\/\/www.oseba.ch\/wordpress\/wp-content\/uploads\/2011\/06\/tn_DSC_1653-300x200.jpg\" alt=\"\" width=\"300\" height=\"200\" srcset=\"https:\/\/www.oseba.ch\/wordpress\/wp-content\/uploads\/2011\/06\/tn_DSC_1653-300x200.jpg 300w, https:\/\/www.oseba.ch\/wordpress\/wp-content\/uploads\/2011\/06\/tn_DSC_1653.jpg 1024w\" sizes=\"(max-width: 300px) 100vw, 300px\" \/><\/a><\/p>\n<p>Nous avons f\u00eat\u00e9 l\u2019anniversaire d\u2019Olivier \u00e0 la cabane des Aiguillettes, point le plus haut de notre itin\u00e9rance perch\u00e9 \u00e0 presque 1&rsquo;850 m. F\u00eate improvis\u00e9e avec 3 madeleines et quelques bougies trouv\u00e9es sur place, du bonheur \u00e0 l\u2019\u00e9tat pur, embu\u00e9 l\u00e9g\u00e8rement par le brouillard.<\/p>\n<p><a href=\"https:\/\/www.oseba.ch\/wordpress\/wp-content\/uploads\/2011\/06\/tn_DSC_1692.jpg\"><img loading=\"lazy\" decoding=\"async\" class=\"aligncenter size-medium wp-image-426\" title=\"tn_DSC_1692\" src=\"https:\/\/www.oseba.ch\/wordpress\/wp-content\/uploads\/2011\/06\/tn_DSC_1692-300x200.jpg\" alt=\"\" width=\"300\" height=\"200\" srcset=\"https:\/\/www.oseba.ch\/wordpress\/wp-content\/uploads\/2011\/06\/tn_DSC_1692-300x200.jpg 300w, https:\/\/www.oseba.ch\/wordpress\/wp-content\/uploads\/2011\/06\/tn_DSC_1692.jpg 1024w\" sizes=\"(max-width: 300px) 100vw, 300px\" \/><\/a><\/p>\n<p>Nous retrouvons la civilisation dans la descente vers Die, ainsi que les retrouvailles avec les grands-parents d\u2019Eliot et les bonnes bouffes. Nous faisons honneur \u00e0 la Clairette et attendons avec plaisir la f\u00eate de la transhumance samedi 25 juin. Les \u00e2nes ont trouv\u00e9 un endroit de r\u00eave pour les quelques jours de repos. Eliot a trouv\u00e9 une copine de jeu en la personne de Mathilde, une petite cousine, qui est l\u00e0 avec ses grands-parents pour voir la transhumance. Le soleil nous permet de faire s\u00e9cher toutes les affaires humidifi\u00e9es par la pluie.<\/p>\n<p><a href=\"https:\/\/www.oseba.ch\/wordpress\/wp-content\/uploads\/2011\/06\/tn_DSC_1848.jpg\"><img loading=\"lazy\" decoding=\"async\" class=\"aligncenter size-medium wp-image-427\" title=\"tn_DSC_1848\" src=\"https:\/\/www.oseba.ch\/wordpress\/wp-content\/uploads\/2011\/06\/tn_DSC_1848-300x200.jpg\" alt=\"\" width=\"300\" height=\"200\" srcset=\"https:\/\/www.oseba.ch\/wordpress\/wp-content\/uploads\/2011\/06\/tn_DSC_1848-300x200.jpg 300w, https:\/\/www.oseba.ch\/wordpress\/wp-content\/uploads\/2011\/06\/tn_DSC_1848.jpg 1024w\" sizes=\"(max-width: 300px) 100vw, 300px\" \/><\/a><\/p>\n","protected":false},"excerpt":{"rendered":"<p>Apr\u00e8s un s\u00e9jour \u00e0 St Hilaire du Touvet assez maussade, la descente par le sentier du facteur se fait par un lundi ensoleill\u00e9. Heureusement que nous avons \u00e9t\u00e9 conseill\u00e9s par un couple d\u2019\u00e2nier, Bernard et Martine, ayant fait le chemin avec leur \u00e2ne, car sinon, nous aurions fait marche arri\u00e8re. Le sentier passe dans la [&hellip;]<\/p>\n","protected":false},"author":2,"featured_media":429,"comment_status":"open","ping_status":"open","sticky":false,"template":"","format":"standard","meta":{"footnotes":""},"categories":[13],"tags":[],"class_list":["post-409","post","type-post","status-publish","format-standard","has-post-thumbnail","hentry","category-voyage-en-france"],"_links":{"self":[{"href":"https:\/\/www.oseba.ch\/wordpress\/wp-json\/wp\/v2\/posts\/409"}],"collection":[{"href":"https:\/\/www.oseba.ch\/wordpress\/wp-json\/wp\/v2\/posts"}],"about":[{"href":"https:\/\/www.oseba.ch\/wordpress\/wp-json\/wp\/v2\/types\/post"}],"author":[{"embeddable":true,"href":"https:\/\/www.oseba.ch\/wordpress\/wp-json\/wp\/v2\/users\/2"}],"replies":[{"embeddable":true,"href":"https:\/\/www.oseba.ch\/wordpress\/wp-json\/wp\/v2\/comments?post=409"}],"version-history":[{"count":4,"href":"https:\/\/www.oseba.ch\/wordpress\/wp-json\/wp\/v2\/posts\/409\/revisions"}],"predecessor-version":[{"id":452,"href":"https:\/\/www.oseba.ch\/wordpress\/wp-json\/wp\/v2\/posts\/409\/revisions\/452"}],"wp:featuredmedia":[{"embeddable":true,"href":"https:\/\/www.oseba.ch\/wordpress\/wp-json\/wp\/v2\/media\/429"}],"wp:attachment":[{"href":"https:\/\/www.oseba.ch\/wordpress\/wp-json\/wp\/v2\/media?parent=409"}],"wp:term":[{"taxonomy":"category","embeddable":true,"href":"https:\/\/www.oseba.ch\/wordpress\/wp-json\/wp\/v2\/categories?post=409"},{"taxonomy":"post_tag","embeddable":true,"href":"https:\/\/www.oseba.ch\/wordpress\/wp-json\/wp\/v2\/tags?post=409"}],"curies":[{"name":"wp","href":"https:\/\/api.w.org\/{rel}","templated":true}]}}