{"id":41,"date":"2011-03-21T22:51:58","date_gmt":"2011-03-21T21:51:58","guid":{"rendered":"http:\/\/www.oseba.ch\/wordpress\/?p=41"},"modified":"2011-03-28T23:24:25","modified_gmt":"2011-03-28T21:24:25","slug":"la-preparation-des-anes-et-des-aniers","status":"publish","type":"post","link":"https:\/\/www.oseba.ch\/wordpress\/preparation\/la-preparation-des-anes-et-des-aniers","title":{"rendered":"La pr\u00e9paration des \u00e2nes et des \u00e2niers"},"content":{"rendered":"<p><a href=\"https:\/\/www.oseba.ch\/wordpress\/wp-content\/uploads\/2011\/03\/tn_DSC_0066.jpg\"><img loading=\"lazy\" decoding=\"async\" class=\"alignnone size-medium wp-image-54\" title=\"tn_DSC_0066\" src=\"https:\/\/www.oseba.ch\/wordpress\/wp-content\/uploads\/2011\/03\/tn_DSC_0066-300x200.jpg\" alt=\"\" width=\"300\" height=\"200\" srcset=\"https:\/\/www.oseba.ch\/wordpress\/wp-content\/uploads\/2011\/03\/tn_DSC_0066-300x200.jpg 300w, https:\/\/www.oseba.ch\/wordpress\/wp-content\/uploads\/2011\/03\/tn_DSC_0066.jpg 1024w\" sizes=\"(max-width: 300px) 100vw, 300px\" \/><\/a><\/p>\n<p><a href=\"https:\/\/www.oseba.ch\/wordpress\/wp-content\/uploads\/2011\/03\/tn_DSC_0066.jpg\">Depuis que nous avons nos \u00e2nes, nous avons appris beaucoup de choses sur eux et sur nous.<\/a><a href=\"https:\/\/www.oseba.ch\/wordpress\/wp-content\/uploads\/2011\/03\/tn_DSC_0066.jpg\"><\/a><a href=\"https:\/\/www.oseba.ch\/wordpress\/wp-content\/uploads\/2011\/03\/tn_DSC_0066.jpg\"><\/a><\/p>\n<p>Ils nous ont appris la patience, la douceur, mais aussi la fermet\u00e9, la pers\u00e9v\u00e9rance.<\/p>\n<p>Eliot en avait bien peur, mais jour apr\u00e8s jour, il les a apprivois\u00e9s et leur fait un c\u00e2lin chaque fois qu&rsquo;il les voit.<\/p>\n<p>Profil de nos \u00e2nes : Basil, 5 ans, avec nous depuis mi-juin 2010. Appolon, environ 14 ans, avec nous depuis d\u00e9but octobre 2010. Tous les deux des hongres, m\u00e2les castr\u00e9s et haut d&rsquo;\u00e0 peu pr\u00e8s 1.20 au garot.<\/p>\n<p>Nos \u00e2nes nous ont d\u00e9j\u00e0 suivis sur plusieurs journ\u00e9es. Ils ont port\u00e9 avec bravoure leur b\u00e2t et sacoches et m\u00eame un jeune gar\u00e7on.<\/p>\n<p><a href=\"https:\/\/www.oseba.ch\/wordpress\/wp-content\/uploads\/2011\/03\/tn_DSC_0480.jpg\"><img loading=\"lazy\" decoding=\"async\" class=\"alignnone\" title=\"tn_DSC_0480\" src=\"https:\/\/www.oseba.ch\/wordpress\/wp-content\/uploads\/2011\/03\/tn_DSC_0480-300x200.jpg\" alt=\"\" width=\"267\" height=\"175\" \/><\/a><\/p>\n<p>Ils ont d\u00fb affonter leurs peurs et les d\u00e9passer, comme le passage de rivi\u00e8res, de ponts, sauter de petits ruisseaux, descendre une pente sur des cailloux mouill\u00e9s (l\u00e0, c&rsquo;est plut\u00f4t Sonia qui a d\u00fb calmer ses peurs!)&#8230;\u00a0Basil s&rsquo;y est vite mis. Quand nous avons eu Appolon, 4 mois plus tard, c&rsquo;est Basil qui lui montrait comment faire.<\/p>\n<p>Un dicton dit : \u00ab\u00a0un \u00e2ne n&rsquo;est pas b\u00eate, mais il r\u00e9fl\u00e9chit longtemps\u00a0\u00bb.<\/p>\n<p><img loading=\"lazy\" decoding=\"async\" class=\"alignnone\" title=\"tn_DSC_0056\" src=\"https:\/\/www.oseba.ch\/wordpress\/wp-content\/uploads\/2011\/03\/tn_DSC_0056-300x200.jpg\" alt=\"\" width=\"289\" height=\"177\" \/><\/p>\n<p>Notre mat\u00e9riel a aussi \u00e9volu\u00e9 avec les exp\u00e9riences. Face au soleil et \u00e0 la pluie, nous avons test\u00e9 le parapluie sur Basil durant l&rsquo;\u00e9t\u00e9 2010, mais pas tr\u00e8s concluant. Par contre, nous n&rsquo;avons pas eu de pluie.<\/p>\n<p><img loading=\"lazy\" decoding=\"async\" class=\"alignnone\" title=\"tn_DSC_0053\" src=\"https:\/\/www.oseba.ch\/wordpress\/wp-content\/uploads\/2011\/03\/tn_DSC_0053-300x200.jpg\" alt=\"\" width=\"300\" height=\"200\" \/><\/p>\n<p><a href=\"https:\/\/www.oseba.ch\/wordpress\/wp-content\/uploads\/2011\/03\/tn_DSC_0053.jpg\"><\/a>\u00a0Face \u00e0 la pluie et au soleil, nous avons fait faire un syst\u00e8me de capote sur le si\u00e8ge \u00e0 Eliot, avec une protection sur le devant et sur les jambes. Pour le froid, il y a un mini sac de couchage, car quand Eliot ne marche\u00a0pas, il a plus vite froid.<\/p>\n<p><a href=\"https:\/\/www.oseba.ch\/wordpress\/wp-content\/uploads\/2011\/03\/tn_DSC_0104.jpg\"><img loading=\"lazy\" decoding=\"async\" class=\"alignleft size-thumbnail wp-image-58\" title=\"tn_DSC_0104\" src=\"https:\/\/www.oseba.ch\/wordpress\/wp-content\/uploads\/2011\/03\/tn_DSC_0104-150x150.jpg\" alt=\"\" width=\"150\" height=\"150\" \/><\/a>\u00a0<img loading=\"lazy\" decoding=\"async\" title=\"tn_DSC_0106\" src=\"https:\/\/www.oseba.ch\/wordpress\/wp-content\/uploads\/2011\/03\/tn_DSC_0106-150x150.jpg\" alt=\"\" width=\"150\" height=\"150\" \/><img loading=\"lazy\" decoding=\"async\" title=\"tn_DSC_0110\" src=\"https:\/\/www.oseba.ch\/wordpress\/wp-content\/uploads\/2011\/03\/tn_DSC_0110-150x150.jpg\" alt=\"\" width=\"150\" height=\"150\" \/><\/p>\n<p>Nous voil\u00e0 bient\u00f4t fin pr\u00eats pour le d\u00e9part. Mais le serons-nous vraiment. Nous nous attendons \u00e0 plusieurs ajustements, \u00e0 toutes sortes de p\u00e9rip\u00e9ties, \u00e0 de merveilleuses rencontres, \u00e0 des moments inoubliables, \u00e0 des coups de gueule, &#8230;<\/p>\n<p>\u00a0Vous en aurez un \u00e9chantillonnage sur notre site&#8230;<\/p>\n","protected":false},"excerpt":{"rendered":"<p>Depuis que nous avons nos \u00e2nes, nous avons appris beaucoup de choses sur eux et sur nous. Ils nous ont appris la patience, la douceur, mais aussi la fermet\u00e9, la pers\u00e9v\u00e9rance. Eliot en avait bien peur, mais jour apr\u00e8s jour, il les a apprivois\u00e9s et leur fait un c\u00e2lin chaque fois qu&rsquo;il les voit. Profil [&hellip;]<\/p>\n","protected":false},"author":2,"featured_media":0,"comment_status":"open","ping_status":"open","sticky":false,"template":"","format":"standard","meta":{"footnotes":""},"categories":[3],"tags":[],"class_list":["post-41","post","type-post","status-publish","format-standard","hentry","category-preparation"],"_links":{"self":[{"href":"https:\/\/www.oseba.ch\/wordpress\/wp-json\/wp\/v2\/posts\/41"}],"collection":[{"href":"https:\/\/www.oseba.ch\/wordpress\/wp-json\/wp\/v2\/posts"}],"about":[{"href":"https:\/\/www.oseba.ch\/wordpress\/wp-json\/wp\/v2\/types\/post"}],"author":[{"embeddable":true,"href":"https:\/\/www.oseba.ch\/wordpress\/wp-json\/wp\/v2\/users\/2"}],"replies":[{"embeddable":true,"href":"https:\/\/www.oseba.ch\/wordpress\/wp-json\/wp\/v2\/comments?post=41"}],"version-history":[{"count":8,"href":"https:\/\/www.oseba.ch\/wordpress\/wp-json\/wp\/v2\/posts\/41\/revisions"}],"predecessor-version":[{"id":43,"href":"https:\/\/www.oseba.ch\/wordpress\/wp-json\/wp\/v2\/posts\/41\/revisions\/43"}],"wp:attachment":[{"href":"https:\/\/www.oseba.ch\/wordpress\/wp-json\/wp\/v2\/media?parent=41"}],"wp:term":[{"taxonomy":"category","embeddable":true,"href":"https:\/\/www.oseba.ch\/wordpress\/wp-json\/wp\/v2\/categories?post=41"},{"taxonomy":"post_tag","embeddable":true,"href":"https:\/\/www.oseba.ch\/wordpress\/wp-json\/wp\/v2\/tags?post=41"}],"curies":[{"name":"wp","href":"https:\/\/api.w.org\/{rel}","templated":true}]}}