{"id":45,"date":"2011-03-19T23:23:22","date_gmt":"2011-03-19T22:23:22","guid":{"rendered":"http:\/\/www.oseba.ch\/wordpress\/?p=45"},"modified":"2011-03-28T23:19:48","modified_gmt":"2011-03-28T21:19:48","slug":"album-de-photo","status":"publish","type":"post","link":"https:\/\/www.oseba.ch\/wordpress\/preparation\/album-de-photo","title":{"rendered":"Le projet de notre itin\u00e9rance"},"content":{"rendered":"<p>Vous allez o\u00f9 ?<\/p>\n<p>Vous \u00eates nombreux \u00e0 nous demander la destination de notre itin\u00e9rance.<\/p>\n<p>R\u00e9ponse : nous ne savons pas\u00a0o\u00f9 nous allons\u00a0!! Voil\u00e0 c&rsquo;est dit. Dans itin\u00e9rance, il y a errance, En fait, nous avons une vague id\u00e9e, mais nous laissons le chemin d\u00e9cid\u00e9. Tout d\u00e9pend si l&rsquo;on rentre \u00e0 pied ou en voiture (le train et le bateau ne prennent pas les \u00e2nes). Tout d\u00e9pend de comment va Eliot, les \u00e2nes, la m\u00e9t\u00e9o, les envies, la motivation, les rencontres&#8230;<\/p>\n<p style=\"text-align: center;\"><a href=\"https:\/\/www.oseba.ch\/wordpress\/wp-content\/uploads\/2011\/03\/tn_DSC_0098.jpg\"><img loading=\"lazy\" decoding=\"async\" class=\"aligncenter size-medium wp-image-52\" title=\"tn_DSC_0098\" src=\"https:\/\/www.oseba.ch\/wordpress\/wp-content\/uploads\/2011\/03\/tn_DSC_0098-300x200.jpg\" alt=\"\" width=\"300\" height=\"200\" srcset=\"https:\/\/www.oseba.ch\/wordpress\/wp-content\/uploads\/2011\/03\/tn_DSC_0098-300x200.jpg 300w, https:\/\/www.oseba.ch\/wordpress\/wp-content\/uploads\/2011\/03\/tn_DSC_0098.jpg 1024w\" sizes=\"(max-width: 300px) 100vw, 300px\" \/><\/a><\/p>\n<p>Voil\u00e0 ce qui est d\u00e9cid\u00e9 pour le moment :<\/p>\n<p>En Suisse : nous allons marcher vers Ch\u00e2tel-St-Denis, puis Villeneuve, St Gingolf.<\/p>\n<p>En France : nous longerons\u00a0le Lac L\u00e9man en prenant le chemin du littoral du L\u00e9man, qui longe plus ou moins le lac en prenant quelque fois de la hauteur. Nous serons en principe vers Gen\u00e8ve pour P\u00e2ques.<\/p>\n<p>Pour la suite, nous nous dirigerons vers Annecy, puis traverserons le massif des Beauges, puis celui\u00a0de la Chartreuse. Apr\u00e8s Grenoble, nous passerons par le Vercor, puis l&rsquo;Ard\u00e8che par la vall\u00e9e de l&rsquo;Eyrieux. Nous rejoindrons le chemin de Stevenson qui part du Puy-en-Velai pour rejoindre le sud par les C\u00e9vennes. Nous partirons ensuite vers l&rsquo;ouest pour rejoindre les Pyr\u00e9n\u00e9es, mais l\u00e0, \u00e7a devient plus vague pour nous. Nous avons envie de passer quelques temps dans les Pyr\u00e9n\u00e9es. Puis nous sommes tent\u00e9s par le sud de l&rsquo;Espagne. Ensuite&#8230; le hasard (qui n&rsquo;existe pas) d\u00e9cidera de la suite. D\u00e9finition du hasard : c&rsquo;est Dieu qui se prom\u00e8ne incognito&#8230;<\/p>\n<p>De plus, une ann\u00e9e, c&rsquo;est long, nous avons de la peine \u00e0 nous rendre compte de cette dur\u00e9e sur un voyage \u00e0 pied. Nous mettons plus d&rsquo;importance sur ce que nous pourrons vivre en chemin, sur les rencontres, la\u00a0vie en famille, les paysages travers\u00e9s, &#8230; que sur une destination pr\u00e9cise.<\/p>\n","protected":false},"excerpt":{"rendered":"<p>Vous allez o\u00f9 ? Vous \u00eates nombreux \u00e0 nous demander la destination de notre itin\u00e9rance. R\u00e9ponse : nous ne savons pas\u00a0o\u00f9 nous allons\u00a0!! Voil\u00e0 c&rsquo;est dit. Dans itin\u00e9rance, il y a errance, En fait, nous avons une vague id\u00e9e, mais nous laissons le chemin d\u00e9cid\u00e9. Tout d\u00e9pend si l&rsquo;on rentre \u00e0 pied ou en voiture [&hellip;]<\/p>\n","protected":false},"author":2,"featured_media":62,"comment_status":"open","ping_status":"open","sticky":false,"template":"","format":"standard","meta":{"footnotes":""},"categories":[3],"tags":[],"class_list":["post-45","post","type-post","status-publish","format-standard","has-post-thumbnail","hentry","category-preparation"],"_links":{"self":[{"href":"https:\/\/www.oseba.ch\/wordpress\/wp-json\/wp\/v2\/posts\/45"}],"collection":[{"href":"https:\/\/www.oseba.ch\/wordpress\/wp-json\/wp\/v2\/posts"}],"about":[{"href":"https:\/\/www.oseba.ch\/wordpress\/wp-json\/wp\/v2\/types\/post"}],"author":[{"embeddable":true,"href":"https:\/\/www.oseba.ch\/wordpress\/wp-json\/wp\/v2\/users\/2"}],"replies":[{"embeddable":true,"href":"https:\/\/www.oseba.ch\/wordpress\/wp-json\/wp\/v2\/comments?post=45"}],"version-history":[{"count":11,"href":"https:\/\/www.oseba.ch\/wordpress\/wp-json\/wp\/v2\/posts\/45\/revisions"}],"predecessor-version":[{"id":141,"href":"https:\/\/www.oseba.ch\/wordpress\/wp-json\/wp\/v2\/posts\/45\/revisions\/141"}],"wp:featuredmedia":[{"embeddable":true,"href":"https:\/\/www.oseba.ch\/wordpress\/wp-json\/wp\/v2\/media\/62"}],"wp:attachment":[{"href":"https:\/\/www.oseba.ch\/wordpress\/wp-json\/wp\/v2\/media?parent=45"}],"wp:term":[{"taxonomy":"category","embeddable":true,"href":"https:\/\/www.oseba.ch\/wordpress\/wp-json\/wp\/v2\/categories?post=45"},{"taxonomy":"post_tag","embeddable":true,"href":"https:\/\/www.oseba.ch\/wordpress\/wp-json\/wp\/v2\/tags?post=45"}],"curies":[{"name":"wp","href":"https:\/\/api.w.org\/{rel}","templated":true}]}}