{"id":494,"date":"2011-07-18T20:50:04","date_gmt":"2011-07-18T18:50:04","guid":{"rendered":"http:\/\/www.oseba.ch\/wordpress\/?p=494"},"modified":"2011-07-18T20:50:04","modified_gmt":"2011-07-18T18:50:04","slug":"de-vallees-en-plateaux","status":"publish","type":"post","link":"https:\/\/www.oseba.ch\/wordpress\/voyage-en-france\/de-vallees-en-plateaux","title":{"rendered":"De vall\u00e9es en plateaux"},"content":{"rendered":"<p>Nous profitons bien de notre s\u00e9jour \u00e0 Die. Le samedi, nous assistons \u00e0 la grande transhumance des moutons \u00e0 travers les rues de la ville, c\u2019est tr\u00e8s impressionnant, il y en a environ 5\u2019000. La piscine municipale \u00e0 c\u00f4t\u00e9 du camping re\u00e7oit notre visite quotidienne et \u00e7a nous fait le plus grand bien.<\/p>\n<p><a href=\"https:\/\/www.oseba.ch\/wordpress\/wp-content\/uploads\/2011\/07\/tn_DSC_2032.jpg\"><img loading=\"lazy\" decoding=\"async\" class=\"aligncenter size-medium wp-image-495\" title=\"tn_DSC_2032\" src=\"https:\/\/www.oseba.ch\/wordpress\/wp-content\/uploads\/2011\/07\/tn_DSC_2032-300x200.jpg\" alt=\"\" width=\"300\" height=\"200\" srcset=\"https:\/\/www.oseba.ch\/wordpress\/wp-content\/uploads\/2011\/07\/tn_DSC_2032-300x200.jpg 300w, https:\/\/www.oseba.ch\/wordpress\/wp-content\/uploads\/2011\/07\/tn_DSC_2032.jpg 1024w\" sizes=\"(max-width: 300px) 100vw, 300px\" \/><\/a><\/p>\n<p>Nous partons le dimanche 26 juin. En fait, quand je dis nous, c\u2019est Olivier et Sonia, car Eliot est rest\u00e9 en vacances 2 jours avec ses grands-parents. Nous profitons pour avancer un peu (20 et 25 km), car nous avons 2\/3 d\u2019asphalte. En plus, nous souffrons un peu de la chaleur, il fait 35\u00b0C \u00e0 l\u2019ombre. Mais, me direz-vous, pourquoi se tenir \u00e0 l\u2019ombre quand il fait bien plus chaud au soleil\u00a0!!<\/p>\n<p>Un dernier regard sur le Vercors&#8230;<\/p>\n<p><a href=\"https:\/\/www.oseba.ch\/wordpress\/wp-content\/uploads\/2011\/07\/tn_DSC_2160.jpg\"><img loading=\"lazy\" decoding=\"async\" class=\"aligncenter size-medium wp-image-499\" title=\"tn_DSC_2160\" src=\"https:\/\/www.oseba.ch\/wordpress\/wp-content\/uploads\/2011\/07\/tn_DSC_2160-300x200.jpg\" alt=\"\" width=\"300\" height=\"200\" srcset=\"https:\/\/www.oseba.ch\/wordpress\/wp-content\/uploads\/2011\/07\/tn_DSC_2160-300x200.jpg 300w, https:\/\/www.oseba.ch\/wordpress\/wp-content\/uploads\/2011\/07\/tn_DSC_2160.jpg 1024w\" sizes=\"(max-width: 300px) 100vw, 300px\" \/><\/a><\/p>\n<p>Eliot nous rejoint \u00e0 Crest. Ensuite, le chemin est joli le long de la Dr\u00f4me et nous entrons dans la \u00ab\u00a0R\u00e9serve naturelle des Rami\u00e8res du Val de Dr\u00f4me\u00a0\u00bb.<\/p>\n<p><a href=\"https:\/\/www.oseba.ch\/wordpress\/wp-content\/uploads\/2011\/07\/tn_DSC_2159.jpg\"><img loading=\"lazy\" decoding=\"async\" class=\"aligncenter size-medium wp-image-498\" title=\"tn_DSC_2159\" src=\"https:\/\/www.oseba.ch\/wordpress\/wp-content\/uploads\/2011\/07\/tn_DSC_2159-300x200.jpg\" alt=\"\" width=\"300\" height=\"200\" srcset=\"https:\/\/www.oseba.ch\/wordpress\/wp-content\/uploads\/2011\/07\/tn_DSC_2159-300x200.jpg 300w, https:\/\/www.oseba.ch\/wordpress\/wp-content\/uploads\/2011\/07\/tn_DSC_2159.jpg 1024w\" sizes=\"(max-width: 300px) 100vw, 300px\" \/><\/a><\/p>\n<p>Cette fois, nous sommes souvent \u00e0 l\u2019ombre des arbres. Heureusement, car la chaleur est torride. Nous essayons de partir plus t\u00f4t le matin et de marcher jusque vers 12h- 13h. Apr\u00e8s, nous profitons de nous poser \u00e0 l\u2019ombre et de nous baigner.<\/p>\n<p><a href=\"https:\/\/www.oseba.ch\/wordpress\/wp-content\/uploads\/2011\/07\/tn_DSC_2138.jpg\"><img loading=\"lazy\" decoding=\"async\" class=\"aligncenter size-medium wp-image-497\" title=\"tn_DSC_2138\" src=\"https:\/\/www.oseba.ch\/wordpress\/wp-content\/uploads\/2011\/07\/tn_DSC_2138-300x200.jpg\" alt=\"\" width=\"300\" height=\"200\" srcset=\"https:\/\/www.oseba.ch\/wordpress\/wp-content\/uploads\/2011\/07\/tn_DSC_2138-300x200.jpg 300w, https:\/\/www.oseba.ch\/wordpress\/wp-content\/uploads\/2011\/07\/tn_DSC_2138.jpg 1024w\" sizes=\"(max-width: 300px) 100vw, 300px\" \/><\/a><\/p>\n<p>A la Voulte-sur-Rh\u00f4ne, il y a les retrouvailles familiales avec les parents de Sonia, son fr\u00e8re et Pauline. S\u00e9bastien nous concocte de\u00a0 magnifiques brochettes hautes en couleur et en go\u00fbt et Eliot l\u2019aide avec beaucoup de plaisir.<\/p>\n<p><a href=\"https:\/\/www.oseba.ch\/wordpress\/wp-content\/uploads\/2011\/07\/tn_DSC_2231.jpg\"><img loading=\"lazy\" decoding=\"async\" class=\"aligncenter size-medium wp-image-500\" title=\"tn_DSC_2231\" src=\"https:\/\/www.oseba.ch\/wordpress\/wp-content\/uploads\/2011\/07\/tn_DSC_2231-300x200.jpg\" alt=\"\" width=\"300\" height=\"200\" srcset=\"https:\/\/www.oseba.ch\/wordpress\/wp-content\/uploads\/2011\/07\/tn_DSC_2231-300x200.jpg 300w, https:\/\/www.oseba.ch\/wordpress\/wp-content\/uploads\/2011\/07\/tn_DSC_2231.jpg 1024w\" sizes=\"(max-width: 300px) 100vw, 300px\" \/><\/a><\/p>\n<p>Nous passons de la vall\u00e9e de la Dr\u00f4me \u00e0 celle de l\u2019Eyrieux en traversant le Rh\u00f4ne.<\/p>\n<p><a href=\"https:\/\/www.oseba.ch\/wordpress\/wp-content\/uploads\/2011\/07\/tn_DSC_2175.jpg\"><img loading=\"lazy\" decoding=\"async\" class=\"aligncenter size-medium wp-image-501\" title=\"tn_DSC_2175\" src=\"https:\/\/www.oseba.ch\/wordpress\/wp-content\/uploads\/2011\/07\/tn_DSC_2175-300x200.jpg\" alt=\"\" width=\"300\" height=\"200\" srcset=\"https:\/\/www.oseba.ch\/wordpress\/wp-content\/uploads\/2011\/07\/tn_DSC_2175-300x200.jpg 300w, https:\/\/www.oseba.ch\/wordpress\/wp-content\/uploads\/2011\/07\/tn_DSC_2175.jpg 1024w\" sizes=\"(max-width: 300px) 100vw, 300px\" \/><\/a><\/p>\n<p>Depuis la Voulte jusqu\u2019au Cheylard, nous suivons l\u2019ancienne voie de chemin de fer, avec ses ponts et tunnels, convertie en chemin p\u00e9destre. A part quelques tron\u00e7ons en goudron, tout le reste est un beau chemin tr\u00e8s agr\u00e9able, ombrag\u00e9, avec de magnifiques points de vues sur la rivi\u00e8re. Nous entrons dans le \u00ab\u00a0Parc naturel r\u00e9gional des monts d\u2019Ard\u00e8che\u00a0\u00bb et \u00e0 ce titre, une bonne partie du chemin est en r\u00e9novation. Nous profitons d\u2019un s\u00e9jour \u00e0 St Sauveur-de-Montagut chez Ida et Daniel pour faire deux jours de repos, mais aussi lessive et quelques travaux sur les b\u00e2ts.<\/p>\n<p><a href=\"https:\/\/www.oseba.ch\/wordpress\/wp-content\/uploads\/2011\/07\/tn_DSC_22931.jpg\"><img loading=\"lazy\" decoding=\"async\" class=\"aligncenter size-medium wp-image-502\" title=\"tn_DSC_2293\" src=\"https:\/\/www.oseba.ch\/wordpress\/wp-content\/uploads\/2011\/07\/tn_DSC_22931-300x200.jpg\" alt=\"\" width=\"300\" height=\"200\" srcset=\"https:\/\/www.oseba.ch\/wordpress\/wp-content\/uploads\/2011\/07\/tn_DSC_22931-300x200.jpg 300w, https:\/\/www.oseba.ch\/wordpress\/wp-content\/uploads\/2011\/07\/tn_DSC_22931.jpg 1024w\" sizes=\"(max-width: 300px) 100vw, 300px\" \/><\/a><\/p>\n<p>En effet, depuis quelques jours, Basil nous fait de dr\u00f4les d\u2019\u00e2neries : il se plante au milieu de la route et ne veut plus avancer, ou il fait soudain un \u00e9cart pour on ne sait quoi, ou encore il r\u00e9siste et recule pour passer ponts et rivi\u00e8res, alors qu\u2019il les passait tr\u00e8s bien avant.<\/p>\n<p><a href=\"https:\/\/www.oseba.ch\/wordpress\/wp-content\/uploads\/2011\/07\/tn_DSC_2167.jpg\"><img loading=\"lazy\" decoding=\"async\" class=\"aligncenter size-medium wp-image-503\" title=\"tn_DSC_2167\" src=\"https:\/\/www.oseba.ch\/wordpress\/wp-content\/uploads\/2011\/07\/tn_DSC_2167-300x200.jpg\" alt=\"\" width=\"300\" height=\"200\" srcset=\"https:\/\/www.oseba.ch\/wordpress\/wp-content\/uploads\/2011\/07\/tn_DSC_2167-300x200.jpg 300w, https:\/\/www.oseba.ch\/wordpress\/wp-content\/uploads\/2011\/07\/tn_DSC_2167.jpg 1024w\" sizes=\"(max-width: 300px) 100vw, 300px\" \/><\/a><\/p>\n<p>Nous d\u00e9cidons de changer le si\u00e8ge d\u2019Eliot pour le mettre sur Apollon et cela se passe tr\u00e8s bien. Il faut dire qu\u2019Apollon s\u2019est bien am\u00e9lior\u00e9, si on peut dire. Il est plus doux, docile, ne saute plus quand il y a un passage difficile et passe tr\u00e8s facilement ponts et rivi\u00e8res.<\/p>\n<p><a href=\"https:\/\/www.oseba.ch\/wordpress\/wp-content\/uploads\/2011\/07\/tn_DSC_2102.jpg\"><img loading=\"lazy\" decoding=\"async\" class=\"aligncenter size-medium wp-image-504\" title=\"tn_DSC_2102\" src=\"https:\/\/www.oseba.ch\/wordpress\/wp-content\/uploads\/2011\/07\/tn_DSC_2102-300x200.jpg\" alt=\"\" width=\"300\" height=\"200\" srcset=\"https:\/\/www.oseba.ch\/wordpress\/wp-content\/uploads\/2011\/07\/tn_DSC_2102-300x200.jpg 300w, https:\/\/www.oseba.ch\/wordpress\/wp-content\/uploads\/2011\/07\/tn_DSC_2102.jpg 1024w\" sizes=\"(max-width: 300px) 100vw, 300px\" \/><\/a><\/p>\n<p>Au Cheylard, apr\u00e8s avoir fait le plein de provisions, nous grimpons \u00e0 plus de 1&rsquo;000-1\u2019200 m\u00e8tres pour marcher sur les cr\u00eates. Le paysage est grandiose. Aux ruines du Ch\u00e2teau de Brion, la vue s\u2019offre \u00e0 nous sur presque 360\u00b0 sur tous les monts et vall\u00e9es aux alentours\u00a0: \u00e9poustouflant.<\/p>\n<p><a href=\"https:\/\/www.oseba.ch\/wordpress\/wp-content\/uploads\/2011\/07\/tn_DSC_23651.jpg\"><img loading=\"lazy\" decoding=\"async\" class=\"aligncenter size-medium wp-image-507\" title=\"tn_DSC_2365\" src=\"https:\/\/www.oseba.ch\/wordpress\/wp-content\/uploads\/2011\/07\/tn_DSC_23651-300x200.jpg\" alt=\"\" width=\"300\" height=\"200\" srcset=\"https:\/\/www.oseba.ch\/wordpress\/wp-content\/uploads\/2011\/07\/tn_DSC_23651-300x200.jpg 300w, https:\/\/www.oseba.ch\/wordpress\/wp-content\/uploads\/2011\/07\/tn_DSC_23651.jpg 1024w\" sizes=\"(max-width: 300px) 100vw, 300px\" \/><\/a><\/p>\n<p>Durant une semaine de marche, nous resterons sur ces cr\u00eates. Nous rencontrons tr\u00e8s peu de petits hameaux et presque personne. Nous avons l\u2019impression d\u2019\u00eatre seul \u00e0 marcher sur ce superbe chemin du GR 420, puis GR 7. Il faut dire que depuis plus de trois mois que nous avan\u00e7ons, nous avons rencontr\u00e9 tr\u00e8s peu d\u2019autres marcheurs, sauf exception dans le Vercors.<\/p>\n<p>Ici, les champs souffrent aussi de la s\u00e8cheresse. Un paysan nous confiait avoir ramasser la moiti\u00e9 moins de foin que l&rsquo;ann\u00e9e derni\u00e8re.<\/p>\n<p><a href=\"https:\/\/www.oseba.ch\/wordpress\/wp-content\/uploads\/2011\/07\/tn_DSC_2462.jpg\"><img loading=\"lazy\" decoding=\"async\" class=\"aligncenter size-medium wp-image-508\" title=\"tn_DSC_2462\" src=\"https:\/\/www.oseba.ch\/wordpress\/wp-content\/uploads\/2011\/07\/tn_DSC_2462-300x200.jpg\" alt=\"\" width=\"300\" height=\"200\" srcset=\"https:\/\/www.oseba.ch\/wordpress\/wp-content\/uploads\/2011\/07\/tn_DSC_2462-300x200.jpg 300w, https:\/\/www.oseba.ch\/wordpress\/wp-content\/uploads\/2011\/07\/tn_DSC_2462.jpg 1024w\" sizes=\"(max-width: 300px) 100vw, 300px\" \/><\/a><\/p>\n<p>La temp\u00e9rature est agr\u00e9able, il y a souvent du vent pour nous faire du bien et nous arrivons \u00e0 passer entre les gouttes de pluie. Nous avons droit \u00e0 2 belles averses, orage et m\u00eame gr\u00eale, mais ces deux soirs-l\u00e0, nous sommes \u00e0 l\u2019int\u00e9rieur. Heureusement, enfin pour Sonia, car Olivier aime bien les orages sous tente.<\/p>\n<p><a href=\"https:\/\/www.oseba.ch\/wordpress\/wp-content\/uploads\/2011\/07\/tn_DSC_2452.jpg\"><img loading=\"lazy\" decoding=\"async\" class=\"aligncenter size-medium wp-image-511\" title=\"tn_DSC_2452\" src=\"https:\/\/www.oseba.ch\/wordpress\/wp-content\/uploads\/2011\/07\/tn_DSC_2452-300x200.jpg\" alt=\"\" width=\"300\" height=\"200\" srcset=\"https:\/\/www.oseba.ch\/wordpress\/wp-content\/uploads\/2011\/07\/tn_DSC_2452-300x200.jpg 300w, https:\/\/www.oseba.ch\/wordpress\/wp-content\/uploads\/2011\/07\/tn_DSC_2452.jpg 1024w\" sizes=\"(max-width: 300px) 100vw, 300px\" \/><\/a><\/p>\n<p>Apr\u00e8s cette bonne semaine sur les plateaux d\u2019Ard\u00e8che, Eliot retrouve des places de jeux qui lui font grand plaisir. Il devient comme nous, \u00e0 se r\u00e9jouir comme un fou pour \u00ab\u00a0peu de choses\u00a0\u00bb, pour un simple toboggan et 2 balan\u00e7oires. C\u2019est fou aussi comme il se lie facilement aux autres enfants. Il les observe un moment, se met tout pr\u00e8s et, selon le contexte, parle ou joue avec eux. Nous sommes toujours dans le coin et aidons un peu. Mais de lui-m\u00eame, il fait souvent le premier pas. Il faut dire que le reste du temps, il est avec 2 adultes et 2 \u00e2nes, alors, d\u00e8s qu\u2019il voit un autre enfant, il en profite pour jouer avec.<\/p>\n<p><a href=\"https:\/\/www.oseba.ch\/wordpress\/wp-content\/uploads\/2011\/07\/tn_DSC_2570.jpg\"><img loading=\"lazy\" decoding=\"async\" class=\"aligncenter size-medium wp-image-512\" title=\"tn_DSC_2570\" src=\"https:\/\/www.oseba.ch\/wordpress\/wp-content\/uploads\/2011\/07\/tn_DSC_2570-300x200.jpg\" alt=\"\" width=\"300\" height=\"200\" srcset=\"https:\/\/www.oseba.ch\/wordpress\/wp-content\/uploads\/2011\/07\/tn_DSC_2570-300x200.jpg 300w, https:\/\/www.oseba.ch\/wordpress\/wp-content\/uploads\/2011\/07\/tn_DSC_2570.jpg 1024w\" sizes=\"(max-width: 300px) 100vw, 300px\" \/><\/a><\/p>\n<p>Un matin, Apollon nous fait une \u00e2nerie (chacun son tour me direz-vous). Eliot marche et tient Apollon avec Sonia. Tout d\u2019un coup, sans crier garde, les deux \u00e2niers se retrouvent les deux pieds en l\u2019air, avec un \u00e2ne qui coure dans le pr\u00e9 \u00e0 c\u00f4t\u00e9. Sonia a vite fait de prendre Eliot, qui se met \u00e0 pleurer, dans ses bras. Nous v\u00e9rifions qu\u2019il va bien et pendant ce temps, Apollon revient gentiment vers nous. En fait, il a \u00e9t\u00e9 surpris par un \u00e2ne dans le pr\u00e9 \u00e0 c\u00f4t\u00e9 (ce que l\u2019on suppose) et \u00e0 d\u00e9taler. Comme quoi, avec les \u00e2nes, rien n\u2019est jamais acquis. Eliot, lui, ne fait pas cas et monte sur Apollon sans aucune crainte.<\/p>\n<p><a href=\"https:\/\/www.oseba.ch\/wordpress\/wp-content\/uploads\/2011\/07\/tn_DSC_2422.jpg\"><img loading=\"lazy\" decoding=\"async\" class=\"aligncenter size-medium wp-image-513\" title=\"tn_DSC_2422\" src=\"https:\/\/www.oseba.ch\/wordpress\/wp-content\/uploads\/2011\/07\/tn_DSC_2422-300x200.jpg\" alt=\"\" width=\"300\" height=\"200\" srcset=\"https:\/\/www.oseba.ch\/wordpress\/wp-content\/uploads\/2011\/07\/tn_DSC_2422-300x200.jpg 300w, https:\/\/www.oseba.ch\/wordpress\/wp-content\/uploads\/2011\/07\/tn_DSC_2422.jpg 1024w\" sizes=\"(max-width: 300px) 100vw, 300px\" \/><\/a><\/p>\n<p>Nous pr\u00e9voyons de faire une halte \u00e0 la Bastide Puylaurent, mais d\u00e9chantons vite. Nous trouvons le village pas tr\u00e8s accueillant, une femme antipathique dans un gite bien cher nous fait renoncer et dans un autre, il n\u2019y a pas de place pour les \u00e2nes. Basta, nous faisons encore 2 km d\u2019une journ\u00e9e d\u00e9j\u00e0 bien charg\u00e9e pour aller au camping. Nous y serons bien, un peu frais toutefois\u00a0: 7\u00b0C le lendemain matin, avec grosses averses toute la nuit.<\/p>\n<p><a href=\"https:\/\/www.oseba.ch\/wordpress\/wp-content\/uploads\/2011\/07\/tn_DSC_2407.jpg\"><img loading=\"lazy\" decoding=\"async\" class=\"aligncenter size-medium wp-image-514\" title=\"tn_DSC_2407\" src=\"https:\/\/www.oseba.ch\/wordpress\/wp-content\/uploads\/2011\/07\/tn_DSC_2407-300x200.jpg\" alt=\"\" width=\"300\" height=\"200\" srcset=\"https:\/\/www.oseba.ch\/wordpress\/wp-content\/uploads\/2011\/07\/tn_DSC_2407-300x200.jpg 300w, https:\/\/www.oseba.ch\/wordpress\/wp-content\/uploads\/2011\/07\/tn_DSC_2407.jpg 1024w\" sizes=\"(max-width: 300px) 100vw, 300px\" \/><\/a><\/p>\n<p>Nous quittons pour 10 jours les cailloux du chemin et la compagnie des \u00e2nes pour nous reposer et rejoindre trois familles d\u2019amis qui viennent nous trouver \u00e0 Bagnols-sur-C\u00e8ze. Moment propice de repos pour tout le monde, humains et \u00e2nes, avant d\u2019entreprendre la suite du chemin de Stenvenson ou peut-\u00eatre celui de R\u00e9gordane, on ne sait pas encore.<\/p>\n","protected":false},"excerpt":{"rendered":"<p>Nous profitons bien de notre s\u00e9jour \u00e0 Die. Le samedi, nous assistons \u00e0 la grande transhumance des moutons \u00e0 travers les rues de la ville, c\u2019est tr\u00e8s impressionnant, il y en a environ 5\u2019000. La piscine municipale \u00e0 c\u00f4t\u00e9 du camping re\u00e7oit notre visite quotidienne et \u00e7a nous fait le plus grand bien. Nous partons [&hellip;]<\/p>\n","protected":false},"author":2,"featured_media":515,"comment_status":"open","ping_status":"open","sticky":false,"template":"","format":"standard","meta":{"footnotes":""},"categories":[13],"tags":[],"class_list":["post-494","post","type-post","status-publish","format-standard","has-post-thumbnail","hentry","category-voyage-en-france"],"_links":{"self":[{"href":"https:\/\/www.oseba.ch\/wordpress\/wp-json\/wp\/v2\/posts\/494"}],"collection":[{"href":"https:\/\/www.oseba.ch\/wordpress\/wp-json\/wp\/v2\/posts"}],"about":[{"href":"https:\/\/www.oseba.ch\/wordpress\/wp-json\/wp\/v2\/types\/post"}],"author":[{"embeddable":true,"href":"https:\/\/www.oseba.ch\/wordpress\/wp-json\/wp\/v2\/users\/2"}],"replies":[{"embeddable":true,"href":"https:\/\/www.oseba.ch\/wordpress\/wp-json\/wp\/v2\/comments?post=494"}],"version-history":[{"count":3,"href":"https:\/\/www.oseba.ch\/wordpress\/wp-json\/wp\/v2\/posts\/494\/revisions"}],"predecessor-version":[{"id":516,"href":"https:\/\/www.oseba.ch\/wordpress\/wp-json\/wp\/v2\/posts\/494\/revisions\/516"}],"wp:featuredmedia":[{"embeddable":true,"href":"https:\/\/www.oseba.ch\/wordpress\/wp-json\/wp\/v2\/media\/515"}],"wp:attachment":[{"href":"https:\/\/www.oseba.ch\/wordpress\/wp-json\/wp\/v2\/media?parent=494"}],"wp:term":[{"taxonomy":"category","embeddable":true,"href":"https:\/\/www.oseba.ch\/wordpress\/wp-json\/wp\/v2\/categories?post=494"},{"taxonomy":"post_tag","embeddable":true,"href":"https:\/\/www.oseba.ch\/wordpress\/wp-json\/wp\/v2\/tags?post=494"}],"curies":[{"name":"wp","href":"https:\/\/api.w.org\/{rel}","templated":true}]}}