{"id":519,"date":"2011-08-12T14:02:54","date_gmt":"2011-08-12T12:02:54","guid":{"rendered":"http:\/\/www.oseba.ch\/wordpress\/?p=519"},"modified":"2011-08-14T14:21:59","modified_gmt":"2011-08-14T12:21:59","slug":"les-aleas-du-chemin","status":"publish","type":"post","link":"https:\/\/www.oseba.ch\/wordpress\/mot-ane\/les-aleas-du-chemin","title":{"rendered":"Les al\u00e9as du chemin"},"content":{"rendered":"<p>Basil\u00a0: \u00ab\u00a0Peuch\u00e8re, mes amis, quel chemin. Et quel d\u00e9tour. Avant une bourgade (St Andr\u00e9-Cap-C\u00e8ze), mon bougre de compagn\u2019\u00e2ne nous oblige tous \u00e0 faire demi-tour. Il ne veut pas passer un endroit entre deux rochers. D\u2019accord, il est un peu \u00e9troit, mais moi, je l\u2019ai pass\u00e9 facilement. Lui, Apollon, on dirait qu\u2019il patauge dans le yaourt, ses sabots glissent\u00a0 et il panique. Heureusement, la maman a vite pu descendre le gamin, car \u00e7a bougeait plus que dans un man\u00e8ge. Il devait pas aimer \u00e7a, car il hurlait. Mais je crois pas qu\u2019il n&rsquo;a eu du mal.<\/p>\n<p>M\u00eame d\u00e9b\u00e2t\u00e9, Apollon ne veut pas passer. C\u2019est un bourricot de la plaine, pas de la montagne. Bon, c\u2019est lui qui porte le petit, je vais pas m\u2019en plaindre. Et voil\u00e0, que nos ma\u00eetres nous font faire demi-tour. Je les entends parler et comprends quelques mots comme\u00a0: \u00ab\u00a0passage difficile plus loin, prudence, d\u00e9b\u00e2ter \u00e0 nouveau, attention.\u00a0\u00bb Bon, c\u2019est vrai que le chemin plus bas est meilleur. Mais leur panneau qui signale ce chemin, les gens auraient pu le mettre \u00e0 la bifurcation, pas apr\u00e8s le passage difficile.\u00a0Paroles d\u2019\u00e2nes\u00a0\u00bb<\/p>\n<p><a href=\"https:\/\/www.oseba.ch\/wordpress\/wp-content\/uploads\/2011\/08\/tn_DSC_2927.jpg\"><img loading=\"lazy\" decoding=\"async\" class=\"aligncenter size-medium wp-image-520\" title=\"tn_DSC_2927\" src=\"https:\/\/www.oseba.ch\/wordpress\/wp-content\/uploads\/2011\/08\/tn_DSC_2927-300x200.jpg\" alt=\"\" width=\"300\" height=\"200\" srcset=\"https:\/\/www.oseba.ch\/wordpress\/wp-content\/uploads\/2011\/08\/tn_DSC_2927-300x200.jpg 300w, https:\/\/www.oseba.ch\/wordpress\/wp-content\/uploads\/2011\/08\/tn_DSC_2927.jpg 1024w\" sizes=\"(max-width: 300px) 100vw, 300px\" \/><\/a><\/p>\n<p>Apollon\u00a0: \u00ab\u00a0 Moi, je veux vous parler d\u2019une journ\u00e9e de goudron, sacrebleu et quelle mont\u00e9e. A une crois\u00e9e, nos ma\u00eetres parlent de raccourcis par la route. Bon, jusque l\u00e0, pourquoi pas. Mais les 2-3 km de routes durent en fait plus d&rsquo;1h30 de marche, sur du goudron, sous le soleil et en mont\u00e9e. Bon, heureusement, le gamin fait la sieste\u00a0chez son p\u00e8re. Vous savez, nous les \u00e2nes, nous connaissons aussi la loi de Murphis. Quand tout va mal, tout va encore plus mal. Car en fait de raccourcis, c\u2019est un d\u00e9tour. C\u2019est \u00e0 une crois\u00e9e de route que nos ma\u00eetres d\u00e9cident enfin de nous laisser brouter un peu \u00e0 l\u2019ombre d\u2019un cerisier. Quel festin pendant qu\u2019ils essayent de savoir o\u00f9 nous sommes.<\/p>\n<p>Nous les \u00e2nes, nous ne sommes jamais perdus, tant qu\u2019il y a de l\u2019herbe bien tendre. J\u2019entends dire que le GPS est en panne, que l\u2019humain ne trouve pas les piles recharg\u00e9es et qu\u2019en plus cette route que nous avons pris ne figure pas sur la carte du guide. Cette nouvelle route qu\u2019ils disent, un gars du village dit qu\u2019elle a 20 ou 30 ans! Il pourrait au moins mettre des cartes r\u00e9centes dans les guides pour \u00e9viter aux \u00e2niers de faire des \u00e2neries en prenant des raccourcies. Car en plus, ils nous font faire \u00e0 nouveau 2 km pour rejoindre le \u00ab\u00a0vrai\u00a0\u00bb chemin. Quelle journ\u00e9e mes \u00e2nis.\u00a0\u00bb<\/p>\n<p><a href=\"https:\/\/www.oseba.ch\/wordpress\/wp-content\/uploads\/2011\/08\/tn_DSC_3041.jpg\"><img loading=\"lazy\" decoding=\"async\" class=\"aligncenter size-medium wp-image-522\" title=\"tn_DSC_3041\" src=\"https:\/\/www.oseba.ch\/wordpress\/wp-content\/uploads\/2011\/08\/tn_DSC_3041-300x200.jpg\" alt=\"\" width=\"300\" height=\"200\" srcset=\"https:\/\/www.oseba.ch\/wordpress\/wp-content\/uploads\/2011\/08\/tn_DSC_3041-300x200.jpg 300w, https:\/\/www.oseba.ch\/wordpress\/wp-content\/uploads\/2011\/08\/tn_DSC_3041.jpg 1024w\" sizes=\"(max-width: 300px) 100vw, 300px\" \/><\/a><\/p>\n<p>Basil\u00a0: \u00ab\u00a0Nos bourreaux sont redevenus des \u00e2niers digne de ce nom. Ils nous ont enfin remis un parc o\u00f9 l\u2019on peut se promener un peu. Bon, vous me direz que l\u2019on se prom\u00e8ne toute la journ\u00e9e et vous avez raison. Mais un peu plus d\u2019espace pour se rouler et se reposer nous fait du bien. Ils ont laiss\u00e9 les cha\u00eenes aux Romains. Par contre, ils nous ont mis de l\u2019\u00e9lectricit\u00e9, quelle affaire cette histoire, pas dr\u00f4le pour nos museaux si sensibles.\u00a0\u00bb<\/p>\n<p><a href=\"https:\/\/www.oseba.ch\/wordpress\/wp-content\/uploads\/2011\/08\/tn_DSC_3196.jpg\"><img loading=\"lazy\" decoding=\"async\" class=\"aligncenter size-medium wp-image-521\" title=\"tn_DSC_3196\" src=\"https:\/\/www.oseba.ch\/wordpress\/wp-content\/uploads\/2011\/08\/tn_DSC_3196-300x200.jpg\" alt=\"\" width=\"300\" height=\"200\" srcset=\"https:\/\/www.oseba.ch\/wordpress\/wp-content\/uploads\/2011\/08\/tn_DSC_3196-300x200.jpg 300w, https:\/\/www.oseba.ch\/wordpress\/wp-content\/uploads\/2011\/08\/tn_DSC_3196.jpg 1024w\" sizes=\"(max-width: 300px) 100vw, 300px\" \/><\/a><\/p>\n<p>Apollon\u00a0: \u00ab Nous avons fait une bonne farce \u00e0 notre ma\u00eetre. Il \u00e9tait venu pour nous d\u00e9placer le parc et nous donner plus d\u2019herbes. Mais cette ouverture du parc, c\u2019\u00e9tait tellement tentant. Alors quand mon comparse a pris ses pattes \u00e0 son cou, je me suis empress\u00e9 de le suivre. Notre Olivier essaye de nous rattraper, mais il devra faire 3 fois le tour du camping pour nous choper. Et m\u00eame que pour sa fiert\u00e9, c\u2019est la petiote qui nous a attraper. Bon, on s\u2019est bien d\u00e9foul\u00e9 et tous les gens sortaient de leur cabane en dure ou en toile pour nous voir passer. Quelle popularit\u00e9\u00a0!\u00a0\u00bb<\/p>\n","protected":false},"excerpt":{"rendered":"<p>Basil\u00a0: \u00ab\u00a0Peuch\u00e8re, mes amis, quel chemin. Et quel d\u00e9tour. Avant une bourgade (St Andr\u00e9-Cap-C\u00e8ze), mon bougre de compagn\u2019\u00e2ne nous oblige tous \u00e0 faire demi-tour. Il ne veut pas passer un endroit entre deux rochers. D\u2019accord, il est un peu \u00e9troit, mais moi, je l\u2019ai pass\u00e9 facilement. Lui, Apollon, on dirait qu\u2019il patauge dans le yaourt, [&hellip;]<\/p>\n","protected":false},"author":2,"featured_media":0,"comment_status":"open","ping_status":"open","sticky":false,"template":"","format":"standard","meta":{"footnotes":""},"categories":[11],"tags":[],"class_list":["post-519","post","type-post","status-publish","format-standard","hentry","category-mot-ane"],"_links":{"self":[{"href":"https:\/\/www.oseba.ch\/wordpress\/wp-json\/wp\/v2\/posts\/519"}],"collection":[{"href":"https:\/\/www.oseba.ch\/wordpress\/wp-json\/wp\/v2\/posts"}],"about":[{"href":"https:\/\/www.oseba.ch\/wordpress\/wp-json\/wp\/v2\/types\/post"}],"author":[{"embeddable":true,"href":"https:\/\/www.oseba.ch\/wordpress\/wp-json\/wp\/v2\/users\/2"}],"replies":[{"embeddable":true,"href":"https:\/\/www.oseba.ch\/wordpress\/wp-json\/wp\/v2\/comments?post=519"}],"version-history":[{"count":3,"href":"https:\/\/www.oseba.ch\/wordpress\/wp-json\/wp\/v2\/posts\/519\/revisions"}],"predecessor-version":[{"id":524,"href":"https:\/\/www.oseba.ch\/wordpress\/wp-json\/wp\/v2\/posts\/519\/revisions\/524"}],"wp:attachment":[{"href":"https:\/\/www.oseba.ch\/wordpress\/wp-json\/wp\/v2\/media?parent=519"}],"wp:term":[{"taxonomy":"category","embeddable":true,"href":"https:\/\/www.oseba.ch\/wordpress\/wp-json\/wp\/v2\/categories?post=519"},{"taxonomy":"post_tag","embeddable":true,"href":"https:\/\/www.oseba.ch\/wordpress\/wp-json\/wp\/v2\/tags?post=519"}],"curies":[{"name":"wp","href":"https:\/\/api.w.org\/{rel}","templated":true}]}}