{"id":526,"date":"2011-08-13T14:22:49","date_gmt":"2011-08-13T12:22:49","guid":{"rendered":"http:\/\/www.oseba.ch\/wordpress\/?p=526"},"modified":"2011-08-14T14:46:10","modified_gmt":"2011-08-14T12:46:10","slug":"petites-anecdotes-et-reflexions","status":"publish","type":"post","link":"https:\/\/www.oseba.ch\/wordpress\/voyage-en-france\/petites-anecdotes-et-reflexions","title":{"rendered":"Petites anecdotes et r\u00e9flexions"},"content":{"rendered":"<p>Au barrage du lac de Villefort, Olivier dit : \u00ab\u00a0c\u2019est presque aussi beau qu\u2019un barrage suisse\u00a0!\u00a0\u00bb. Cela fera bien rire des touristes \u00e0 c\u00f4t\u00e9 de nous.<\/p>\n<p><a href=\"https:\/\/www.oseba.ch\/wordpress\/wp-content\/uploads\/2011\/08\/tn_DSC_29201.jpg\"><img loading=\"lazy\" decoding=\"async\" class=\"aligncenter size-medium wp-image-530\" title=\"tn_DSC_2920\" src=\"https:\/\/www.oseba.ch\/wordpress\/wp-content\/uploads\/2011\/08\/tn_DSC_29201-300x200.jpg\" alt=\"\" width=\"300\" height=\"200\" srcset=\"https:\/\/www.oseba.ch\/wordpress\/wp-content\/uploads\/2011\/08\/tn_DSC_29201-300x200.jpg 300w, https:\/\/www.oseba.ch\/wordpress\/wp-content\/uploads\/2011\/08\/tn_DSC_29201.jpg 1024w\" sizes=\"(max-width: 300px) 100vw, 300px\" \/><\/a><\/p>\n<p>Un matin, dans les gestes du rangements des affaires, Eliot me dit : \u00ab\u00a0maman, je peux pas t\u2019aider, car je brosse les \u00e2nes\u00a0!\u00a0\u00bb C\u2019est tout simplement d\u00e9licieux et cela montre son envie de nous aider.<\/p>\n<p><a href=\"https:\/\/www.oseba.ch\/wordpress\/wp-content\/uploads\/2011\/08\/tn_DSC_2937.jpg\"><img loading=\"lazy\" decoding=\"async\" class=\"aligncenter size-medium wp-image-528\" title=\"tn_DSC_2937\" src=\"https:\/\/www.oseba.ch\/wordpress\/wp-content\/uploads\/2011\/08\/tn_DSC_2937-300x200.jpg\" alt=\"\" width=\"300\" height=\"200\" srcset=\"https:\/\/www.oseba.ch\/wordpress\/wp-content\/uploads\/2011\/08\/tn_DSC_2937-300x200.jpg 300w, https:\/\/www.oseba.ch\/wordpress\/wp-content\/uploads\/2011\/08\/tn_DSC_2937.jpg 1024w\" sizes=\"(max-width: 300px) 100vw, 300px\" \/><\/a><\/p>\n<p>Quand nos \u00e2nes sont au parc, ils re\u00e7oivent de nombreuses visites de toutes sortes. Par contre, nous devons \u00eatre vigilants quant \u00e0 ce que les gens leur donnent \u00e0 manger. Le pire qu\u2019on a vu, c\u2019est du bacon. Il faut \u00eatre un krutmowutz pour donner du lard grill\u00e9 aux \u00e2nes\u00a0!! Ils ne sont pas carnivores\u00a0! D\u2019o\u00f9 vient ce besoin de nourrir les animaux de n\u2019importe quoi\u00a0?<\/p>\n<p><a href=\"https:\/\/www.oseba.ch\/wordpress\/wp-content\/uploads\/2011\/08\/tn_DSC_2954.jpg\"><img loading=\"lazy\" decoding=\"async\" class=\"size-medium wp-image-529 alignright\" title=\"tn_DSC_2954\" src=\"https:\/\/www.oseba.ch\/wordpress\/wp-content\/uploads\/2011\/08\/tn_DSC_2954-200x300.jpg\" alt=\"\" width=\"200\" height=\"300\" srcset=\"https:\/\/www.oseba.ch\/wordpress\/wp-content\/uploads\/2011\/08\/tn_DSC_2954-200x300.jpg 200w, https:\/\/www.oseba.ch\/wordpress\/wp-content\/uploads\/2011\/08\/tn_DSC_2954.jpg 514w\" sizes=\"(max-width: 200px) 100vw, 200px\" \/><\/a><\/p>\n<p>Eliot sait de mieux en mieux reconna\u00eetre les arbres le long du chemin\u00a0: ch\u00eane, \u00eatre, ch\u00e2taignier, noyer, cerisier, thuya, \u2026 Un jour, en passant \u00e0 c\u00f4t\u00e9 d\u2019un jardin, il nous annonce fi\u00e8rement\u00a0: \u00ab\u00a0l\u2019arbre qui donne les tomates, c\u2019est un tomatier\u00a0!\u00a0\u00bb<\/p>\n<p>&nbsp;<\/p>\n<p>Nous avons une chance inou\u00efe depuis le d\u00e9part de notre voyage avec une m\u00e9t\u00e9o favorable. Bien du soleil en avril et mai. Un peu de pluie en juin et juillet, juste ce qu\u2019il faut pour reverdir les pr\u00e9s qui sont normalement tout secs en \u00e9t\u00e9 au sud. Moi qui craignais d\u2019\u00eatre au sud en juillet-ao\u00fbt pour trouver \u00e0 manger aux \u00e2nes, pour le moment, nous n\u2019avons pas eu de probl\u00e8me. Les champs de c\u00e9r\u00e9ales d\u00e9j\u00e0 labour\u00e9s sont habituellement beaux secs, mais cette ann\u00e9e, ils sont tout vert de mauvais herbes.<\/p>\n<p><a href=\"https:\/\/www.oseba.ch\/wordpress\/wp-content\/uploads\/2011\/08\/tn_DSC_3100.jpg\"><img loading=\"lazy\" decoding=\"async\" class=\"aligncenter size-medium wp-image-531\" title=\"tn_DSC_3100\" src=\"https:\/\/www.oseba.ch\/wordpress\/wp-content\/uploads\/2011\/08\/tn_DSC_3100-300x200.jpg\" alt=\"\" width=\"300\" height=\"200\" srcset=\"https:\/\/www.oseba.ch\/wordpress\/wp-content\/uploads\/2011\/08\/tn_DSC_3100-300x200.jpg 300w, https:\/\/www.oseba.ch\/wordpress\/wp-content\/uploads\/2011\/08\/tn_DSC_3100.jpg 1024w\" sizes=\"(max-width: 300px) 100vw, 300px\" \/><\/a><\/p>\n<p>Nous retenons parfois des le\u00e7ons du chemin. Par exemple, les gens sont parfois avides de nous donner des conseils sur la suite \u00e0 prendre. Malheureusement, il faut parfois s\u2019en m\u00e9fier, car ils font le trajets en voiture et non \u00e0 pied, ce qui fausse leur appr\u00e9ciation des distances (2km dure vite plus d\u20191h) et du type de chemin possible (route goudronn\u00e9e ou petit sentier m\u00e9connu).<\/p>\n","protected":false},"excerpt":{"rendered":"<p>Au barrage du lac de Villefort, Olivier dit : \u00ab\u00a0c\u2019est presque aussi beau qu\u2019un barrage suisse\u00a0!\u00a0\u00bb. Cela fera bien rire des touristes \u00e0 c\u00f4t\u00e9 de nous. Un matin, dans les gestes du rangements des affaires, Eliot me dit : \u00ab\u00a0maman, je peux pas t\u2019aider, car je brosse les \u00e2nes\u00a0!\u00a0\u00bb C\u2019est tout simplement d\u00e9licieux et cela [&hellip;]<\/p>\n","protected":false},"author":2,"featured_media":0,"comment_status":"open","ping_status":"open","sticky":false,"template":"","format":"standard","meta":{"footnotes":""},"categories":[13],"tags":[],"class_list":["post-526","post","type-post","status-publish","format-standard","hentry","category-voyage-en-france"],"_links":{"self":[{"href":"https:\/\/www.oseba.ch\/wordpress\/wp-json\/wp\/v2\/posts\/526"}],"collection":[{"href":"https:\/\/www.oseba.ch\/wordpress\/wp-json\/wp\/v2\/posts"}],"about":[{"href":"https:\/\/www.oseba.ch\/wordpress\/wp-json\/wp\/v2\/types\/post"}],"author":[{"embeddable":true,"href":"https:\/\/www.oseba.ch\/wordpress\/wp-json\/wp\/v2\/users\/2"}],"replies":[{"embeddable":true,"href":"https:\/\/www.oseba.ch\/wordpress\/wp-json\/wp\/v2\/comments?post=526"}],"version-history":[{"count":2,"href":"https:\/\/www.oseba.ch\/wordpress\/wp-json\/wp\/v2\/posts\/526\/revisions"}],"predecessor-version":[{"id":534,"href":"https:\/\/www.oseba.ch\/wordpress\/wp-json\/wp\/v2\/posts\/526\/revisions\/534"}],"wp:attachment":[{"href":"https:\/\/www.oseba.ch\/wordpress\/wp-json\/wp\/v2\/media?parent=526"}],"wp:term":[{"taxonomy":"category","embeddable":true,"href":"https:\/\/www.oseba.ch\/wordpress\/wp-json\/wp\/v2\/categories?post=526"},{"taxonomy":"post_tag","embeddable":true,"href":"https:\/\/www.oseba.ch\/wordpress\/wp-json\/wp\/v2\/tags?post=526"}],"curies":[{"name":"wp","href":"https:\/\/api.w.org\/{rel}","templated":true}]}}