{"id":535,"date":"2011-08-14T15:22:53","date_gmt":"2011-08-14T13:22:53","guid":{"rendered":"http:\/\/www.oseba.ch\/wordpress\/?p=535"},"modified":"2011-08-14T15:48:03","modified_gmt":"2011-08-14T13:48:03","slug":"la-regordane","status":"publish","type":"post","link":"https:\/\/www.oseba.ch\/wordpress\/voyage-en-france\/la-regordane","title":{"rendered":"La R\u00e9gord&rsquo;\u00e2ne"},"content":{"rendered":"<p>Nous profitons bien de nos vacances \u00e0 Bagnols-sur-C\u00e8ze avec une immersion en Hollande (le camping compte 98 % de Hollandais). Eliot d\u00e9couvre les joies du cano\u00eb, et profite de la piscine, du bord de la rivi\u00e8re, du sable, des cailloux, de saut en trampoline\u2026<\/p>\n<p><a href=\"https:\/\/www.oseba.ch\/wordpress\/wp-content\/uploads\/2011\/08\/tn_DSC_2585.jpg\"><img loading=\"lazy\" decoding=\"async\" class=\"aligncenter size-medium wp-image-536\" title=\"tn_DSC_2585\" src=\"https:\/\/www.oseba.ch\/wordpress\/wp-content\/uploads\/2011\/08\/tn_DSC_2585-300x200.jpg\" alt=\"\" width=\"300\" height=\"200\" srcset=\"https:\/\/www.oseba.ch\/wordpress\/wp-content\/uploads\/2011\/08\/tn_DSC_2585-300x200.jpg 300w, https:\/\/www.oseba.ch\/wordpress\/wp-content\/uploads\/2011\/08\/tn_DSC_2585.jpg 1024w\" sizes=\"(max-width: 300px) 100vw, 300px\" \/><\/a><\/p>\n<p>Nous avons tous les trois grand plaisir de retrouver nos amis Marie-Laure et Manu, Anita et Philippe, Carina et St\u00e9phane et leurs enfants. Nous profitons bien d\u2019\u00eatre ensemble, de parler, de jouer\u2026 De belles journ\u00e9es et soir\u00e9es bien sympathiques.<\/p>\n<p><a href=\"https:\/\/www.oseba.ch\/wordpress\/wp-content\/uploads\/2011\/08\/tn_DSC_2600.jpg\"><img loading=\"lazy\" decoding=\"async\" class=\"aligncenter size-medium wp-image-537\" title=\"tn_DSC_2600\" src=\"https:\/\/www.oseba.ch\/wordpress\/wp-content\/uploads\/2011\/08\/tn_DSC_2600-300x200.jpg\" alt=\"\" width=\"300\" height=\"200\" srcset=\"https:\/\/www.oseba.ch\/wordpress\/wp-content\/uploads\/2011\/08\/tn_DSC_2600-300x200.jpg 300w, https:\/\/www.oseba.ch\/wordpress\/wp-content\/uploads\/2011\/08\/tn_DSC_2600.jpg 1024w\" sizes=\"(max-width: 300px) 100vw, 300px\" \/><\/a><\/p>\n<p>Le 25 juillet, nous retrouvons nos \u00e2nes \u00e0 la Bastide-Puylaurent. Apr\u00e8s bien des rencontres et des h\u00e9sitations, nous d\u00e9cidons de prendre le chemin de la R\u00e9gordane. C\u2019est un chemin plus historique et plus direct que Stevenson. Cela nous \u00e9vite aussi de monter et descendre le mont Loz\u00e8re, sans forc\u00e9ment avoir de vue, selon la m\u00e9t\u00e9o.<\/p>\n<p><a href=\"https:\/\/www.oseba.ch\/wordpress\/wp-content\/uploads\/2011\/08\/tn_DSC_2835.jpg\"><img loading=\"lazy\" decoding=\"async\" class=\"aligncenter size-medium wp-image-539\" title=\"tn_DSC_2835\" src=\"https:\/\/www.oseba.ch\/wordpress\/wp-content\/uploads\/2011\/08\/tn_DSC_2835-300x200.jpg\" alt=\"\" width=\"300\" height=\"200\" srcset=\"https:\/\/www.oseba.ch\/wordpress\/wp-content\/uploads\/2011\/08\/tn_DSC_2835-300x200.jpg 300w, https:\/\/www.oseba.ch\/wordpress\/wp-content\/uploads\/2011\/08\/tn_DSC_2835.jpg 1024w\" sizes=\"(max-width: 300px) 100vw, 300px\" \/><\/a><\/p>\n<p>Nous partons de la Bastide avec une m\u00e9t\u00e9o bien grise, alternant entre nuage et pluie. Cela ne g\u00eane pas du tout Eliot qui s\u2019amuse \u00e0 sauter dans les gouilles (flaques d\u2019eau) et est heureux de sortir son petit parapluie orange.<\/p>\n<p><a href=\"https:\/\/www.oseba.ch\/wordpress\/wp-content\/uploads\/2011\/08\/tn_DSC_2847.jpg\"><img loading=\"lazy\" decoding=\"async\" class=\"aligncenter size-medium wp-image-538\" title=\"tn_DSC_2847\" src=\"https:\/\/www.oseba.ch\/wordpress\/wp-content\/uploads\/2011\/08\/tn_DSC_2847-300x200.jpg\" alt=\"\" width=\"300\" height=\"200\" srcset=\"https:\/\/www.oseba.ch\/wordpress\/wp-content\/uploads\/2011\/08\/tn_DSC_2847-300x200.jpg 300w, https:\/\/www.oseba.ch\/wordpress\/wp-content\/uploads\/2011\/08\/tn_DSC_2847.jpg 1024w\" sizes=\"(max-width: 300px) 100vw, 300px\" \/><\/a><\/p>\n<p>Le chemin que nous empruntons est une ancienne voie romaine. Ce chemin a \u00e9t\u00e9 emprunt\u00e9 depuis la nuit des temps par les animaux, les chasseurs, les nomades\u2026 Les Romains n\u2019ont fait qu\u2019am\u00e9nager une route l\u00e0 o\u00f9 existait une voie, comme une faille du Nord au Sud. Plusieurs cols en favorisent le passage. Par la suite, c\u2019est devenu un chemin de p\u00e8lerinage vers St Gilles, grand gu\u00e9risseur et protecteur des enfants. Certains l\u2019invoquent en cas de st\u00e9rilit\u00e9. Est-ce un signe pour nous\u00a0? Un petit coup de pouce de St Gilles nous serait bien utile.<\/p>\n<p><a href=\"https:\/\/www.oseba.ch\/wordpress\/wp-content\/uploads\/2011\/08\/tn_DSC_2875.jpg\"><img loading=\"lazy\" decoding=\"async\" class=\"aligncenter size-medium wp-image-542\" title=\"tn_DSC_2875\" src=\"https:\/\/www.oseba.ch\/wordpress\/wp-content\/uploads\/2011\/08\/tn_DSC_2875-300x200.jpg\" alt=\"\" width=\"300\" height=\"200\" srcset=\"https:\/\/www.oseba.ch\/wordpress\/wp-content\/uploads\/2011\/08\/tn_DSC_2875-300x200.jpg 300w, https:\/\/www.oseba.ch\/wordpress\/wp-content\/uploads\/2011\/08\/tn_DSC_2875.jpg 1024w\" sizes=\"(max-width: 300px) 100vw, 300px\" \/><\/a><\/p>\n<p>Sur ce chemin romain, nous rep\u00e9rons souvent les pierres taill\u00e9es par les nombreux passages de chars. A certains endroits, ce sont des orni\u00e8res creus\u00e9es dans la roche, parfois volontairement pour stabiliser les chariots dans les fortes d\u00e9clivit\u00e9s, parfois due \u00e0 l\u2019usure d\u2019un trafic intense.<\/p>\n<p><a href=\"https:\/\/www.oseba.ch\/wordpress\/wp-content\/uploads\/2011\/08\/tn_DSC_2837.jpg\"><img loading=\"lazy\" decoding=\"async\" class=\"aligncenter size-medium wp-image-540\" title=\"tn_DSC_2837\" src=\"https:\/\/www.oseba.ch\/wordpress\/wp-content\/uploads\/2011\/08\/tn_DSC_2837-300x200.jpg\" alt=\"\" width=\"300\" height=\"200\" srcset=\"https:\/\/www.oseba.ch\/wordpress\/wp-content\/uploads\/2011\/08\/tn_DSC_2837-300x200.jpg 300w, https:\/\/www.oseba.ch\/wordpress\/wp-content\/uploads\/2011\/08\/tn_DSC_2837.jpg 1024w\" sizes=\"(max-width: 300px) 100vw, 300px\" \/><\/a><\/p>\n<p>A Eliot, nous expliquons que ce sont les Romains qui ont construit ces routes, il y a tr\u00e8s longtemps. Ce sont les grands-papas de grand-papa de grand-papa\u2026 Eliot r\u00e9pond\u00a0: \u00ab\u00a0\u00e7a fait beaucoup beaucoup beaucoup de grands-papas de grands-papas.\u00a0\u00bb Comment peut-il imaginer si loin en arri\u00e8re, alors que pour nous, c\u2019est d\u00e9j\u00e0 difficile\u00a0?<\/p>\n<p><a href=\"https:\/\/www.oseba.ch\/wordpress\/wp-content\/uploads\/2011\/08\/tn_DSC_2930.jpg\"><img loading=\"lazy\" decoding=\"async\" class=\"aligncenter size-medium wp-image-541\" title=\"tn_DSC_2930\" src=\"https:\/\/www.oseba.ch\/wordpress\/wp-content\/uploads\/2011\/08\/tn_DSC_2930-300x200.jpg\" alt=\"\" width=\"300\" height=\"200\" srcset=\"https:\/\/www.oseba.ch\/wordpress\/wp-content\/uploads\/2011\/08\/tn_DSC_2930-300x200.jpg 300w, https:\/\/www.oseba.ch\/wordpress\/wp-content\/uploads\/2011\/08\/tn_DSC_2930.jpg 1024w\" sizes=\"(max-width: 300px) 100vw, 300px\" \/><\/a><\/p>\n<p>Les chemins sont tr\u00e8s agr\u00e9ables et les paysages magnifiques. L\u2019arriv\u00e9e \u00e0 la Garde-Gu\u00e9rin nous invite \u00e0 une halte.\u00a0 Cet ancien village m\u00e9di\u00e9val est superbement bien r\u00e9nov\u00e9 et une visite s\u2019impose. Un \u00e9norme nuage noir est sur nos t\u00eates, mais il passera en nous laissant au sec pour cette fois. \u00a0Nous montons \u00e0 la tour \u00ab\u00a0\u00e0 nos risques et p\u00e9rils\u00a0\u00bb, comme l\u2019annonce une affiche. Effectivement, la mont\u00e9e est un peu scabreuse, mais la hauteur nous offre une vue grandiose sur les C\u00e9vennes et les gorges du Chassezac.<\/p>\n<p><a href=\"https:\/\/www.oseba.ch\/wordpress\/wp-content\/uploads\/2011\/08\/tn_DSC_2879.jpg\"><img loading=\"lazy\" decoding=\"async\" class=\"aligncenter size-medium wp-image-543\" title=\"tn_DSC_2879\" src=\"https:\/\/www.oseba.ch\/wordpress\/wp-content\/uploads\/2011\/08\/tn_DSC_2879-300x200.jpg\" alt=\"\" width=\"300\" height=\"200\" srcset=\"https:\/\/www.oseba.ch\/wordpress\/wp-content\/uploads\/2011\/08\/tn_DSC_2879-300x200.jpg 300w, https:\/\/www.oseba.ch\/wordpress\/wp-content\/uploads\/2011\/08\/tn_DSC_2879.jpg 1024w\" sizes=\"(max-width: 300px) 100vw, 300px\" \/><\/a><\/p>\n<p>Nous avons la chance de passer \u00e0 Villefort le jour du march\u00e9. Sonia se r\u00e9gale de fruits et l\u00e9gumes frais, Olivier de bons saucissons et fromages. Pour Eliot, ce sera des bulles de savon. Quand nous passerons avec les \u00e2nes, tous les regards seront tourn\u00e9s sur nous, plut\u00f4t sur les \u00e2nes et sur Eliot perch\u00e9 sur son si\u00e8ge.<\/p>\n<p>Nous traversons de magnifiques for\u00eats de ch\u00e2taigniers. Une dame nous racontait que dans son enfance, les ch\u00e2taignes \u00e9taient dans de nombreux plats, en soupe, tarte, sauce, pain\u2026\u00a0 Ils constituaient l\u2019aliment de base du pauvre dans les C\u00e9vennes. Plus loin, ce sera les grands pins avec des \u00e9normes pives (pignes comme ils disent ici) ou pommes de pin. (Si je n\u2019\u00e9tais pas \u00e0 pied, j\u2019en ram\u00e8nerais plusieurs\u00a0!).<\/p>\n<p><a href=\"https:\/\/www.oseba.ch\/wordpress\/wp-content\/uploads\/2011\/08\/tn_DSC_2905.jpg\"><img loading=\"lazy\" decoding=\"async\" class=\"aligncenter size-medium wp-image-553\" title=\"tn_DSC_2905\" src=\"https:\/\/www.oseba.ch\/wordpress\/wp-content\/uploads\/2011\/08\/tn_DSC_2905-300x200.jpg\" alt=\"\" width=\"300\" height=\"200\" srcset=\"https:\/\/www.oseba.ch\/wordpress\/wp-content\/uploads\/2011\/08\/tn_DSC_2905-300x200.jpg 300w, https:\/\/www.oseba.ch\/wordpress\/wp-content\/uploads\/2011\/08\/tn_DSC_2905.jpg 1024w\" sizes=\"(max-width: 300px) 100vw, 300px\" \/><\/a><\/p>\n<p>Dans la mont\u00e9e au col de Portes, deux couples \u00e0 l\u2019ombre d\u2019une propri\u00e9t\u00e9 nous proposent de l\u2019eau et du melon. Un brin de causette bien sympathique. Pour le coup, Eliot ressort son harmonica et joue un morceau pour remercier ces gens. Ces derniers nous annoncent qu\u2019il y a une f\u00eate m\u00e9di\u00e9vale au Ch\u00e2teau de Portes.<\/p>\n<p><a href=\"https:\/\/www.oseba.ch\/wordpress\/wp-content\/uploads\/2011\/08\/tn_DSC_2996.jpg\"><img loading=\"lazy\" decoding=\"async\" class=\"aligncenter size-medium wp-image-544\" title=\"tn_DSC_2996\" src=\"https:\/\/www.oseba.ch\/wordpress\/wp-content\/uploads\/2011\/08\/tn_DSC_2996-300x200.jpg\" alt=\"\" width=\"300\" height=\"200\" srcset=\"https:\/\/www.oseba.ch\/wordpress\/wp-content\/uploads\/2011\/08\/tn_DSC_2996-300x200.jpg 300w, https:\/\/www.oseba.ch\/wordpress\/wp-content\/uploads\/2011\/08\/tn_DSC_2996.jpg 1024w\" sizes=\"(max-width: 300px) 100vw, 300px\" \/><\/a><\/p>\n<p>Nous nous empressons d\u2019y arriver pour admirer \u00ab\u00a0les portes du temps\u00a0\u00bb\u00a0: combats de chevaliers, tire \u00e0 l\u2019arc et d\u00e9guster un bon vin d\u2019Hypocrasse. Eliot est tout impressionn\u00e9. Ce ch\u00e2teau m\u00e9di\u00e9val a re\u00e7u des ajouts \u00e0 la Renaissance et au XVIe si\u00e8cle, dont un angle de mur tr\u00e8s aigu\u00eb, qui lui conf\u00e8re une allure de bateau. La vue sur les C\u00e9vennes est tr\u00e8s belle et porte jusqu\u2019au mont Loz\u00e8re.<\/p>\n<p><a href=\"https:\/\/www.oseba.ch\/wordpress\/wp-content\/uploads\/2011\/08\/tn_DSC_2988.jpg\"><img loading=\"lazy\" decoding=\"async\" class=\"aligncenter size-medium wp-image-545\" title=\"tn_DSC_2988\" src=\"https:\/\/www.oseba.ch\/wordpress\/wp-content\/uploads\/2011\/08\/tn_DSC_2988-300x200.jpg\" alt=\"\" width=\"300\" height=\"200\" srcset=\"https:\/\/www.oseba.ch\/wordpress\/wp-content\/uploads\/2011\/08\/tn_DSC_2988-300x200.jpg 300w, https:\/\/www.oseba.ch\/wordpress\/wp-content\/uploads\/2011\/08\/tn_DSC_2988.jpg 1024w\" sizes=\"(max-width: 300px) 100vw, 300px\" \/><\/a><\/p>\n<p>Cette r\u00e9gion a fortement \u00e9t\u00e9 marqu\u00e9e par l\u2019exploitation de mines de charbon. A Portes, cela a caus\u00e9 de grandes fissures au ch\u00e2teau et l\u2019effondrement d\u2019une partie du village. A Al\u00e8s, nous visitons une ancienne mine de charbon construite pour l\u2019apprentissage des professions de la mine. Le guide issu d\u2019une famille de minier rend la visite des plus vivantes et nous fait prendre conscience de la difficult\u00e9 et de la dangerosit\u00e9 de ces m\u00e9tiers miniers.<\/p>\n<p><a href=\"https:\/\/www.oseba.ch\/wordpress\/wp-content\/uploads\/2011\/08\/tn_DSC_3070.jpg\"><img loading=\"lazy\" decoding=\"async\" class=\"aligncenter size-medium wp-image-546\" title=\"tn_DSC_3070\" src=\"https:\/\/www.oseba.ch\/wordpress\/wp-content\/uploads\/2011\/08\/tn_DSC_3070-300x200.jpg\" alt=\"\" width=\"300\" height=\"200\" srcset=\"https:\/\/www.oseba.ch\/wordpress\/wp-content\/uploads\/2011\/08\/tn_DSC_3070-300x200.jpg 300w, https:\/\/www.oseba.ch\/wordpress\/wp-content\/uploads\/2011\/08\/tn_DSC_3070.jpg 1024w\" sizes=\"(max-width: 300px) 100vw, 300px\" \/><\/a><\/p>\n<p>A Al\u00e8s, nous faisons une halte pour r\u00e9parer les sacoches. Une particuli\u00e8rement a \u00e9t\u00e9 d\u00e9chir\u00e9 en travers, Apollon a forc\u00e9 sur une branche, la boucle a bien tenue, mais c\u2019est la sacoche qui a morfl\u00e9. Il y a aussi quelques coutures \u00e0 renforcer et doubler le bord de la nouvelle couverture de Basil. Nous avons du tr\u00e8s bon mat\u00e9riel, mais il souffre comme 10-15 ans d\u2019utilisation normale. Nous avons mont\u00e9 la tente pr\u00e8s de 80 fois, nos sacoches et b\u00e2t ont 80 jours d\u2019utilisations (sans compter les jours avant le voyage). Nous avons d\u00fb changer un curseur de fermeture \u00e9clair de la tente, recoudre un bout de moustiquaire, changer de souliers pour Olivier. Mais cela se passe bien.<\/p>\n<p><a href=\"https:\/\/www.oseba.ch\/wordpress\/wp-content\/uploads\/2011\/08\/tn_DSC_3111.jpg\"><img loading=\"lazy\" decoding=\"async\" class=\"aligncenter size-medium wp-image-547\" title=\"tn_DSC_3111\" src=\"https:\/\/www.oseba.ch\/wordpress\/wp-content\/uploads\/2011\/08\/tn_DSC_3111-300x200.jpg\" alt=\"\" width=\"300\" height=\"200\" srcset=\"https:\/\/www.oseba.ch\/wordpress\/wp-content\/uploads\/2011\/08\/tn_DSC_3111-300x200.jpg 300w, https:\/\/www.oseba.ch\/wordpress\/wp-content\/uploads\/2011\/08\/tn_DSC_3111.jpg 1024w\" sizes=\"(max-width: 300px) 100vw, 300px\" \/><\/a><\/p>\n<p>Depuis Al\u00e8s, nous sommes bien bas en altitudes, vers 150m. Le paysage devient plus plat, les champs se colorent de vignes et d\u2019arbres fruitiers (surtout entre N\u00eemes et St Gilles). Nous retrouvons Sabine et Roland pour 3 jours. Un puissant orage, avec une forte pluie ne nous \u00e9pargne pas. La journ\u00e9e de marche avec Sabine est pluvieuse et elle revient le lendemain pour avoir le soleil. Apr\u00e8s la pluie, les paysages sont magnifiques, l\u2019air est lav\u00e9 et les quelques nuages donnent de belles couleurs aux photos.<\/p>\n<p><a href=\"https:\/\/www.oseba.ch\/wordpress\/wp-content\/uploads\/2011\/08\/tn_DSC_3180.jpg\"><img loading=\"lazy\" decoding=\"async\" class=\"aligncenter size-medium wp-image-556\" title=\"tn_DSC_3180\" src=\"https:\/\/www.oseba.ch\/wordpress\/wp-content\/uploads\/2011\/08\/tn_DSC_3180-300x200.jpg\" alt=\"\" width=\"300\" height=\"200\" srcset=\"https:\/\/www.oseba.ch\/wordpress\/wp-content\/uploads\/2011\/08\/tn_DSC_3180-300x200.jpg 300w, https:\/\/www.oseba.ch\/wordpress\/wp-content\/uploads\/2011\/08\/tn_DSC_3180.jpg 1024w\" sizes=\"(max-width: 300px) 100vw, 300px\" \/><\/a><\/p>\n<p>A N\u00eemes, nous prenons une pause pour visiter cette ancienne ville romaine\u00a0: sa maison carr\u00e9, son amphith\u00e9\u00e2tre, sa cath\u00e9drale et sa vieille ville. Nous avons enfin pu trouver un mar\u00e9chale ferrant pour parer les sabots des \u00e2nes. N\u00eemes est une des villes les plus chaudes de France, mais la temp\u00e9rature est bien en dessous des normes.<\/p>\n<p><a href=\"https:\/\/www.oseba.ch\/wordpress\/wp-content\/uploads\/2011\/08\/tn_DSC_3269.jpg\"><img loading=\"lazy\" decoding=\"async\" class=\"aligncenter size-medium wp-image-549\" title=\"tn_DSC_3269\" src=\"https:\/\/www.oseba.ch\/wordpress\/wp-content\/uploads\/2011\/08\/tn_DSC_3269-300x200.jpg\" alt=\"\" width=\"300\" height=\"200\" srcset=\"https:\/\/www.oseba.ch\/wordpress\/wp-content\/uploads\/2011\/08\/tn_DSC_3269-300x200.jpg 300w, https:\/\/www.oseba.ch\/wordpress\/wp-content\/uploads\/2011\/08\/tn_DSC_3269.jpg 1024w\" sizes=\"(max-width: 300px) 100vw, 300px\" \/><\/a><\/p>\n<p>Sur la route de St Gilles, un couple nous propose leur terrasse pour pique-niquer. Eliot dit\u00a0: \u00ab\u00a0ils sont gentils les gens, ils nous donnent de l\u2019eau et du sirop avec des gla\u00e7ons. On est g\u00e2t\u00e9. Et il y a des p\u00e8ches pour le dessert.\u00a0\u00bb<\/p>\n<p><a href=\"https:\/\/www.oseba.ch\/wordpress\/wp-content\/uploads\/2011\/08\/tn_DSC_3394.jpg\"><img loading=\"lazy\" decoding=\"async\" class=\"aligncenter size-medium wp-image-550\" title=\"tn_DSC_3394\" src=\"https:\/\/www.oseba.ch\/wordpress\/wp-content\/uploads\/2011\/08\/tn_DSC_3394-300x200.jpg\" alt=\"\" width=\"300\" height=\"200\" srcset=\"https:\/\/www.oseba.ch\/wordpress\/wp-content\/uploads\/2011\/08\/tn_DSC_3394-300x200.jpg 300w, https:\/\/www.oseba.ch\/wordpress\/wp-content\/uploads\/2011\/08\/tn_DSC_3394.jpg 1024w\" sizes=\"(max-width: 300px) 100vw, 300px\" \/><\/a><\/p>\n<p>St Gilles est en f\u00eate le week-end de notre arriv\u00e9e. Nous avons droit \u00e0 une abrivado, des cavaliers am\u00e8nent des taureaux \u00e0 travers les rues, jusqu\u2019aux ar\u00e8nes et des jeunes essayent d\u2019attraper le taureau. Nous visitons la magnifique abbatiale avec sa crypte qui renferme le tombeau de St Gilles. Au Moyen-Age, St Gilles \u00e9tait un haut lieu de p\u00e8lerinage et un passage vers les 3 autres p\u00e9lerinages\u00a0: St Jacques de Compostelle, Rome et J\u00e9rusalem.<\/p>\n<p><a href=\"https:\/\/www.oseba.ch\/wordpress\/wp-content\/uploads\/2011\/08\/tn_DSC_3365.jpg\"><img loading=\"lazy\" decoding=\"async\" class=\"aligncenter size-medium wp-image-551\" title=\"tn_DSC_3365\" src=\"https:\/\/www.oseba.ch\/wordpress\/wp-content\/uploads\/2011\/08\/tn_DSC_3365-300x200.jpg\" alt=\"\" width=\"300\" height=\"200\" srcset=\"https:\/\/www.oseba.ch\/wordpress\/wp-content\/uploads\/2011\/08\/tn_DSC_3365-300x200.jpg 300w, https:\/\/www.oseba.ch\/wordpress\/wp-content\/uploads\/2011\/08\/tn_DSC_3365.jpg 1024w\" sizes=\"(max-width: 300px) 100vw, 300px\" \/><\/a><\/p>\n","protected":false},"excerpt":{"rendered":"<p>Nous profitons bien de nos vacances \u00e0 Bagnols-sur-C\u00e8ze avec une immersion en Hollande (le camping compte 98 % de Hollandais). Eliot d\u00e9couvre les joies du cano\u00eb, et profite de la piscine, du bord de la rivi\u00e8re, du sable, des cailloux, de saut en trampoline\u2026 Nous avons tous les trois grand plaisir de retrouver nos amis [&hellip;]<\/p>\n","protected":false},"author":2,"featured_media":552,"comment_status":"open","ping_status":"open","sticky":false,"template":"","format":"standard","meta":{"footnotes":""},"categories":[13],"tags":[],"class_list":["post-535","post","type-post","status-publish","format-standard","has-post-thumbnail","hentry","category-voyage-en-france"],"_links":{"self":[{"href":"https:\/\/www.oseba.ch\/wordpress\/wp-json\/wp\/v2\/posts\/535"}],"collection":[{"href":"https:\/\/www.oseba.ch\/wordpress\/wp-json\/wp\/v2\/posts"}],"about":[{"href":"https:\/\/www.oseba.ch\/wordpress\/wp-json\/wp\/v2\/types\/post"}],"author":[{"embeddable":true,"href":"https:\/\/www.oseba.ch\/wordpress\/wp-json\/wp\/v2\/users\/2"}],"replies":[{"embeddable":true,"href":"https:\/\/www.oseba.ch\/wordpress\/wp-json\/wp\/v2\/comments?post=535"}],"version-history":[{"count":3,"href":"https:\/\/www.oseba.ch\/wordpress\/wp-json\/wp\/v2\/posts\/535\/revisions"}],"predecessor-version":[{"id":555,"href":"https:\/\/www.oseba.ch\/wordpress\/wp-json\/wp\/v2\/posts\/535\/revisions\/555"}],"wp:featuredmedia":[{"embeddable":true,"href":"https:\/\/www.oseba.ch\/wordpress\/wp-json\/wp\/v2\/media\/552"}],"wp:attachment":[{"href":"https:\/\/www.oseba.ch\/wordpress\/wp-json\/wp\/v2\/media?parent=535"}],"wp:term":[{"taxonomy":"category","embeddable":true,"href":"https:\/\/www.oseba.ch\/wordpress\/wp-json\/wp\/v2\/categories?post=535"},{"taxonomy":"post_tag","embeddable":true,"href":"https:\/\/www.oseba.ch\/wordpress\/wp-json\/wp\/v2\/tags?post=535"}],"curies":[{"name":"wp","href":"https:\/\/api.w.org\/{rel}","templated":true}]}}