{"id":581,"date":"2011-09-04T21:22:21","date_gmt":"2011-09-04T19:22:21","guid":{"rendered":"http:\/\/www.oseba.ch\/wordpress\/?p=581"},"modified":"2011-09-04T21:44:31","modified_gmt":"2011-09-04T19:44:31","slug":"la-vie-est-un-long-canal-tranquille","status":"publish","type":"post","link":"https:\/\/www.oseba.ch\/wordpress\/voyage-en-france\/la-vie-est-un-long-canal-tranquille","title":{"rendered":"La vie est un long canal tranquille"},"content":{"rendered":"<p><a href=\"https:\/\/www.oseba.ch\/wordpress\/wp-content\/uploads\/2011\/09\/tn_DSC_3412.jpg\"><img loading=\"lazy\" decoding=\"async\" class=\"aligncenter size-medium wp-image-582\" title=\"tn_DSC_3412\" src=\"https:\/\/www.oseba.ch\/wordpress\/wp-content\/uploads\/2011\/09\/tn_DSC_3412-300x200.jpg\" alt=\"\" width=\"300\" height=\"200\" srcset=\"https:\/\/www.oseba.ch\/wordpress\/wp-content\/uploads\/2011\/09\/tn_DSC_3412-300x200.jpg 300w, https:\/\/www.oseba.ch\/wordpress\/wp-content\/uploads\/2011\/09\/tn_DSC_3412.jpg 1024w\" sizes=\"(max-width: 300px) 100vw, 300px\" \/><\/a>Le 15 ao\u00fbt, nous quittons St Gilles et rejoignons le \u00ab\u00a0canal du Rh\u00f4ne \u00e0 S\u00e8te\u00a0\u00bb. Comme son nom l\u2019indique, il nous m\u00e8nera jusqu\u2019\u00e0 S\u00e8te, sur un chemin plat de chez plat. C\u2019est la Camargue et la garrigue, les taureaux noirs et les chevaux blancs, les moustiques et le soleil, les marais et la mer.<\/p>\n<p><a href=\"https:\/\/www.oseba.ch\/wordpress\/wp-content\/uploads\/2011\/09\/tn_DSC_34331.jpg\"><img loading=\"lazy\" decoding=\"async\" class=\"aligncenter size-medium wp-image-587\" title=\"tn_DSC_3433\" src=\"https:\/\/www.oseba.ch\/wordpress\/wp-content\/uploads\/2011\/09\/tn_DSC_34331-300x200.jpg\" alt=\"\" width=\"300\" height=\"200\" srcset=\"https:\/\/www.oseba.ch\/wordpress\/wp-content\/uploads\/2011\/09\/tn_DSC_34331-300x200.jpg 300w, https:\/\/www.oseba.ch\/wordpress\/wp-content\/uploads\/2011\/09\/tn_DSC_34331.jpg 1024w\" sizes=\"(max-width: 300px) 100vw, 300px\" \/><\/a><\/p>\n<p>A Aigues-Mortes, nous faisons une bonne halte et profitons de la piscine chauff\u00e9e. La f\u00eate m\u00e9di\u00e9vale de St Louis nous entra\u00eene quelques centaines d\u2019ann\u00e9es en arri\u00e8re.<\/p>\n<p><a href=\"https:\/\/www.oseba.ch\/wordpress\/wp-content\/uploads\/2011\/09\/tn_DSC_3487.jpg\"><img loading=\"lazy\" decoding=\"async\" class=\"aligncenter size-medium wp-image-583\" title=\"tn_DSC_3487\" src=\"https:\/\/www.oseba.ch\/wordpress\/wp-content\/uploads\/2011\/09\/tn_DSC_3487-300x200.jpg\" alt=\"\" width=\"300\" height=\"200\" srcset=\"https:\/\/www.oseba.ch\/wordpress\/wp-content\/uploads\/2011\/09\/tn_DSC_3487-300x200.jpg 300w, https:\/\/www.oseba.ch\/wordpress\/wp-content\/uploads\/2011\/09\/tn_DSC_3487.jpg 1024w\" sizes=\"(max-width: 300px) 100vw, 300px\" \/><\/a><\/p>\n<p>Eliot endosse l\u2019armure de chevalier, le casque et l\u2019\u00e9p\u00e9e et participe \u00e0 la m\u00eal\u00e9e des enfants. Ouf, c\u2019est une \u00e9p\u00e9e sans danger, car certains y vont vaillamment. Apr\u00e8s les enfants, place aux \u00ab\u00a0vrais\u00a0\u00bb chevaliers pour un spectacle haut en couleur, en cascades, avec une animation des plus vivantes.<\/p>\n<p><a href=\"https:\/\/www.oseba.ch\/wordpress\/wp-content\/uploads\/2011\/09\/tn_DSC_3489.jpg\"><img loading=\"lazy\" decoding=\"async\" class=\"aligncenter size-medium wp-image-584\" title=\"tn_DSC_3489\" src=\"https:\/\/www.oseba.ch\/wordpress\/wp-content\/uploads\/2011\/09\/tn_DSC_3489-300x200.jpg\" alt=\"\" width=\"300\" height=\"200\" srcset=\"https:\/\/www.oseba.ch\/wordpress\/wp-content\/uploads\/2011\/09\/tn_DSC_3489-300x200.jpg 300w, https:\/\/www.oseba.ch\/wordpress\/wp-content\/uploads\/2011\/09\/tn_DSC_3489.jpg 1024w\" sizes=\"(max-width: 300px) 100vw, 300px\" \/><\/a><\/p>\n<p>C\u2019est tr\u00e8s calme de suivre un canal, l\u2019eau a un effet relaxant, le plat du terrain aussi. La plupart du temps, un bon chemin de verdure ou de cailloux nous fait oublier les routes goudronn\u00e9es et les voitures. Eliot se pla\u00eet \u00e0 dire bonjour aux bateaux et la plupart des gens le lui rendent bien. Il faut dire qu\u2019avec nos \u00e2nes, nous ne passons pas inaper\u00e7us.<\/p>\n<p><a href=\"https:\/\/www.oseba.ch\/wordpress\/wp-content\/uploads\/2011\/09\/tn_DSC_3422.jpg\"><img loading=\"lazy\" decoding=\"async\" class=\"aligncenter size-medium wp-image-585\" title=\"tn_DSC_3422\" src=\"https:\/\/www.oseba.ch\/wordpress\/wp-content\/uploads\/2011\/09\/tn_DSC_3422-300x200.jpg\" alt=\"\" width=\"300\" height=\"200\" srcset=\"https:\/\/www.oseba.ch\/wordpress\/wp-content\/uploads\/2011\/09\/tn_DSC_3422-300x200.jpg 300w, https:\/\/www.oseba.ch\/wordpress\/wp-content\/uploads\/2011\/09\/tn_DSC_3422.jpg 1024w\" sizes=\"(max-width: 300px) 100vw, 300px\" \/><\/a><\/p>\n<p>A plusieurs endroits, le canal traverse un \u00e9tang. Le chemin est donc entour\u00e9 par les eaux. Le gros d\u00e9savantage, c\u2019est les moustiques qui nous d\u00e9vorent, surtout Sonia, jusqu\u2019\u00e0 ce que l&rsquo;on trouve le bon anti-bzzz.<\/p>\n<p><a href=\"https:\/\/www.oseba.ch\/wordpress\/wp-content\/uploads\/2011\/09\/tn_DSC_36391.jpg\"><img loading=\"lazy\" decoding=\"async\" class=\"aligncenter size-medium wp-image-589\" title=\"tn_DSC_3639\" src=\"https:\/\/www.oseba.ch\/wordpress\/wp-content\/uploads\/2011\/09\/tn_DSC_36391-300x200.jpg\" alt=\"\" width=\"300\" height=\"200\" srcset=\"https:\/\/www.oseba.ch\/wordpress\/wp-content\/uploads\/2011\/09\/tn_DSC_36391-300x200.jpg 300w, https:\/\/www.oseba.ch\/wordpress\/wp-content\/uploads\/2011\/09\/tn_DSC_36391.jpg 1024w\" sizes=\"(max-width: 300px) 100vw, 300px\" \/><\/a><\/p>\n<p>A La Grande-Motte, c\u2019est la joie de voir la mer. L&rsquo;eau est super chaude\u00a0: 25\u00b0C, alors qu\u2019en juillet, elle fr\u00f4lait les 16-17 \u00b0C. Avec la chaleur de l\u2019air, l\u2019eau est presque trop chaude, mais il faut le dire vite, car se plaindre serait un luxe que l\u2019on ne veut pas se permettre dans cette situation. Ce soir, les \u00e2nes sont dorlot\u00e9s dans les \u00e9curies de la police \u00e9questre, avec du foin AOC, s\u2019il-vous-pla\u00eet.<\/p>\n<p><a href=\"https:\/\/www.oseba.ch\/wordpress\/wp-content\/uploads\/2011\/09\/tn_DSC_3437.jpg\"><img loading=\"lazy\" decoding=\"async\" class=\"aligncenter size-medium wp-image-591\" title=\"tn_DSC_3437\" src=\"https:\/\/www.oseba.ch\/wordpress\/wp-content\/uploads\/2011\/09\/tn_DSC_3437-300x200.jpg\" alt=\"\" width=\"300\" height=\"200\" srcset=\"https:\/\/www.oseba.ch\/wordpress\/wp-content\/uploads\/2011\/09\/tn_DSC_3437-300x200.jpg 300w, https:\/\/www.oseba.ch\/wordpress\/wp-content\/uploads\/2011\/09\/tn_DSC_3437.jpg 1024w\" sizes=\"(max-width: 300px) 100vw, 300px\" \/><\/a><\/p>\n<p>Par la suite, nous avons plus de peine \u00e0 trouver un bon accueil pour nos \u00e2nes. Plusieurs g\u00e9rants de camping tol\u00e8re tout juste que nous entrons avec les \u00e2nes pour les d\u00e9b\u00e2ter \u00e0 l&#8217;emplacement de la tente et ne collaborent pas du tout avec nous pour chercher un morceau de pr\u00e9 (alors que certains campings regorgent de terrain en friche \u00e0 c\u00f4t\u00e9). Exception faite au camping de Riqu\u2019&amp; Zette de Frontignan-Plage o\u00f9 eux-m\u00eames\u00a0 t\u00e9l\u00e9phonent \u00e0 la police pour demander un terrain pour nos bourricots. Nous sommes un peu d\u00e9go\u00fbt\u00e9s du bord de mer, mais surtout des grands campings tenus par des g\u00e9rants antipathiques et des discos tous les soirs jusqu\u2019\u00e0 minuit. Bref, rien ne vaut les bons petits campings familiaux \u00e0 l\u2019int\u00e9rieur des terres.<\/p>\n<p><a href=\"https:\/\/www.oseba.ch\/wordpress\/wp-content\/uploads\/2011\/09\/tn_DSC_3582.jpg\"><img loading=\"lazy\" decoding=\"async\" class=\"aligncenter size-medium wp-image-592\" title=\"tn_DSC_3582\" src=\"https:\/\/www.oseba.ch\/wordpress\/wp-content\/uploads\/2011\/09\/tn_DSC_3582-300x201.jpg\" alt=\"\" width=\"300\" height=\"201\" srcset=\"https:\/\/www.oseba.ch\/wordpress\/wp-content\/uploads\/2011\/09\/tn_DSC_3582-300x201.jpg 300w, https:\/\/www.oseba.ch\/wordpress\/wp-content\/uploads\/2011\/09\/tn_DSC_3582.jpg 785w\" sizes=\"(max-width: 300px) 100vw, 300px\" \/><\/a><\/p>\n<p>Malgr\u00e9 cela, la mer garde son attrait. Eliot se pla\u00eet \u00e0 jouer avec le sable plus qu\u2019\u00e0 se baigner. Il est comme son papa, il lui faut de l\u2019eau chaude (la temp\u00e9rature a un peu baiss\u00e9 depuis les 25\u00b0C). Par contre, les vagues et le sel ne lui g\u00eane pas du tout.<\/p>\n<p><a href=\"https:\/\/www.oseba.ch\/wordpress\/wp-content\/uploads\/2011\/09\/tn_DSC_3587.jpg\"><img loading=\"lazy\" decoding=\"async\" class=\"aligncenter size-medium wp-image-590\" title=\"tn_DSC_3587\" src=\"https:\/\/www.oseba.ch\/wordpress\/wp-content\/uploads\/2011\/09\/tn_DSC_3587-300x200.jpg\" alt=\"\" width=\"300\" height=\"200\" srcset=\"https:\/\/www.oseba.ch\/wordpress\/wp-content\/uploads\/2011\/09\/tn_DSC_3587-300x200.jpg 300w, https:\/\/www.oseba.ch\/wordpress\/wp-content\/uploads\/2011\/09\/tn_DSC_3587.jpg 1024w\" sizes=\"(max-width: 300px) 100vw, 300px\" \/><\/a><\/p>\n<p>A Carnon-Plage, nous retrouvons Laurianne et Christophe pour un compagnonnage de 10 jours. Ce sera pour nous un beau moment d\u2019\u00e9change et de partage. Ils ont v\u00e9cu de l\u2019int\u00e9rieur les joies et les ras-le-bol, les gestes du quotidien et les petits plaisirs, les questions des curieux et l\u2019amabilit\u00e9 des gens\u2026<\/p>\n<p><a href=\"https:\/\/www.oseba.ch\/wordpress\/wp-content\/uploads\/2011\/09\/tn_DSC_3644.jpg\"><img loading=\"lazy\" decoding=\"async\" class=\"aligncenter size-medium wp-image-593\" title=\"tn_DSC_3644\" src=\"https:\/\/www.oseba.ch\/wordpress\/wp-content\/uploads\/2011\/09\/tn_DSC_3644-300x200.jpg\" alt=\"\" width=\"300\" height=\"200\" srcset=\"https:\/\/www.oseba.ch\/wordpress\/wp-content\/uploads\/2011\/09\/tn_DSC_3644-300x200.jpg 300w, https:\/\/www.oseba.ch\/wordpress\/wp-content\/uploads\/2011\/09\/tn_DSC_3644.jpg 1024w\" sizes=\"(max-width: 300px) 100vw, 300px\" \/><\/a><\/p>\n<p>Un jour, nous pr\u00e9voyons de bivouaquer en bord de mer de la commune de Villeneuve-les-Maguelone. En d\u00e9but d\u2019apr\u00e8s-midi, personne ne veut se prononcer pour dire si nous pouvons dormir ici (coin de plage avec la maison du gardien et un espace locatif). Vers 16h, tout d\u2019un coup, le gardien d\u00e9cide que nous devons partir dans les 5 min, qu\u2019il risque sa place si nous restons l\u00e0\u00a0!! (alors que 2h avant, une dame lui a t\u00e9l\u00e9phon\u00e9 pour signaler notre pr\u00e9sence). Comme nous sommes sur la plage, il nous faut une petite demi-heure pour repartir. 10 min apr\u00e8s, ce sont les gendarmes qui nous demandent, sur ordre du maire, de quitter les lieux. Gentiment toutefois, mais nous devons faire encore 7 km pour sortir d\u2019une zone de r\u00e9serve naturelle pour planter la tente. A cet endroit, nous longeons la mer en marchant sur des plages d\u00e9sertes, du pur bonheur si ce n\u2019est un peu de fatigue.<\/p>\n<p><a href=\"https:\/\/www.oseba.ch\/wordpress\/wp-content\/uploads\/2011\/09\/tn_DSC_3655.jpg\"><img loading=\"lazy\" decoding=\"async\" class=\"aligncenter size-medium wp-image-594\" title=\"tn_DSC_3655\" src=\"https:\/\/www.oseba.ch\/wordpress\/wp-content\/uploads\/2011\/09\/tn_DSC_3655-300x200.jpg\" alt=\"\" width=\"300\" height=\"200\" srcset=\"https:\/\/www.oseba.ch\/wordpress\/wp-content\/uploads\/2011\/09\/tn_DSC_3655-300x200.jpg 300w, https:\/\/www.oseba.ch\/wordpress\/wp-content\/uploads\/2011\/09\/tn_DSC_3655.jpg 1024w\" sizes=\"(max-width: 300px) 100vw, 300px\" \/><\/a><\/p>\n<p>Apr\u00e8s la travers\u00e9e laborieuse de la ville de S\u00e8te, nous dormons \u00e0 la belle \u00e9toile sur la plage. Le matin c\u2019est le lever du jour, puis du soleil qui nous r\u00e9veille, mais nous ne sommes pas d\u00e9\u00e7us : c\u2019est magnifique. Eliot n\u2019a pas aim\u00e9 se r\u00e9veiller au milieu de la nuit et voir toutes ces \u00e9toiles, \u00e7a lui a fait un peu peur.<\/p>\n<p><a href=\"https:\/\/www.oseba.ch\/wordpress\/wp-content\/uploads\/2011\/09\/tn_DSCF3139.jpg\"><img loading=\"lazy\" decoding=\"async\" class=\"aligncenter size-medium wp-image-595\" title=\"tn_DSCF3139\" src=\"https:\/\/www.oseba.ch\/wordpress\/wp-content\/uploads\/2011\/09\/tn_DSCF3139-300x225.jpg\" alt=\"\" width=\"300\" height=\"225\" srcset=\"https:\/\/www.oseba.ch\/wordpress\/wp-content\/uploads\/2011\/09\/tn_DSCF3139-300x225.jpg 300w, https:\/\/www.oseba.ch\/wordpress\/wp-content\/uploads\/2011\/09\/tn_DSCF3139-200x150.jpg 200w, https:\/\/www.oseba.ch\/wordpress\/wp-content\/uploads\/2011\/09\/tn_DSCF3139.jpg 1024w\" sizes=\"(max-width: 300px) 100vw, 300px\" \/><\/a><\/p>\n<p>A Agde, nous quittons le canal du Rh\u00f4ne pour celui du Midi. Autant le canal du Rh\u00f4ne est \u00ab\u00a0nu\u00a0\u00bb et en plein soleil, autant celui du Midi est bord\u00e9 de platanes qui ombragent le chemin. Cela en fait sa caract\u00e9ristique. Lors de sa construction, les hommes ont plant\u00e9 45&rsquo;000 platanes et cypr\u00e8s. Malheureusement, nombre d\u2019entre eux ont une maladie que les humains ne savent pas soigner et ils devront les abattre d\u2019ici quelques ann\u00e9es. Dommage, car il faudra longtemps pour qu\u2019ils grandissent. Les racines de ces arbres retiennent les berges.<\/p>\n<p><a href=\"https:\/\/www.oseba.ch\/wordpress\/wp-content\/uploads\/2011\/09\/tn_DSCF3255.jpg\"><img loading=\"lazy\" decoding=\"async\" class=\"aligncenter size-medium wp-image-596\" title=\"tn_DSCF3255\" src=\"https:\/\/www.oseba.ch\/wordpress\/wp-content\/uploads\/2011\/09\/tn_DSCF3255-300x225.jpg\" alt=\"\" width=\"300\" height=\"225\" srcset=\"https:\/\/www.oseba.ch\/wordpress\/wp-content\/uploads\/2011\/09\/tn_DSCF3255-300x225.jpg 300w, https:\/\/www.oseba.ch\/wordpress\/wp-content\/uploads\/2011\/09\/tn_DSCF3255-200x150.jpg 200w, https:\/\/www.oseba.ch\/wordpress\/wp-content\/uploads\/2011\/09\/tn_DSCF3255.jpg 1024w\" sizes=\"(max-width: 300px) 100vw, 300px\" \/><\/a><\/p>\n<p>Le canal du Midi entre dans les terres et l\u2019accueil dans les derniers campings est bien\u00a0 plus sympathiques. Nous sommes aussi en basse saison, cela peut aussi aider.<\/p>\n<p><a href=\"https:\/\/www.oseba.ch\/wordpress\/wp-content\/uploads\/2011\/09\/tn_DSCF3278.jpg\"><img loading=\"lazy\" decoding=\"async\" class=\"aligncenter\" title=\"tn_DSCF3278\" src=\"https:\/\/www.oseba.ch\/wordpress\/wp-content\/uploads\/2011\/09\/tn_DSCF3278-300x225.jpg\" alt=\"\" width=\"300\" height=\"225\" \/><\/a><\/p>\n<p>A B\u00e9ziers, nous d\u00e9couvrons les 9 \u00e9cluses de Fons\u00e9rane. En fait, il y en a 8, car avant le 19<sup>e<\/sup> si\u00e8cle le canal du Midi traversait l\u2019Orb et il y avait plus de d\u00e9nivel\u00e9s. Il y a 2 si\u00e8cle, les hommes ont r\u00e9alis\u00e9 un viaduc sur l\u2019Orb pour faire passer le canal. Oui, oui, le canal passe sur un pont. C\u2019est assez fou, voir un bateau sur un pont\u00a0!! Le but est de ne pas subir les crues de l&rsquo;Orb, car le canal doit rester stable quant au niveau de l&rsquo;eau.<\/p>\n<p><a href=\"https:\/\/www.oseba.ch\/wordpress\/wp-content\/uploads\/2011\/09\/tn_DSCF3269.jpg\"><img loading=\"lazy\" decoding=\"async\" class=\"aligncenter size-medium wp-image-603\" title=\"tn_DSCF3269\" src=\"https:\/\/www.oseba.ch\/wordpress\/wp-content\/uploads\/2011\/09\/tn_DSCF3269-300x225.jpg\" alt=\"\" width=\"300\" height=\"225\" srcset=\"https:\/\/www.oseba.ch\/wordpress\/wp-content\/uploads\/2011\/09\/tn_DSCF3269-300x225.jpg 300w, https:\/\/www.oseba.ch\/wordpress\/wp-content\/uploads\/2011\/09\/tn_DSCF3269-200x150.jpg 200w, https:\/\/www.oseba.ch\/wordpress\/wp-content\/uploads\/2011\/09\/tn_DSCF3269.jpg 1024w\" sizes=\"(max-width: 300px) 100vw, 300px\" \/><\/a><\/p>\n<p>Pour passer ces 8 \u00e9cluses, il faut 45 min au bateau et c\u2019est tout un m\u00e9canisme. Le Canal du Midi a 330 ans et il aura fallu 12&rsquo;000 hommes (dont 600 femmes) durant 15 ans pour le construire, \u00e0 la pelle et la pioche, et la brouette n&rsquo;existait pas encore ! Un travail consid\u00e9rable. Le but \u00e9tait de relier la M\u00e9diterran\u00e9e \u00e0 l\u2019Atlantique, sans passer par le d\u00e9troit de Gibraltar.<\/p>\n<p><a href=\"https:\/\/www.oseba.ch\/wordpress\/wp-content\/uploads\/2011\/09\/tn_DSCF3264.jpg\"><img loading=\"lazy\" decoding=\"async\" class=\"aligncenter size-medium wp-image-606\" title=\"tn_DSCF3264\" src=\"https:\/\/www.oseba.ch\/wordpress\/wp-content\/uploads\/2011\/09\/tn_DSCF3264-300x225.jpg\" alt=\"\" width=\"300\" height=\"225\" srcset=\"https:\/\/www.oseba.ch\/wordpress\/wp-content\/uploads\/2011\/09\/tn_DSCF3264-300x225.jpg 300w, https:\/\/www.oseba.ch\/wordpress\/wp-content\/uploads\/2011\/09\/tn_DSCF3264-200x150.jpg 200w, https:\/\/www.oseba.ch\/wordpress\/wp-content\/uploads\/2011\/09\/tn_DSCF3264.jpg 1024w\" sizes=\"(max-width: 300px) 100vw, 300px\" \/><\/a><\/p>\n<p>Question morale, nous avons un petit passage \u00e0 vide apr\u00e8s le d\u00e9part de Laurianne et Christophe. Le temps est plus gris, Olivier a son dos bloqu\u00e9. On en a marre de monter et d\u00e9monter le campement. La suite du chemin est plus incertaine, il y a moins de chemins existants, bient\u00f4t un nouveau pays. Bref 1-2 jours comme \u00e7a. Mais \u00e7a passe et la motivation remonte vite, surtout lorsque l&rsquo;on se repose 2 jours au m\u00eame endroit, avec du soleil et une piscine.<\/p>\n<p><a href=\"https:\/\/www.oseba.ch\/wordpress\/wp-content\/uploads\/2011\/09\/tn_DSCF3217.jpg\"><img loading=\"lazy\" decoding=\"async\" class=\"aligncenter size-medium wp-image-605\" title=\"tn_DSCF3217\" src=\"https:\/\/www.oseba.ch\/wordpress\/wp-content\/uploads\/2011\/09\/tn_DSCF3217-300x225.jpg\" alt=\"\" width=\"300\" height=\"225\" srcset=\"https:\/\/www.oseba.ch\/wordpress\/wp-content\/uploads\/2011\/09\/tn_DSCF3217-300x225.jpg 300w, https:\/\/www.oseba.ch\/wordpress\/wp-content\/uploads\/2011\/09\/tn_DSCF3217-200x150.jpg 200w, https:\/\/www.oseba.ch\/wordpress\/wp-content\/uploads\/2011\/09\/tn_DSCF3217.jpg 1024w\" sizes=\"(max-width: 300px) 100vw, 300px\" \/><\/a><\/p>\n<p>Ce 3 septembre 2011, nous sommes \u00e0 Colombiers. La soir, nous assistons, depuis la berge, \u00e0 un concert de piano qui a lieu sur un p\u00e9niche au milieu du canal, avec un feu d&rsquo;artifice \u00e0 la fin. C&rsquo;est magnifique.<\/p>\n","protected":false},"excerpt":{"rendered":"<p>Le 15 ao\u00fbt, nous quittons St Gilles et rejoignons le \u00ab\u00a0canal du Rh\u00f4ne \u00e0 S\u00e8te\u00a0\u00bb. Comme son nom l\u2019indique, il nous m\u00e8nera jusqu\u2019\u00e0 S\u00e8te, sur un chemin plat de chez plat. C\u2019est la Camargue et la garrigue, les taureaux noirs et les chevaux blancs, les moustiques et le soleil, les marais et la mer. A [&hellip;]<\/p>\n","protected":false},"author":2,"featured_media":0,"comment_status":"open","ping_status":"open","sticky":false,"template":"","format":"standard","meta":{"footnotes":""},"categories":[13],"tags":[],"class_list":["post-581","post","type-post","status-publish","format-standard","hentry","category-voyage-en-france"],"_links":{"self":[{"href":"https:\/\/www.oseba.ch\/wordpress\/wp-json\/wp\/v2\/posts\/581"}],"collection":[{"href":"https:\/\/www.oseba.ch\/wordpress\/wp-json\/wp\/v2\/posts"}],"about":[{"href":"https:\/\/www.oseba.ch\/wordpress\/wp-json\/wp\/v2\/types\/post"}],"author":[{"embeddable":true,"href":"https:\/\/www.oseba.ch\/wordpress\/wp-json\/wp\/v2\/users\/2"}],"replies":[{"embeddable":true,"href":"https:\/\/www.oseba.ch\/wordpress\/wp-json\/wp\/v2\/comments?post=581"}],"version-history":[{"count":6,"href":"https:\/\/www.oseba.ch\/wordpress\/wp-json\/wp\/v2\/posts\/581\/revisions"}],"predecessor-version":[{"id":608,"href":"https:\/\/www.oseba.ch\/wordpress\/wp-json\/wp\/v2\/posts\/581\/revisions\/608"}],"wp:attachment":[{"href":"https:\/\/www.oseba.ch\/wordpress\/wp-json\/wp\/v2\/media?parent=581"}],"wp:term":[{"taxonomy":"category","embeddable":true,"href":"https:\/\/www.oseba.ch\/wordpress\/wp-json\/wp\/v2\/categories?post=581"},{"taxonomy":"post_tag","embeddable":true,"href":"https:\/\/www.oseba.ch\/wordpress\/wp-json\/wp\/v2\/tags?post=581"}],"curies":[{"name":"wp","href":"https:\/\/api.w.org\/{rel}","templated":true}]}}