{"id":625,"date":"2011-09-13T16:11:29","date_gmt":"2011-09-13T14:11:29","guid":{"rendered":"http:\/\/www.oseba.ch\/wordpress\/?p=625"},"modified":"2011-09-13T16:11:29","modified_gmt":"2011-09-13T14:11:29","slug":"souvenirs-et-paroles-deliot","status":"publish","type":"post","link":"https:\/\/www.oseba.ch\/wordpress\/mots-enfant\/souvenirs-et-paroles-deliot","title":{"rendered":"Souvenirs et paroles d&rsquo;Eliot"},"content":{"rendered":"<p><a href=\"https:\/\/www.oseba.ch\/wordpress\/wp-content\/uploads\/2011\/09\/tn_DSC_0193.jpg\"><img loading=\"lazy\" decoding=\"async\" class=\"aligncenter size-medium wp-image-626\" title=\"tn_DSC_0193\" src=\"https:\/\/www.oseba.ch\/wordpress\/wp-content\/uploads\/2011\/09\/tn_DSC_0193-300x198.jpg\" alt=\"\" width=\"300\" height=\"198\" srcset=\"https:\/\/www.oseba.ch\/wordpress\/wp-content\/uploads\/2011\/09\/tn_DSC_0193-300x198.jpg 300w, https:\/\/www.oseba.ch\/wordpress\/wp-content\/uploads\/2011\/09\/tn_DSC_0193.jpg 1024w\" sizes=\"(max-width: 300px) 100vw, 300px\" \/><\/a><\/p>\n<p>J\u2019ai plus ma baba (sucette) car elle est cass\u00e9e \u00e0 cause que je la mords. Je l\u2019a donn\u00e9 \u00e0 la petite souris et mes dents se resserrent bien. J\u2019ai re\u00e7u une surprise et des sous que je mets dans mon porte monnaie. Je l\u2019ai re\u00e7u comme surprise quand j\u2019ai mang\u00e9 des frites avec un steak hach\u00e9 et des l\u00e9gumes. Maman, elle demande toujours des l\u00e9gumes pour moi au restaurant. Il y avait des smarties dedans (le porte-monnaie).<\/p>\n<p><a href=\"https:\/\/www.oseba.ch\/wordpress\/wp-content\/uploads\/2011\/09\/tn_DSCF3122.jpg\"><img loading=\"lazy\" decoding=\"async\" class=\"aligncenter size-medium wp-image-628\" title=\"tn_DSCF3122\" src=\"https:\/\/www.oseba.ch\/wordpress\/wp-content\/uploads\/2011\/09\/tn_DSCF3122-300x225.jpg\" alt=\"\" width=\"300\" height=\"225\" srcset=\"https:\/\/www.oseba.ch\/wordpress\/wp-content\/uploads\/2011\/09\/tn_DSCF3122-300x225.jpg 300w, https:\/\/www.oseba.ch\/wordpress\/wp-content\/uploads\/2011\/09\/tn_DSCF3122-200x150.jpg 200w, https:\/\/www.oseba.ch\/wordpress\/wp-content\/uploads\/2011\/09\/tn_DSCF3122.jpg 1024w\" sizes=\"(max-width: 300px) 100vw, 300px\" \/><\/a><\/p>\n<p>Les piscines, des fois, elles sont chaudes, alors je fais pleins de plongeons. Si l\u2019eau est froide, je saute pas. Dans la mer, j\u2019ai bu la tasse une fois et elle est sal\u00e9e, c\u2019est vrai, et j\u2019aime jou\u00e9 au sable. On a couvert les jambes de marraine et elle \u00e9tait pleine de sable. Et Christophe, il en a mis partout aussi.<\/p>\n<p><a href=\"https:\/\/www.oseba.ch\/wordpress\/wp-content\/uploads\/2011\/09\/tn_DSCF3318.jpg\"><img loading=\"lazy\" decoding=\"async\" class=\"aligncenter size-medium wp-image-629\" title=\"tn_DSCF3318\" src=\"https:\/\/www.oseba.ch\/wordpress\/wp-content\/uploads\/2011\/09\/tn_DSCF3318-300x225.jpg\" alt=\"\" width=\"300\" height=\"225\" srcset=\"https:\/\/www.oseba.ch\/wordpress\/wp-content\/uploads\/2011\/09\/tn_DSCF3318-300x225.jpg 300w, https:\/\/www.oseba.ch\/wordpress\/wp-content\/uploads\/2011\/09\/tn_DSCF3318-200x150.jpg 200w, https:\/\/www.oseba.ch\/wordpress\/wp-content\/uploads\/2011\/09\/tn_DSCF3318.jpg 1024w\" sizes=\"(max-width: 300px) 100vw, 300px\" \/><\/a><\/p>\n<p>Une autre fois, la piscine \u00e9tait chaude et j\u2019ai mis la t\u00eate sous l\u2019eau pour nager. Au camping de C\u00f4te Vermeille, il y a une belle place de jeu avec une maison tout de biais et un gros toboggan rouge ferm\u00e9 tout autour. Grand-papa y fait du tam-tam quand je descends.<\/p>\n<p><a href=\"https:\/\/www.oseba.ch\/wordpress\/wp-content\/uploads\/2011\/09\/tn_DSC_0399.jpg\"><img loading=\"lazy\" decoding=\"async\" class=\"aligncenter size-medium wp-image-630\" title=\"tn_DSC_0399\" src=\"https:\/\/www.oseba.ch\/wordpress\/wp-content\/uploads\/2011\/09\/tn_DSC_0399-300x198.jpg\" alt=\"\" width=\"300\" height=\"198\" srcset=\"https:\/\/www.oseba.ch\/wordpress\/wp-content\/uploads\/2011\/09\/tn_DSC_0399-300x198.jpg 300w, https:\/\/www.oseba.ch\/wordpress\/wp-content\/uploads\/2011\/09\/tn_DSC_0399.jpg 1024w\" sizes=\"(max-width: 300px) 100vw, 300px\" \/><\/a><\/p>\n<p>Au bord du canal, je fais toujours bonjour au gens des bateaux. Mais des fois ils ne r\u00e9pondent pas. Des fois oui, et des fois non. Il y a des bateaux de toutes les couleurs, des beaux. Les rouges, c\u2019est ceux qui vont sur les rivi\u00e8res et les bleus, ils vont \u00e0 la mer. Il y a en a m\u00eame qu\u2019on peut dormir dedans. Une fois, quand j\u2019\u00e9tais avec grand-maman et grand-papa, on est entr\u00e9 dans une p\u00e9niche supermarch\u00e9 et on a achet\u00e9 du pain.<\/p>\n<p><a href=\"https:\/\/www.oseba.ch\/wordpress\/wp-content\/uploads\/2011\/09\/tn__DSC9414.jpg\"><img loading=\"lazy\" decoding=\"async\" class=\"aligncenter size-medium wp-image-631\" title=\"tn__DSC9414\" src=\"https:\/\/www.oseba.ch\/wordpress\/wp-content\/uploads\/2011\/09\/tn__DSC9414-300x200.jpg\" alt=\"\" width=\"300\" height=\"200\" srcset=\"https:\/\/www.oseba.ch\/wordpress\/wp-content\/uploads\/2011\/09\/tn__DSC9414-300x200.jpg 300w, https:\/\/www.oseba.ch\/wordpress\/wp-content\/uploads\/2011\/09\/tn__DSC9414.jpg 1024w\" sizes=\"(max-width: 300px) 100vw, 300px\" \/><\/a><\/p>\n<p>Sur le canal du Midi, j\u2019ai vu ma premi\u00e8re \u00e9cluse. Les bateaux y vont dedans et l\u2019eau elle monte et elle descend avec les bateaux.<\/p>\n<p><a href=\"https:\/\/www.oseba.ch\/wordpress\/wp-content\/uploads\/2011\/09\/tn_DSCF31491.jpg\"><img loading=\"lazy\" decoding=\"async\" class=\"aligncenter size-medium wp-image-633\" title=\"tn_DSCF3149\" src=\"https:\/\/www.oseba.ch\/wordpress\/wp-content\/uploads\/2011\/09\/tn_DSCF31491-300x225.jpg\" alt=\"\" width=\"300\" height=\"225\" srcset=\"https:\/\/www.oseba.ch\/wordpress\/wp-content\/uploads\/2011\/09\/tn_DSCF31491-300x225.jpg 300w, https:\/\/www.oseba.ch\/wordpress\/wp-content\/uploads\/2011\/09\/tn_DSCF31491-200x150.jpg 200w, https:\/\/www.oseba.ch\/wordpress\/wp-content\/uploads\/2011\/09\/tn_DSCF31491.jpg 1024w\" sizes=\"(max-width: 300px) 100vw, 300px\" \/><\/a><\/p>\n<p>Ici au camping des peupliers, il y a une super douche pour les enfants et aussi des toilettes petites. J\u2019ai fait une sieste apr\u00e8s-midi pour aller voir un feu d\u2019artifice le soir au village. Il y aura un musicien et peut-\u00eatre des jongleurs, peut-\u00eatre\u00a0!<\/p>\n<p><a href=\"https:\/\/www.oseba.ch\/wordpress\/wp-content\/uploads\/2011\/09\/tn_DSCF3280.jpg\"><img loading=\"lazy\" decoding=\"async\" class=\"aligncenter size-medium wp-image-632\" title=\"tn_DSCF3280\" src=\"https:\/\/www.oseba.ch\/wordpress\/wp-content\/uploads\/2011\/09\/tn_DSCF3280-300x225.jpg\" alt=\"\" width=\"300\" height=\"225\" srcset=\"https:\/\/www.oseba.ch\/wordpress\/wp-content\/uploads\/2011\/09\/tn_DSCF3280-300x225.jpg 300w, https:\/\/www.oseba.ch\/wordpress\/wp-content\/uploads\/2011\/09\/tn_DSCF3280-200x150.jpg 200w, https:\/\/www.oseba.ch\/wordpress\/wp-content\/uploads\/2011\/09\/tn_DSCF3280.jpg 1024w\" sizes=\"(max-width: 300px) 100vw, 300px\" \/><\/a><\/p>\n<p>Quand grand-maman et grand-papa sont arriv\u00e9s, je va dans le camping car tous les jours avec eux. On va dans les places de jeux. Une fois, on voulait louer un bateau pour aller trouver papa et maman. On a fait tous les offices de tourisme et tous les campings, personne y louait des bateaux. Alors, on a \u00e9t\u00e9 en v\u00e9lo, moi j\u2019\u00e9tais sur le porte bagage de grand-papa, avec un coussin pour que \u00e7a fasse moins mal.<\/p>\n<p><a href=\"https:\/\/www.oseba.ch\/wordpress\/wp-content\/uploads\/2011\/09\/tn_DSC_0383.jpg\"><img loading=\"lazy\" decoding=\"async\" class=\"aligncenter size-medium wp-image-634\" title=\"tn_DSC_0383\" src=\"https:\/\/www.oseba.ch\/wordpress\/wp-content\/uploads\/2011\/09\/tn_DSC_0383-300x198.jpg\" alt=\"\" width=\"300\" height=\"198\" srcset=\"https:\/\/www.oseba.ch\/wordpress\/wp-content\/uploads\/2011\/09\/tn_DSC_0383-300x198.jpg 300w, https:\/\/www.oseba.ch\/wordpress\/wp-content\/uploads\/2011\/09\/tn_DSC_0383.jpg 1024w\" sizes=\"(max-width: 300px) 100vw, 300px\" \/><\/a><\/p>\n<p>Un jour, maman dit\u00a0: \u00ab\u00a0Eh, il y a la poste. En plus, il y a un postomat.\u00a0\u00bb Je demande, ici il vende des tomates \u00e0 la poste\u00a0?\u00a0\u00bb. (En Suisse, un postomat est un distributeur de billet de la poste).<\/p>\n<p>On est de nouveau \u00e0 la mer. Avec le vent, j\u2019ai pu faire aller le cerf-volant que grand-papa a dans le camping car. Je l\u2019ai tenu tout seul et il est all\u00e9 tr\u00e8s tr\u00e8s haut.<\/p>\n<p><a href=\"https:\/\/www.oseba.ch\/wordpress\/wp-content\/uploads\/2011\/09\/tn_DSC_3593.jpg\"><img loading=\"lazy\" decoding=\"async\" class=\"aligncenter\" title=\"tn_DSC_3593\" src=\"https:\/\/www.oseba.ch\/wordpress\/wp-content\/uploads\/2011\/09\/tn_DSC_3593-300x200.jpg\" alt=\"\" width=\"300\" height=\"200\" \/><\/a><\/p>\n<p>Demain, je va aller de nouveau avec les \u00e2nes et je va visiter des ch\u00e2teaux avant d\u2019aller en Espagne. Dis maman, on dit comment une place de jeu en espagnol\u00a0?<\/p>\n","protected":false},"excerpt":{"rendered":"<p>J\u2019ai plus ma baba (sucette) car elle est cass\u00e9e \u00e0 cause que je la mords. Je l\u2019a donn\u00e9 \u00e0 la petite souris et mes dents se resserrent bien. J\u2019ai re\u00e7u une surprise et des sous que je mets dans mon porte monnaie. Je l\u2019ai re\u00e7u comme surprise quand j\u2019ai mang\u00e9 des frites avec un steak [&hellip;]<\/p>\n","protected":false},"author":2,"featured_media":0,"comment_status":"open","ping_status":"open","sticky":false,"template":"","format":"standard","meta":{"footnotes":""},"categories":[10],"tags":[],"class_list":["post-625","post","type-post","status-publish","format-standard","hentry","category-mots-enfant"],"_links":{"self":[{"href":"https:\/\/www.oseba.ch\/wordpress\/wp-json\/wp\/v2\/posts\/625"}],"collection":[{"href":"https:\/\/www.oseba.ch\/wordpress\/wp-json\/wp\/v2\/posts"}],"about":[{"href":"https:\/\/www.oseba.ch\/wordpress\/wp-json\/wp\/v2\/types\/post"}],"author":[{"embeddable":true,"href":"https:\/\/www.oseba.ch\/wordpress\/wp-json\/wp\/v2\/users\/2"}],"replies":[{"embeddable":true,"href":"https:\/\/www.oseba.ch\/wordpress\/wp-json\/wp\/v2\/comments?post=625"}],"version-history":[{"count":1,"href":"https:\/\/www.oseba.ch\/wordpress\/wp-json\/wp\/v2\/posts\/625\/revisions"}],"predecessor-version":[{"id":635,"href":"https:\/\/www.oseba.ch\/wordpress\/wp-json\/wp\/v2\/posts\/625\/revisions\/635"}],"wp:attachment":[{"href":"https:\/\/www.oseba.ch\/wordpress\/wp-json\/wp\/v2\/media?parent=625"}],"wp:term":[{"taxonomy":"category","embeddable":true,"href":"https:\/\/www.oseba.ch\/wordpress\/wp-json\/wp\/v2\/categories?post=625"},{"taxonomy":"post_tag","embeddable":true,"href":"https:\/\/www.oseba.ch\/wordpress\/wp-json\/wp\/v2\/tags?post=625"}],"curies":[{"name":"wp","href":"https:\/\/api.w.org\/{rel}","templated":true}]}}