{"id":643,"date":"2011-10-01T18:05:20","date_gmt":"2011-10-01T15:20:12","guid":{"rendered":"http:\/\/www.oseba.ch\/wordpress\/?p=643"},"modified":"2011-10-16T16:30:50","modified_gmt":"2011-10-16T14:30:50","slug":"en-terre-catal%e2%80%99ane","status":"publish","type":"post","link":"https:\/\/www.oseba.ch\/wordpress\/voyage-en-france\/en-terre-catal%e2%80%99ane","title":{"rendered":"En terre catal\u2019\u00e2ne"},"content":{"rendered":"<p><a href=\"https:\/\/www.oseba.ch\/wordpress\/wp-content\/uploads\/2011\/10\/tn_DSC_0461.jpg\"><img loading=\"lazy\" decoding=\"async\" class=\"aligncenter size-medium wp-image-645\" title=\"tn_DSC_0461\" src=\"https:\/\/www.oseba.ch\/wordpress\/wp-content\/uploads\/2011\/10\/tn_DSC_0461-300x198.jpg\" alt=\"\" width=\"300\" height=\"198\" srcset=\"https:\/\/www.oseba.ch\/wordpress\/wp-content\/uploads\/2011\/10\/tn_DSC_0461-300x198.jpg 300w, https:\/\/www.oseba.ch\/wordpress\/wp-content\/uploads\/2011\/10\/tn_DSC_0461.jpg 1024w\" sizes=\"(max-width: 300px) 100vw, 300px\" \/><\/a>Nous poursuivons le canal du midi, avant de prendre celui de la Robine \u00e0 Sall\u00e8les-d\u2019Aude. Ces canaux sont bien tranquilles, extr\u00eamement plats, la major partie du temps ombrag\u00e9s de platanes ou de pins. Apr\u00e8s Narbonne, les arbres se rar\u00e9fient. A l\u2019approche de Port-la-Nouvelle, nous entrons dans une r\u00e9serve naturelle. Le canal est bord\u00e9 d\u2019\u00e9tangs et le paysage ressemble \u00e9trangement \u00e0 la Camargue. Le temps est beau et chaud \u00e0 part une journ\u00e9e pluvieuse.<\/p>\n<p><a href=\"https:\/\/www.oseba.ch\/wordpress\/wp-content\/uploads\/2011\/10\/tn_DSC_0457.jpg\"><img loading=\"lazy\" decoding=\"async\" class=\"aligncenter size-medium wp-image-646\" title=\"tn_DSC_0457\" src=\"https:\/\/www.oseba.ch\/wordpress\/wp-content\/uploads\/2011\/10\/tn_DSC_0457-300x198.jpg\" alt=\"\" width=\"300\" height=\"198\" srcset=\"https:\/\/www.oseba.ch\/wordpress\/wp-content\/uploads\/2011\/10\/tn_DSC_0457-300x198.jpg 300w, https:\/\/www.oseba.ch\/wordpress\/wp-content\/uploads\/2011\/10\/tn_DSC_0457.jpg 1024w\" sizes=\"(max-width: 300px) 100vw, 300px\" \/><\/a><\/p>\n<p>Nous prenons quelques jours de repos \u00e0 Port-la-Nouvelle, dans un camping \u00e0 5 min de la mer, avec piscines chauff\u00e9es, toboggans et magnifique place de jeu comme nous n\u2019en avons jamais vu. Eliot se r\u00e9gale entre l\u2019eau et les jeux.<\/p>\n<p><a href=\"https:\/\/www.oseba.ch\/wordpress\/wp-content\/uploads\/2011\/10\/tn_DSC_0377.jpg\"><img loading=\"lazy\" decoding=\"async\" class=\"aligncenter size-medium wp-image-644\" title=\"tn_DSC_0377\" src=\"https:\/\/www.oseba.ch\/wordpress\/wp-content\/uploads\/2011\/10\/tn_DSC_0377-300x198.jpg\" alt=\"\" width=\"300\" height=\"198\" srcset=\"https:\/\/www.oseba.ch\/wordpress\/wp-content\/uploads\/2011\/10\/tn_DSC_0377-300x198.jpg 300w, https:\/\/www.oseba.ch\/wordpress\/wp-content\/uploads\/2011\/10\/tn_DSC_0377.jpg 1024w\" sizes=\"(max-width: 300px) 100vw, 300px\" \/><\/a><\/p>\n<p>D\u00e9cision est prise, nous quittons le bord de mer pour entrer dans les terres et suivre le sentier cathare \u00e0 l\u2019asseau des ch\u00e2teaux forts. Fini l\u2019herbe tendre des canaux, ici c\u2019est la garrigue avec ses buissons \u00e9pineux et secs. Les \u00e2nes sont moins bien servis, quoiqu\u2019un peu de sec leur va aussi. Fini le plat, nous retrouvons les mont\u00e9es et les descentes sous la chaleur moite des jours avant l\u2019orage. Mais la sueur vaut la peine, car la vue est belle du haut des montagnes et longtemps encore nous pouvons apercevoir la mer.<\/p>\n<p><a href=\"https:\/\/www.oseba.ch\/wordpress\/wp-content\/uploads\/2011\/10\/tn_DSC_0500.jpg\"><img loading=\"lazy\" decoding=\"async\" class=\"aligncenter size-medium wp-image-647\" title=\"tn_DSC_0500\" src=\"https:\/\/www.oseba.ch\/wordpress\/wp-content\/uploads\/2011\/10\/tn_DSC_0500-300x198.jpg\" alt=\"\" width=\"300\" height=\"198\" srcset=\"https:\/\/www.oseba.ch\/wordpress\/wp-content\/uploads\/2011\/10\/tn_DSC_0500-300x198.jpg 300w, https:\/\/www.oseba.ch\/wordpress\/wp-content\/uploads\/2011\/10\/tn_DSC_0500.jpg 1024w\" sizes=\"(max-width: 300px) 100vw, 300px\" \/><\/a><\/p>\n<p>Ce tron\u00e7on du voyage est marqu\u00e9 par de nombreuses rencontres. A Roquefort-sur-Corbi\u00e8re, nous partageons un bon moment avec nos voisins Marc et Joss, pendant qu\u2019Eliot joue au trampoline avec Thomas et Ma\u00eflys.<\/p>\n<p><a href=\"https:\/\/www.oseba.ch\/wordpress\/wp-content\/uploads\/2011\/10\/tn_DSC_0559.jpg\"><img loading=\"lazy\" decoding=\"async\" class=\"aligncenter size-medium wp-image-648\" title=\"tn_DSC_0559\" src=\"https:\/\/www.oseba.ch\/wordpress\/wp-content\/uploads\/2011\/10\/tn_DSC_0559-300x198.jpg\" alt=\"\" width=\"300\" height=\"198\" srcset=\"https:\/\/www.oseba.ch\/wordpress\/wp-content\/uploads\/2011\/10\/tn_DSC_0559-300x198.jpg 300w, https:\/\/www.oseba.ch\/wordpress\/wp-content\/uploads\/2011\/10\/tn_DSC_0559.jpg 1024w\" sizes=\"(max-width: 300px) 100vw, 300px\" \/><\/a><\/p>\n<p>Le sentier est tr\u00e8s bien signal\u00e9 par des bandes de couleur bleu et jaune. Il est parfois rendu difficile par la pente et les rigoles caus\u00e9es par le ruissellement de l&rsquo;eau.<\/p>\n<p><a href=\"https:\/\/www.oseba.ch\/wordpress\/wp-content\/uploads\/2011\/10\/tn_DSC_0603.jpg\"><img loading=\"lazy\" decoding=\"async\" class=\"aligncenter size-medium wp-image-654\" title=\"tn_DSC_0603\" src=\"https:\/\/www.oseba.ch\/wordpress\/wp-content\/uploads\/2011\/10\/tn_DSC_0603-300x198.jpg\" alt=\"\" width=\"300\" height=\"198\" srcset=\"https:\/\/www.oseba.ch\/wordpress\/wp-content\/uploads\/2011\/10\/tn_DSC_0603-300x198.jpg 300w, https:\/\/www.oseba.ch\/wordpress\/wp-content\/uploads\/2011\/10\/tn_DSC_0603.jpg 1024w\" sizes=\"(max-width: 300px) 100vw, 300px\" \/><\/a><\/p>\n<p>Le chemin cathare nous emm\u00e8ne de ch\u00e2teaux en ch\u00e2teaux, en allant crescendo. D\u2019abord le ch\u00e2teau de Durban \u00e0 usage agricole, que nous visitons apr\u00e8s une nuit pluvieuse.<\/p>\n<p><a href=\"https:\/\/www.oseba.ch\/wordpress\/wp-content\/uploads\/2011\/10\/tn_DSC_0595.jpg\"><img loading=\"lazy\" decoding=\"async\" class=\"aligncenter size-medium wp-image-649\" title=\"tn_DSC_0595\" src=\"https:\/\/www.oseba.ch\/wordpress\/wp-content\/uploads\/2011\/10\/tn_DSC_0595-300x198.jpg\" alt=\"\" width=\"300\" height=\"198\" srcset=\"https:\/\/www.oseba.ch\/wordpress\/wp-content\/uploads\/2011\/10\/tn_DSC_0595-300x198.jpg 300w, https:\/\/www.oseba.ch\/wordpress\/wp-content\/uploads\/2011\/10\/tn_DSC_0595.jpg 1024w\" sizes=\"(max-width: 300px) 100vw, 300px\" \/><\/a><\/p>\n<p>Puis, avant Tuchan, nous montons au ch\u00e2teau d\u2019Aguilar, utilis\u00e9 par les Cathares. En effet, il n\u2019y a pas, \u00e0 proprement parl\u00e9, de ch\u00e2teau cathare, car les ch\u00e2teaux existaient d\u00e9j\u00e0 avant leur arriv\u00e9e. Au loin, l\u2019orage gronde, mais nous resterons au sec.<\/p>\n<p><a href=\"https:\/\/www.oseba.ch\/wordpress\/wp-content\/uploads\/2011\/10\/tn_DSC_0692.jpg\"><img loading=\"lazy\" decoding=\"async\" class=\"aligncenter size-medium wp-image-650\" title=\"tn_DSC_0692\" src=\"https:\/\/www.oseba.ch\/wordpress\/wp-content\/uploads\/2011\/10\/tn_DSC_0692-300x198.jpg\" alt=\"\" width=\"300\" height=\"198\" srcset=\"https:\/\/www.oseba.ch\/wordpress\/wp-content\/uploads\/2011\/10\/tn_DSC_0692-300x198.jpg 300w, https:\/\/www.oseba.ch\/wordpress\/wp-content\/uploads\/2011\/10\/tn_DSC_0692.jpg 1024w\" sizes=\"(max-width: 300px) 100vw, 300px\" \/><\/a><\/p>\n<p>Plus haut et plus beau, le ch\u00e2teau de Qu\u00e9ribus nous offre une vue \u00e9poustouflante sur les Pyr\u00e9n\u00e9es et la M\u00e9diterran\u00e9e. Le vent est tellement violent qu\u2019\u00e0 la porte d\u2019entr\u00e9e du ch\u00e2teau, il faut bien se tenir pour ne pas perdre l\u2019\u00e9quilibre.<\/p>\n<p><a href=\"https:\/\/www.oseba.ch\/wordpress\/wp-content\/uploads\/2011\/10\/tn_DSC_0756.jpg\"><img loading=\"lazy\" decoding=\"async\" class=\"aligncenter size-medium wp-image-651\" title=\"tn_DSC_0756\" src=\"https:\/\/www.oseba.ch\/wordpress\/wp-content\/uploads\/2011\/10\/tn_DSC_0756-300x199.jpg\" alt=\"\" width=\"300\" height=\"199\" srcset=\"https:\/\/www.oseba.ch\/wordpress\/wp-content\/uploads\/2011\/10\/tn_DSC_0756-300x199.jpg 300w, https:\/\/www.oseba.ch\/wordpress\/wp-content\/uploads\/2011\/10\/tn_DSC_0756.jpg 1024w\" sizes=\"(max-width: 300px) 100vw, 300px\" \/><\/a><\/p>\n<p>Le village de Cucugnan, connu par son cur\u00e9, nous raconte un peu l\u2019histoire des cathares. Ces chr\u00e9tiens, consid\u00e9r\u00e9s comme h\u00e9r\u00e9tiques par l\u2019Eglise Catholique, furent poursuivis et, pour beaucoup, br\u00fbl\u00e9s vifs en raison de leur foi diff\u00e9rente. Histoire sombre qui impr\u00e8gne cette r\u00e9gion de l\u2019Aude.<\/p>\n<p><a href=\"https:\/\/www.oseba.ch\/wordpress\/wp-content\/uploads\/2011\/10\/tn_DSC_0814.jpg\"><img loading=\"lazy\" decoding=\"async\" class=\"aligncenter size-medium wp-image-652\" title=\"tn_DSC_0814\" src=\"https:\/\/www.oseba.ch\/wordpress\/wp-content\/uploads\/2011\/10\/tn_DSC_0814-300x198.jpg\" alt=\"\" width=\"300\" height=\"198\" srcset=\"https:\/\/www.oseba.ch\/wordpress\/wp-content\/uploads\/2011\/10\/tn_DSC_0814-300x198.jpg 300w, https:\/\/www.oseba.ch\/wordpress\/wp-content\/uploads\/2011\/10\/tn_DSC_0814.jpg 1024w\" sizes=\"(max-width: 300px) 100vw, 300px\" \/><\/a><\/p>\n<p>Encore plus haut, plus majestueux et particuli\u00e8rement bien conserv\u00e9, le ch\u00e2teau de Peyrepertuse se confond avec les rochers. Difficile d\u2019imaginer se promener \u00e0 l\u2019int\u00e9rieur des murs et, pourtant, un sentier dans la montagne nous y emm\u00e8ne. C\u2019est un vestige du XIe si\u00e8cle qui nous ouvre ses portes et les ruines nous murmurent des histoires de chevaliers.<\/p>\n<p><a href=\"https:\/\/www.oseba.ch\/wordpress\/wp-content\/uploads\/2011\/10\/tn_DSC_0837.jpg\"><img loading=\"lazy\" decoding=\"async\" class=\"aligncenter size-medium wp-image-653\" title=\"tn_DSC_0837\" src=\"https:\/\/www.oseba.ch\/wordpress\/wp-content\/uploads\/2011\/10\/tn_DSC_0837-300x198.jpg\" alt=\"\" width=\"300\" height=\"198\" srcset=\"https:\/\/www.oseba.ch\/wordpress\/wp-content\/uploads\/2011\/10\/tn_DSC_0837-300x198.jpg 300w, https:\/\/www.oseba.ch\/wordpress\/wp-content\/uploads\/2011\/10\/tn_DSC_0837.jpg 1024w\" sizes=\"(max-width: 300px) 100vw, 300px\" \/><\/a><\/p>\n<p>A Duilhac-sous-Peyrepertuse, nous quittons le sentier cathare direction le sud et les Pyr\u00e9n\u00e9es. Plus nous avan\u00e7ons \u00e0 l\u2019int\u00e9rieur des terres et dans les montagnes, plus le paysage change.<\/p>\n<p><a href=\"https:\/\/www.oseba.ch\/wordpress\/wp-content\/uploads\/2011\/10\/tn_DSC_0930.jpg\"><img loading=\"lazy\" decoding=\"async\" class=\"aligncenter size-medium wp-image-655\" title=\"tn_DSC_0930\" src=\"https:\/\/www.oseba.ch\/wordpress\/wp-content\/uploads\/2011\/10\/tn_DSC_0930-300x198.jpg\" alt=\"\" width=\"300\" height=\"198\" srcset=\"https:\/\/www.oseba.ch\/wordpress\/wp-content\/uploads\/2011\/10\/tn_DSC_0930-300x198.jpg 300w, https:\/\/www.oseba.ch\/wordpress\/wp-content\/uploads\/2011\/10\/tn_DSC_0930.jpg 1024w\" sizes=\"(max-width: 300px) 100vw, 300px\" \/><\/a><\/p>\n<p>La garrigue, les oliviers et les nombreuses vignes laissent doucement la place \u00e0 des arbres plus grands, comme le fr\u00eane, l\u2019acacia, le ch\u00e2taigner, le h\u00eatre, le ch\u00eane, le bouleau, le noisetier\u2026 Eliot se pla\u00eet \u00e0 reconna\u00eetre ces arbres et d\u00e9veloppent un bon sens de l\u2019observation. Il y l\u2019\u0153il tr\u00e8s aiguis\u00e9 pour trouver les couleurs du balisage des GR (bandes de peinture sur les arbres ou les rochers).<\/p>\n<p><a href=\"https:\/\/www.oseba.ch\/wordpress\/wp-content\/uploads\/2011\/10\/tn_DSC_0936.jpg\"><img loading=\"lazy\" decoding=\"async\" class=\"aligncenter size-medium wp-image-656\" title=\"tn_DSC_0936\" src=\"https:\/\/www.oseba.ch\/wordpress\/wp-content\/uploads\/2011\/10\/tn_DSC_0936-300x198.jpg\" alt=\"\" width=\"300\" height=\"198\" srcset=\"https:\/\/www.oseba.ch\/wordpress\/wp-content\/uploads\/2011\/10\/tn_DSC_0936-300x198.jpg 300w, https:\/\/www.oseba.ch\/wordpress\/wp-content\/uploads\/2011\/10\/tn_DSC_0936.jpg 810w\" sizes=\"(max-width: 300px) 100vw, 300px\" \/><\/a><\/p>\n<p>A la sortie du village de Duilhac, nous faisons connaissance avec Bastou et Laetitia, accompagn\u00e9s de 2 chevaux, d\u2019une pouliche de 3 mois et de 2 chiens. Ils se baladent sur ces sentiers et nous voyagerons durant quelques jours ensemble.<\/p>\n<p><a href=\"https:\/\/www.oseba.ch\/wordpress\/wp-content\/uploads\/2011\/10\/tn_DSC_0922.jpg\"><img loading=\"lazy\" decoding=\"async\" class=\"aligncenter size-medium wp-image-657\" title=\"tn_DSC_0922\" src=\"https:\/\/www.oseba.ch\/wordpress\/wp-content\/uploads\/2011\/10\/tn_DSC_0922-300x198.jpg\" alt=\"\" width=\"300\" height=\"198\" srcset=\"https:\/\/www.oseba.ch\/wordpress\/wp-content\/uploads\/2011\/10\/tn_DSC_0922-300x198.jpg 300w, https:\/\/www.oseba.ch\/wordpress\/wp-content\/uploads\/2011\/10\/tn_DSC_0922.jpg 1024w\" sizes=\"(max-width: 300px) 100vw, 300px\" \/><\/a><\/p>\n<p>Le soir m\u00eame, \u00e0 St-Paul-de-Fenouillet, nous dormons chez leurs amis. Nous recevons une belle le\u00e7on de vie en compagnie de Line, Jesko et leur petit gar\u00e7on D\u00e9cembre. Ils ont beaucoup voyag\u00e9 \u00e0 pied et vivent \u00e0 pr\u00e9sent sous un tipi, tr\u00e8s simplement, en cultivant leur terre. L\u2019apr\u00e8s-midi sera utilis\u00e9e pour faire du jus de raisin comme \u00e0 l\u2019\u00e9poque, avec les pieds et les mains, et il est excellent. Le soir, c\u2019est pizzas au feu de bois cuites dans un four creus\u00e9 \u00e0 m\u00eame la roche\u00a0: mmm un d\u00e9lice. Nous passons un super moment. En les quittant, nous avons l\u2019impression d\u2019\u00eatre riches avec tout notre mat\u00e9riel.<\/p>\n<p><a href=\"https:\/\/www.oseba.ch\/wordpress\/wp-content\/uploads\/2011\/10\/tn_DSC_0950.jpg\"><img loading=\"lazy\" decoding=\"async\" class=\"aligncenter size-medium wp-image-658\" title=\"tn_DSC_0950\" src=\"https:\/\/www.oseba.ch\/wordpress\/wp-content\/uploads\/2011\/10\/tn_DSC_0950-300x198.jpg\" alt=\"\" width=\"300\" height=\"198\" srcset=\"https:\/\/www.oseba.ch\/wordpress\/wp-content\/uploads\/2011\/10\/tn_DSC_0950-300x198.jpg 300w, https:\/\/www.oseba.ch\/wordpress\/wp-content\/uploads\/2011\/10\/tn_DSC_0950.jpg 1024w\" sizes=\"(max-width: 300px) 100vw, 300px\" \/><\/a><\/p>\n<p>A Trilla, une pluie diluvienne s\u2019abat sur nous juste apr\u00e8s le pique-nique. Apr\u00e8s 5 min, tremp\u00e9s, nous rebroussons chemin pour nous abriter au village et retrouvons Bastou et Laetitia. Ils se sont install\u00e9s chez Monica, une anglaise, qui vit dans une ancienne cave \u00e0 vin. La soir\u00e9e est bien agr\u00e9able, dans une ambiance anglophone, car 2 \u00e9cossaises vivent chez elle quelques temps pour vendanger.<\/p>\n<p><a href=\"https:\/\/www.oseba.ch\/wordpress\/wp-content\/uploads\/2011\/10\/tn_DSC_1052.jpg\"><img loading=\"lazy\" decoding=\"async\" class=\"aligncenter size-medium wp-image-659\" title=\"tn_DSC_1052\" src=\"https:\/\/www.oseba.ch\/wordpress\/wp-content\/uploads\/2011\/10\/tn_DSC_1052-300x198.jpg\" alt=\"\" width=\"300\" height=\"198\" srcset=\"https:\/\/www.oseba.ch\/wordpress\/wp-content\/uploads\/2011\/10\/tn_DSC_1052-300x198.jpg 300w, https:\/\/www.oseba.ch\/wordpress\/wp-content\/uploads\/2011\/10\/tn_DSC_1052.jpg 1024w\" sizes=\"(max-width: 300px) 100vw, 300px\" \/><\/a><\/p>\n<p>A Vin\u00e7a, nous rencontrons Eld\u00e9e, qui a fait le chemin de Compostelle au printemps et vit au camping avant de se trouver un logement. Plus nous allons vers le sud, plus les montagnes sont hautes. A Ballestavy, Janne et Job nous mettent un bout de terrain \u00e0 disposition. Nous disons au-revoir \u00e0 Bastou et Laetitia et continuons seul vers Bat\u00e8re, \u00e0 1&rsquo;400 m\u00e8tres.<\/p>\n<p><a href=\"https:\/\/www.oseba.ch\/wordpress\/wp-content\/uploads\/2011\/10\/tn_DSC_1075.jpg\"><img loading=\"lazy\" decoding=\"async\" class=\"aligncenter size-medium wp-image-660\" title=\"tn_DSC_1075\" src=\"https:\/\/www.oseba.ch\/wordpress\/wp-content\/uploads\/2011\/10\/tn_DSC_1075-300x198.jpg\" alt=\"\" width=\"300\" height=\"198\" srcset=\"https:\/\/www.oseba.ch\/wordpress\/wp-content\/uploads\/2011\/10\/tn_DSC_1075-300x198.jpg 300w, https:\/\/www.oseba.ch\/wordpress\/wp-content\/uploads\/2011\/10\/tn_DSC_1075.jpg 1024w\" sizes=\"(max-width: 300px) 100vw, 300px\" \/><\/a><\/p>\n<p>Actuellement, \u00e0 Arles-sur-Tech, nous prenons les renseignements pour passer la fronti\u00e8re espagnole et descendre tranquillement en direction de Tarragone. Nous allons bient\u00f4t dire au-revoir \u00e0 la France.<\/p>\n<p>&nbsp;<\/p>\n","protected":false},"excerpt":{"rendered":"<p>Nous poursuivons le canal du midi, avant de prendre celui de la Robine \u00e0 Sall\u00e8les-d\u2019Aude. Ces canaux sont bien tranquilles, extr\u00eamement plats, la major partie du temps ombrag\u00e9s de platanes ou de pins. Apr\u00e8s Narbonne, les arbres se rar\u00e9fient. A l\u2019approche de Port-la-Nouvelle, nous entrons dans une r\u00e9serve naturelle. Le canal est bord\u00e9 d\u2019\u00e9tangs et [&hellip;]<\/p>\n","protected":false},"author":2,"featured_media":0,"comment_status":"open","ping_status":"open","sticky":false,"template":"","format":"standard","meta":{"footnotes":""},"categories":[13],"tags":[],"class_list":["post-643","post","type-post","status-publish","format-standard","hentry","category-voyage-en-france"],"_links":{"self":[{"href":"https:\/\/www.oseba.ch\/wordpress\/wp-json\/wp\/v2\/posts\/643"}],"collection":[{"href":"https:\/\/www.oseba.ch\/wordpress\/wp-json\/wp\/v2\/posts"}],"about":[{"href":"https:\/\/www.oseba.ch\/wordpress\/wp-json\/wp\/v2\/types\/post"}],"author":[{"embeddable":true,"href":"https:\/\/www.oseba.ch\/wordpress\/wp-json\/wp\/v2\/users\/2"}],"replies":[{"embeddable":true,"href":"https:\/\/www.oseba.ch\/wordpress\/wp-json\/wp\/v2\/comments?post=643"}],"version-history":[{"count":4,"href":"https:\/\/www.oseba.ch\/wordpress\/wp-json\/wp\/v2\/posts\/643\/revisions"}],"predecessor-version":[{"id":735,"href":"https:\/\/www.oseba.ch\/wordpress\/wp-json\/wp\/v2\/posts\/643\/revisions\/735"}],"wp:attachment":[{"href":"https:\/\/www.oseba.ch\/wordpress\/wp-json\/wp\/v2\/media?parent=643"}],"wp:term":[{"taxonomy":"category","embeddable":true,"href":"https:\/\/www.oseba.ch\/wordpress\/wp-json\/wp\/v2\/categories?post=643"},{"taxonomy":"post_tag","embeddable":true,"href":"https:\/\/www.oseba.ch\/wordpress\/wp-json\/wp\/v2\/tags?post=643"}],"curies":[{"name":"wp","href":"https:\/\/api.w.org\/{rel}","templated":true}]}}