{"id":665,"date":"2011-10-01T18:30:12","date_gmt":"2011-10-01T16:30:12","guid":{"rendered":"http:\/\/www.oseba.ch\/wordpress\/?p=665"},"modified":"2011-10-01T22:11:14","modified_gmt":"2011-10-01T20:11:14","slug":"665","status":"publish","type":"post","link":"https:\/\/www.oseba.ch\/wordpress\/mots-enfant\/665","title":{"rendered":"Les r\u00e9flexions d&rsquo;Eliot"},"content":{"rendered":"<p><a href=\"https:\/\/www.oseba.ch\/wordpress\/wp-content\/uploads\/2011\/10\/tn_DSC_1143.jpg\"><img loading=\"lazy\" decoding=\"async\" class=\"aligncenter size-medium wp-image-666\" title=\"tn_DSC_1143\" src=\"https:\/\/www.oseba.ch\/wordpress\/wp-content\/uploads\/2011\/10\/tn_DSC_1143-300x198.jpg\" alt=\"\" width=\"300\" height=\"198\" srcset=\"https:\/\/www.oseba.ch\/wordpress\/wp-content\/uploads\/2011\/10\/tn_DSC_1143-300x198.jpg 300w, https:\/\/www.oseba.ch\/wordpress\/wp-content\/uploads\/2011\/10\/tn_DSC_1143.jpg 1024w\" sizes=\"(max-width: 300px) 100vw, 300px\" \/><\/a><\/p>\n<p>Suite au chemin romain de la R\u00e9gordane, Eliot fait souvent r\u00e9f\u00e9rence \u00e0 cette population.<\/p>\n<p><a href=\"https:\/\/www.oseba.ch\/wordpress\/wp-content\/uploads\/2011\/10\/tn_DSC_0433.jpg\"><img loading=\"lazy\" decoding=\"async\" class=\"aligncenter size-medium wp-image-671\" title=\"tn_DSC_0433\" src=\"https:\/\/www.oseba.ch\/wordpress\/wp-content\/uploads\/2011\/10\/tn_DSC_0433-300x198.jpg\" alt=\"\" width=\"300\" height=\"198\" srcset=\"https:\/\/www.oseba.ch\/wordpress\/wp-content\/uploads\/2011\/10\/tn_DSC_0433-300x198.jpg 300w, https:\/\/www.oseba.ch\/wordpress\/wp-content\/uploads\/2011\/10\/tn_DSC_0433.jpg 1024w\" sizes=\"(max-width: 300px) 100vw, 300px\" \/><\/a><\/p>\n<p>En quittant le bord de mer, Eliot demande\u00a0:<\/p>\n<p>&#8211; Maman, les romains, y passaient sur ces chemins\u00a0?<\/p>\n<p>&#8211; Peut-\u00eatre, r\u00e9pond maman, tu crois qu\u2019ils allaient se baigner dans la mer\u00a0?<\/p>\n<p>&#8211; Oui, s\u00fbrement, dit Eliot, et ils allaient aussi au camping.<\/p>\n<p><a href=\"https:\/\/www.oseba.ch\/wordpress\/wp-content\/uploads\/2011\/10\/tn_DSC_0383.jpg\"><img loading=\"lazy\" decoding=\"async\" class=\"aligncenter size-medium wp-image-672\" title=\"tn_DSC_0383\" src=\"https:\/\/www.oseba.ch\/wordpress\/wp-content\/uploads\/2011\/10\/tn_DSC_0383-300x198.jpg\" alt=\"\" width=\"300\" height=\"198\" srcset=\"https:\/\/www.oseba.ch\/wordpress\/wp-content\/uploads\/2011\/10\/tn_DSC_0383-300x198.jpg 300w, https:\/\/www.oseba.ch\/wordpress\/wp-content\/uploads\/2011\/10\/tn_DSC_0383.jpg 1024w\" sizes=\"(max-width: 300px) 100vw, 300px\" \/><\/a><\/p>\n<p>&#8211; C\u2019est aussi les Romains qui ont fait la place de jeu\u00a0?<\/p>\n<p><a href=\"https:\/\/www.oseba.ch\/wordpress\/wp-content\/uploads\/2011\/10\/tn_DSC_0675.jpg\"><img loading=\"lazy\" decoding=\"async\" class=\"aligncenter size-medium wp-image-670\" title=\"tn_DSC_0675\" src=\"https:\/\/www.oseba.ch\/wordpress\/wp-content\/uploads\/2011\/10\/tn_DSC_0675-300x198.jpg\" alt=\"\" width=\"300\" height=\"198\" srcset=\"https:\/\/www.oseba.ch\/wordpress\/wp-content\/uploads\/2011\/10\/tn_DSC_0675-300x198.jpg 300w, https:\/\/www.oseba.ch\/wordpress\/wp-content\/uploads\/2011\/10\/tn_DSC_0675.jpg 1024w\" sizes=\"(max-width: 300px) 100vw, 300px\" \/><\/a><\/p>\n<p>En quittant les canaux et Port-la-Nouvelle, nous reprenons des grimp\u00e9es et des descentes dans la garrigue. Maman rel\u00e8ve\u00a0:<\/p>\n<p>&#8211; C\u2019est moins plat que le canal\u00a0! En fait, il y a peu de choses aussi plat qu\u2019un canal\u00a0!<\/p>\n<p>&#8211; Il y a le bord de mer\u00a0! r\u00e9pond papa.<\/p>\n<p>&#8211; Et encore, r\u00e9plique maman, la mer est plate, le bord pas toujours.<\/p>\n<p>&#8211; La mer est pas plate, il y a les vagues, affirme Eliot.<\/p>\n<p><a href=\"https:\/\/www.oseba.ch\/wordpress\/wp-content\/uploads\/2011\/10\/tn_DSC_0518.jpg\"><img loading=\"lazy\" decoding=\"async\" class=\"aligncenter size-medium wp-image-669\" title=\"tn_DSC_0518\" src=\"https:\/\/www.oseba.ch\/wordpress\/wp-content\/uploads\/2011\/10\/tn_DSC_0518-300x198.jpg\" alt=\"\" width=\"300\" height=\"198\" srcset=\"https:\/\/www.oseba.ch\/wordpress\/wp-content\/uploads\/2011\/10\/tn_DSC_0518-300x198.jpg 300w, https:\/\/www.oseba.ch\/wordpress\/wp-content\/uploads\/2011\/10\/tn_DSC_0518.jpg 1024w\" sizes=\"(max-width: 300px) 100vw, 300px\" \/><\/a><\/p>\n<p>Dans une \u00e9picerie de village, Eliot croise une dame et lui dit\u00a0:<\/p>\n<p>&#8211; Bonjour Madame.<\/p>\n<p>&#8211; Bonjour, r\u00e9pond-elle.<\/p>\n<p>&#8211; Je dis toujours bonjour aux gens, r\u00e9plique Eliot.<\/p>\n<p>&#8211; Et bien\u00a0! C\u2019est tr\u00e8s poli, dit la dame.<\/p>\n<p>&#8211; Mais les gens y r\u00e9pondent pas toujours, r\u00e9pond Eliot.<\/p>\n<p>&#8211; Ca, c\u2019est moins poli, conclut la dame.<\/p>\n<p><a href=\"https:\/\/www.oseba.ch\/wordpress\/wp-content\/uploads\/2011\/10\/tn_DSC_0522.jpg\"><img loading=\"lazy\" decoding=\"async\" class=\"aligncenter size-medium wp-image-668\" title=\"tn_DSC_0522\" src=\"https:\/\/www.oseba.ch\/wordpress\/wp-content\/uploads\/2011\/10\/tn_DSC_0522-300x198.jpg\" alt=\"\" width=\"300\" height=\"198\" srcset=\"https:\/\/www.oseba.ch\/wordpress\/wp-content\/uploads\/2011\/10\/tn_DSC_0522-300x198.jpg 300w, https:\/\/www.oseba.ch\/wordpress\/wp-content\/uploads\/2011\/10\/tn_DSC_0522.jpg 1024w\" sizes=\"(max-width: 300px) 100vw, 300px\" \/><\/a><\/p>\n<p>Maman montre un arbre \u00e0 Eliot en expliquant que c\u2019est un cypr\u00e8s, un arbre souvent tout droit et long. Apr\u00e8s r\u00e9flexion, Eliot dit\u00a0: \u00ab\u00a0les cypr\u00e8s, c\u2019est parce qu\u2019il sont tout pr\u00e8s, sinon, c\u2019est des cyloin\u00a0!\u00a0\u00bb<\/p>\n<p><img loading=\"lazy\" decoding=\"async\" class=\"aligncenter size-medium wp-image-667\" title=\"tn_DSC_0689\" src=\"https:\/\/www.oseba.ch\/wordpress\/wp-content\/uploads\/2011\/10\/tn_DSC_0689-300x198.jpg\" alt=\"\" width=\"300\" height=\"198\" srcset=\"https:\/\/www.oseba.ch\/wordpress\/wp-content\/uploads\/2011\/10\/tn_DSC_0689-300x198.jpg 300w, https:\/\/www.oseba.ch\/wordpress\/wp-content\/uploads\/2011\/10\/tn_DSC_0689.jpg 1024w\" sizes=\"(max-width: 300px) 100vw, 300px\" \/><\/p>\n<p>En parlant avec Eliot de l\u2019histoire des ch\u00e2teaux forts, Eliot demande\u00a0: \u00ab\u00a0Tu crois qu\u2019ils habitaient encore dans les ch\u00e2teaux quand ils \u00e9taient en ruine\u00a0?\u00a0\u00bb<\/p>\n<p><a href=\"https:\/\/www.oseba.ch\/wordpress\/wp-content\/uploads\/2011\/10\/tn_DSC_1036.jpg\"><img loading=\"lazy\" decoding=\"async\" class=\"aligncenter size-medium wp-image-673\" title=\"tn_DSC_1036\" src=\"https:\/\/www.oseba.ch\/wordpress\/wp-content\/uploads\/2011\/10\/tn_DSC_1036-300x198.jpg\" alt=\"\" width=\"300\" height=\"198\" srcset=\"https:\/\/www.oseba.ch\/wordpress\/wp-content\/uploads\/2011\/10\/tn_DSC_1036-300x198.jpg 300w, https:\/\/www.oseba.ch\/wordpress\/wp-content\/uploads\/2011\/10\/tn_DSC_1036.jpg 1024w\" sizes=\"(max-width: 300px) 100vw, 300px\" \/><\/a><\/p>\n<p>Un soir qu\u2019Eliot allait au lit plus tard, nous lui montrons les \u00e9toiles, en essayant de lui faire voir la grande ourse. Le lendemain, il y a beaucoup d\u2019humidit\u00e9 sur la tente et dans le pr\u00e9. Apr\u00e8s r\u00e9flexion, Eliot affirme\u00a0: \u00ab\u00a0la ros\u00e9e, c\u2019est seulement quand il y a la grande ourse\u00a0!\u00a0\u00bb<\/p>\n<p><a href=\"https:\/\/www.oseba.ch\/wordpress\/wp-content\/uploads\/2011\/10\/tn_DSC_0937.jpg\"><img loading=\"lazy\" decoding=\"async\" class=\"aligncenter size-medium wp-image-674\" title=\"tn_DSC_0937\" src=\"https:\/\/www.oseba.ch\/wordpress\/wp-content\/uploads\/2011\/10\/tn_DSC_0937-300x198.jpg\" alt=\"\" width=\"300\" height=\"198\" srcset=\"https:\/\/www.oseba.ch\/wordpress\/wp-content\/uploads\/2011\/10\/tn_DSC_0937-300x198.jpg 300w, https:\/\/www.oseba.ch\/wordpress\/wp-content\/uploads\/2011\/10\/tn_DSC_0937.jpg 1024w\" sizes=\"(max-width: 300px) 100vw, 300px\" \/><\/a><\/p>\n<p>Sur un magnifique sentier, nous discutons que ce doit \u00eatre un chemin de muletiers, qu\u2019\u00e0 l\u2019\u00e9poque, ils ont eu beaucoup de travail pour le r\u00e9aliser, car il y a de petits murets sur le c\u00f4t\u00e9 et dessous pour pouvoir passer. Eliot, qui \u00e9coute tout et veut participer \u00e0 la conversation, dit\u00a0: \u00ab\u00a0 oui oui, les romains (encore eux\u00a0!), y z\u2019ont fait ce chemin, \u00e0 l\u2019\u00e9poque, et ils passaient par l\u00e0.\u00a0\u00bb Puis il s\u2019arr\u00eate et demande\u00a0: \u00ab\u00a0papa, c\u2019est o\u00f9 \u00e0 l\u2019\u00e9poque\u00a0?\u00a0\u00bb<\/p>\n","protected":false},"excerpt":{"rendered":"<p>Suite au chemin romain de la R\u00e9gordane, Eliot fait souvent r\u00e9f\u00e9rence \u00e0 cette population. En quittant le bord de mer, Eliot demande\u00a0: &#8211; Maman, les romains, y passaient sur ces chemins\u00a0? &#8211; Peut-\u00eatre, r\u00e9pond maman, tu crois qu\u2019ils allaient se baigner dans la mer\u00a0? &#8211; Oui, s\u00fbrement, dit Eliot, et ils allaient aussi au camping. [&hellip;]<\/p>\n","protected":false},"author":2,"featured_media":0,"comment_status":"open","ping_status":"open","sticky":false,"template":"","format":"standard","meta":{"footnotes":""},"categories":[10],"tags":[],"class_list":["post-665","post","type-post","status-publish","format-standard","hentry","category-mots-enfant"],"_links":{"self":[{"href":"https:\/\/www.oseba.ch\/wordpress\/wp-json\/wp\/v2\/posts\/665"}],"collection":[{"href":"https:\/\/www.oseba.ch\/wordpress\/wp-json\/wp\/v2\/posts"}],"about":[{"href":"https:\/\/www.oseba.ch\/wordpress\/wp-json\/wp\/v2\/types\/post"}],"author":[{"embeddable":true,"href":"https:\/\/www.oseba.ch\/wordpress\/wp-json\/wp\/v2\/users\/2"}],"replies":[{"embeddable":true,"href":"https:\/\/www.oseba.ch\/wordpress\/wp-json\/wp\/v2\/comments?post=665"}],"version-history":[{"count":4,"href":"https:\/\/www.oseba.ch\/wordpress\/wp-json\/wp\/v2\/posts\/665\/revisions"}],"predecessor-version":[{"id":676,"href":"https:\/\/www.oseba.ch\/wordpress\/wp-json\/wp\/v2\/posts\/665\/revisions\/676"}],"wp:attachment":[{"href":"https:\/\/www.oseba.ch\/wordpress\/wp-json\/wp\/v2\/media?parent=665"}],"wp:term":[{"taxonomy":"category","embeddable":true,"href":"https:\/\/www.oseba.ch\/wordpress\/wp-json\/wp\/v2\/categories?post=665"},{"taxonomy":"post_tag","embeddable":true,"href":"https:\/\/www.oseba.ch\/wordpress\/wp-json\/wp\/v2\/tags?post=665"}],"curies":[{"name":"wp","href":"https:\/\/api.w.org\/{rel}","templated":true}]}}