{"id":695,"date":"2011-10-16T13:05:07","date_gmt":"2011-10-16T11:05:07","guid":{"rendered":"http:\/\/www.oseba.ch\/wordpress\/?p=695"},"modified":"2011-10-16T13:07:08","modified_gmt":"2011-10-16T11:07:08","slug":"viva-espana","status":"publish","type":"post","link":"https:\/\/www.oseba.ch\/wordpress\/notre-voyage-en-espagne\/viva-espana","title":{"rendered":"Viva Espana"},"content":{"rendered":"<p><a href=\"https:\/\/www.oseba.ch\/wordpress\/wp-content\/uploads\/2011\/10\/tn_DSC_1185.jpg\"><img loading=\"lazy\" decoding=\"async\" class=\"aligncenter size-medium wp-image-696\" title=\"tn_DSC_1185\" src=\"https:\/\/www.oseba.ch\/wordpress\/wp-content\/uploads\/2011\/10\/tn_DSC_1185-300x199.jpg\" alt=\"\" width=\"300\" height=\"199\" srcset=\"https:\/\/www.oseba.ch\/wordpress\/wp-content\/uploads\/2011\/10\/tn_DSC_1185-300x199.jpg 300w, https:\/\/www.oseba.ch\/wordpress\/wp-content\/uploads\/2011\/10\/tn_DSC_1185.jpg 1024w\" sizes=\"(max-width: 300px) 100vw, 300px\" \/><\/a><\/p>\n<p>Nous sommes au pied de la fronti\u00e8re espagnol. Ce matin du 3 octobre, au d\u00e9part d\u2019Arles-sur-Tech, il nous faut monter ce que l\u2019on a descendu sur l\u2019autre versant . Quelques 900 m\u00e8tre de grimpette sur une bonne piste remplie de ch\u00e2taign\u00e9s. Au moment du pique-nique, Olivier croque un morceau de saucisson et c\u2019est un morceau de molaire qu\u2019il ressort de sa bouche.<\/p>\n<p><a href=\"https:\/\/www.oseba.ch\/wordpress\/wp-content\/uploads\/2011\/10\/tn_DSC_1172.jpg\"><img loading=\"lazy\" decoding=\"async\" class=\"aligncenter size-medium wp-image-699\" title=\"tn_DSC_1172\" src=\"https:\/\/www.oseba.ch\/wordpress\/wp-content\/uploads\/2011\/10\/tn_DSC_1172-300x198.jpg\" alt=\"\" width=\"300\" height=\"198\" srcset=\"https:\/\/www.oseba.ch\/wordpress\/wp-content\/uploads\/2011\/10\/tn_DSC_1172-300x198.jpg 300w, https:\/\/www.oseba.ch\/wordpress\/wp-content\/uploads\/2011\/10\/tn_DSC_1172.jpg 1024w\" sizes=\"(max-width: 300px) 100vw, 300px\" \/><\/a><\/p>\n<p>L\u2019arriv\u00e9e en haut du col nous offre une vue\u00a0 toujours aussi grandiose sur les Pyr\u00e9n\u00e9es espagnoles. Ce Canigou au loin (photo ci-dessous), nous l&rsquo;avons vu depuis le canal de la Robine, l&rsquo;avons contourn\u00e9 et le verrons encore souvent.<\/p>\n<p><a href=\"https:\/\/www.oseba.ch\/wordpress\/wp-content\/uploads\/2011\/10\/tn_DSC_1151.jpg\"><img loading=\"lazy\" decoding=\"async\" class=\"aligncenter size-medium wp-image-697\" title=\"tn_DSC_1151\" src=\"https:\/\/www.oseba.ch\/wordpress\/wp-content\/uploads\/2011\/10\/tn_DSC_1151-300x198.jpg\" alt=\"\" width=\"300\" height=\"198\" srcset=\"https:\/\/www.oseba.ch\/wordpress\/wp-content\/uploads\/2011\/10\/tn_DSC_1151-300x198.jpg 300w, https:\/\/www.oseba.ch\/wordpress\/wp-content\/uploads\/2011\/10\/tn_DSC_1151.jpg 1024w\" sizes=\"(max-width: 300px) 100vw, 300px\" \/><\/a><\/p>\n<p>Ces montagnes si hautes, si belles, si fi\u00e8res m\u2019invitent \u00e0 regarder plus loin, plus haut, \u00e0 m\u2019\u00e9merveiller devant toute cette beaut\u00e9 et \u00e0 dire merci pour tant de magnificence, d\u2019\u00e9l\u00e9gance, de douceur dans les formes.<\/p>\n<p><a href=\"https:\/\/www.oseba.ch\/wordpress\/wp-content\/uploads\/2011\/10\/tn_DSC_1164.jpg\"><img loading=\"lazy\" decoding=\"async\" class=\"aligncenter size-medium wp-image-698\" title=\"tn_DSC_1164\" src=\"https:\/\/www.oseba.ch\/wordpress\/wp-content\/uploads\/2011\/10\/tn_DSC_1164-300x198.jpg\" alt=\"\" width=\"300\" height=\"198\" srcset=\"https:\/\/www.oseba.ch\/wordpress\/wp-content\/uploads\/2011\/10\/tn_DSC_1164-300x198.jpg 300w, https:\/\/www.oseba.ch\/wordpress\/wp-content\/uploads\/2011\/10\/tn_DSC_1164.jpg 1024w\" sizes=\"(max-width: 300px) 100vw, 300px\" \/><\/a><\/p>\n<p>Nous arrivons en vue du mas o\u00f9 nous souhaitons dormir. Il n\u2019y a personne, zut. A la tomb\u00e9e de la nuit, nous montons la tente, r\u00e9solus \u00e0 rester l\u00e0. C\u2019est seulement vers 21h qu\u2019une voiture arrive. Olivier sort pour discuter et nous pouvons rester pour la nuit.<\/p>\n<p><a href=\"https:\/\/www.oseba.ch\/wordpress\/wp-content\/uploads\/2011\/10\/tn_DSC_1175.jpg\"><img loading=\"lazy\" decoding=\"async\" class=\"aligncenter size-medium wp-image-700\" title=\"tn_DSC_1175\" src=\"https:\/\/www.oseba.ch\/wordpress\/wp-content\/uploads\/2011\/10\/tn_DSC_1175-300x198.jpg\" alt=\"\" width=\"300\" height=\"198\" srcset=\"https:\/\/www.oseba.ch\/wordpress\/wp-content\/uploads\/2011\/10\/tn_DSC_1175-300x198.jpg 300w, https:\/\/www.oseba.ch\/wordpress\/wp-content\/uploads\/2011\/10\/tn_DSC_1175.jpg 1024w\" sizes=\"(max-width: 300px) 100vw, 300px\" \/><\/a><\/p>\n<p>Le lendemain, nous passons la fronti\u00e8re espagnole \u00e0 la borne 546. Dans la longue descente sur Tapis, nous avons la chance de voir un daim qui nous regarde un instant, curieux, et s\u2019enfuit dans la for\u00eat de ch\u00eanes li\u00e8ges. Plus bas, les \u00e2nes dressent l\u2019oreille et s\u2019arr\u00eatent. C\u2019est un marcassin qui s\u2019enfuit en courant rejoindre sa maman. Cette derni\u00e8re d\u00e9valent la pente abrupte avec ses petits en faisant un grands fracas dans les feuilles s\u00e8ches. Nous restons tout \u00e9tonn\u00e9s d\u2019avoir entrevu des sangliers en plein jour.<\/p>\n<p><a href=\"https:\/\/www.oseba.ch\/wordpress\/wp-content\/uploads\/2011\/10\/tn_DSC_1298.jpg\"><img loading=\"lazy\" decoding=\"async\" class=\"aligncenter size-medium wp-image-722\" title=\"tn_DSC_1298\" src=\"https:\/\/www.oseba.ch\/wordpress\/wp-content\/uploads\/2011\/10\/tn_DSC_1298-300x198.jpg\" alt=\"\" width=\"300\" height=\"198\" srcset=\"https:\/\/www.oseba.ch\/wordpress\/wp-content\/uploads\/2011\/10\/tn_DSC_1298-300x198.jpg 300w, https:\/\/www.oseba.ch\/wordpress\/wp-content\/uploads\/2011\/10\/tn_DSC_1298.jpg 1024w\" sizes=\"(max-width: 300px) 100vw, 300px\" \/><\/a><\/p>\n<p>Au village de Tapis, nous allons \u00e0 la place jeu \u00e0 l\u2019entr\u00e9e du village. Il y a quelques personnes \u00e2g\u00e9es bien sympathiques qui nous laissent monter la tente \u00e0 c\u00f4t\u00e9 des jeux. Les \u00e2nes trouvent un pr\u00e9 juste derri\u00e8re nous. Notre premier soir en Espagne re\u00e7oit un tr\u00e8s bon accueil et nous encourage pour la suite.<\/p>\n<p><a href=\"https:\/\/www.oseba.ch\/wordpress\/wp-content\/uploads\/2011\/10\/tn_DSC_1241.jpg\"><img loading=\"lazy\" decoding=\"async\" class=\"alignleft size-medium wp-image-701\" title=\"tn_DSC_1241\" src=\"https:\/\/www.oseba.ch\/wordpress\/wp-content\/uploads\/2011\/10\/tn_DSC_1241-198x300.jpg\" alt=\"\" width=\"198\" height=\"300\" srcset=\"https:\/\/www.oseba.ch\/wordpress\/wp-content\/uploads\/2011\/10\/tn_DSC_1241-198x300.jpg 198w, https:\/\/www.oseba.ch\/wordpress\/wp-content\/uploads\/2011\/10\/tn_DSC_1241.jpg 509w\" sizes=\"(max-width: 198px) 100vw, 198px\" \/><\/a><\/p>\n<p>&nbsp;<\/p>\n<p>Nous traversons une immense for\u00eat de ch\u00eanes li\u00e8ges au tronc d\u00e9garni de leur \u00e9corce. Au village de Ma\u00e7anet, un couple\u00a0 franco-hispanique, Lucette et Xavier, nous aide en faisant les interpr\u00e8tes aupr\u00e8s de la mairie. Cette derni\u00e8re se plie en quatre pour nous chercher des chemins et un logement pour la nuit. Merci \u00e0 chacun pour l\u2019\u00e9nergie mise \u00e0 notre disposition. Nous pourrons dormir dans une salle de 200 m\u00e8tres carr\u00e9, la plus grande du voyage pour 5 euros par adulte.<\/p>\n<p>&nbsp;<\/p>\n<p>&nbsp;<\/p>\n<p>Il faut dire que nous n\u2019avons ni trouv\u00e9 ni r\u00e9ussi \u00e0\u00a0 t\u00e9l\u00e9charger la carte p\u00e9destre de l\u2019Espagne pour le GPS. Donc, retour \u00e0 la bonne vieille m\u00e9thode des cartes. Les chemins en Espagne, sont plus ou moins bien indiqu\u00e9s, selon les tron\u00e7ons. Les cartes p\u00e9destres au 1\u00a0: 25&rsquo;000 n\u2019ont pas les sentiers balis\u00e9es et celles au 1\u00a0: 50&rsquo;000 contiennent certains itin\u00e9raires et pas d\u2019autres. Il est difficile de trouver une bonne carte.<\/p>\n<p><a href=\"https:\/\/www.oseba.ch\/wordpress\/wp-content\/uploads\/2011\/10\/tn_DSC_1203.jpg\"><img loading=\"lazy\" decoding=\"async\" class=\"aligncenter size-medium wp-image-703\" title=\"tn_DSC_1203\" src=\"https:\/\/www.oseba.ch\/wordpress\/wp-content\/uploads\/2011\/10\/tn_DSC_1203-300x198.jpg\" alt=\"\" width=\"300\" height=\"198\" srcset=\"https:\/\/www.oseba.ch\/wordpress\/wp-content\/uploads\/2011\/10\/tn_DSC_1203-300x198.jpg 300w, https:\/\/www.oseba.ch\/wordpress\/wp-content\/uploads\/2011\/10\/tn_DSC_1203.jpg 1024w\" sizes=\"(max-width: 300px) 100vw, 300px\" \/><\/a><\/p>\n<p>La fatigue et la lassitude nous d\u00e9courage de plus en plus de monter la tente tous les soirs. Nous r\u00e9alisons que m\u00eame si de nombreux hommes et peuplades sont nomades, ils ne le sont pas au quotidien. Ils se d\u00e9placent selon les saisons et la nourriture et laissent leur campement plusieurs semaines ou mois au m\u00eame endroit. Eliot demande souvent combien de temps on reste ici. Ce n\u2019est pas le probl\u00e8me de marcher ou de dormir sous tente, nous y dormons tr\u00e8s bien. Le probl\u00e8me c\u2019est l\u2019installation et le rangement.<\/p>\n<p><a href=\"https:\/\/www.oseba.ch\/wordpress\/wp-content\/uploads\/2011\/10\/tn_DSC_1250.jpg\"><img loading=\"lazy\" decoding=\"async\" class=\"aligncenter size-medium wp-image-704\" title=\"tn_DSC_1250\" src=\"https:\/\/www.oseba.ch\/wordpress\/wp-content\/uploads\/2011\/10\/tn_DSC_1250-300x198.jpg\" alt=\"\" width=\"300\" height=\"198\" srcset=\"https:\/\/www.oseba.ch\/wordpress\/wp-content\/uploads\/2011\/10\/tn_DSC_1250-300x198.jpg 300w, https:\/\/www.oseba.ch\/wordpress\/wp-content\/uploads\/2011\/10\/tn_DSC_1250.jpg 1024w\" sizes=\"(max-width: 300px) 100vw, 300px\" \/><\/a><\/p>\n<p>A Darnius, nous rencontrons des compatriotes qui tiennent un h\u00f4tel et nous proposent de nous h\u00e9berger dans une caravane pour pas cher. Bon compromis qui nous permet un jour de repos. Notre chemin nous fait longer un bon moment une rivi\u00e8re tr\u00e8s agr\u00e9able. Au Pont-de-Molins, nous rejoignons un des chemins de Compostelle pour quelques km.\u00a0 Une certaine nostalgie nous anime sur ce chemin rempli d\u2019histoires.<\/p>\n<p><a href=\"https:\/\/www.oseba.ch\/wordpress\/wp-content\/uploads\/2011\/10\/tn_DSC_1328.jpg\"><img loading=\"lazy\" decoding=\"async\" class=\"aligncenter size-medium wp-image-705\" title=\"tn_DSC_1328\" src=\"https:\/\/www.oseba.ch\/wordpress\/wp-content\/uploads\/2011\/10\/tn_DSC_1328-300x198.jpg\" alt=\"\" width=\"300\" height=\"198\" srcset=\"https:\/\/www.oseba.ch\/wordpress\/wp-content\/uploads\/2011\/10\/tn_DSC_1328-300x198.jpg 300w, https:\/\/www.oseba.ch\/wordpress\/wp-content\/uploads\/2011\/10\/tn_DSC_1328.jpg 1024w\" sizes=\"(max-width: 300px) 100vw, 300px\" \/><\/a><\/p>\n<p>A plusieurs reprises, nous avons de la peine \u00e0 trouver notre route dans les villes et villages. Par exemple, d\u00e8s l\u2019entr\u00e9e de Figueres, nous perdons la trace du balisage. A t\u00e2tons, dans le calme et la confiance, nos yeux suivent le soleil et ne sont plus riv\u00e9s sur le GPS. Finalement, nous retrouvons les panneaux \u00e0 la sortie. Bizarre, il nous semble avoir d\u00e9velopp\u00e9, depuis le temps, un certain sens de l\u2019observation pour trouver les panneaux\u00a0!?<\/p>\n<p><a href=\"https:\/\/www.oseba.ch\/wordpress\/wp-content\/uploads\/2011\/10\/tn_DSC_1310.jpg\"><img loading=\"lazy\" decoding=\"async\" class=\"aligncenter size-medium wp-image-706\" title=\"tn_DSC_1310\" src=\"https:\/\/www.oseba.ch\/wordpress\/wp-content\/uploads\/2011\/10\/tn_DSC_1310-300x198.jpg\" alt=\"\" width=\"300\" height=\"198\" srcset=\"https:\/\/www.oseba.ch\/wordpress\/wp-content\/uploads\/2011\/10\/tn_DSC_1310-300x198.jpg 300w, https:\/\/www.oseba.ch\/wordpress\/wp-content\/uploads\/2011\/10\/tn_DSC_1310.jpg 1024w\" sizes=\"(max-width: 300px) 100vw, 300px\" \/><\/a><\/p>\n<p>Cette r\u00e9gion de l\u2019Espagne regorge de porcherie. L\u2019odeur d\u00e9licate des cochons nous arrive en plein nez, encore plus prononc\u00e9 avec la tramontagne. On se croirait presque chez nous quand les paysans purinent. Apr\u00e8s Borrass\u00e0, nous trouvons un gite rural tr\u00e8s accueillant, chez L\u00e9o et Luis, o\u00f9 nous passons quelques jours de repos. Cela nous permet d\u2019envisager la suite de notre voyage. Nous sentons que la premi\u00e8re partie de notre voyage la plus nomade va gentiment faire la place \u00e0 une phase plus s\u00e9dentaire.<\/p>\n<p><a href=\"https:\/\/www.oseba.ch\/wordpress\/wp-content\/uploads\/2011\/10\/tn_DSC_1324.jpg\"><img loading=\"lazy\" decoding=\"async\" class=\"aligncenter size-medium wp-image-707\" title=\"tn_DSC_1324\" src=\"https:\/\/www.oseba.ch\/wordpress\/wp-content\/uploads\/2011\/10\/tn_DSC_1324-300x116.jpg\" alt=\"\" width=\"300\" height=\"116\" srcset=\"https:\/\/www.oseba.ch\/wordpress\/wp-content\/uploads\/2011\/10\/tn_DSC_1324-300x116.jpg 300w, https:\/\/www.oseba.ch\/wordpress\/wp-content\/uploads\/2011\/10\/tn_DSC_1324.jpg 1024w\" sizes=\"(max-width: 300px) 100vw, 300px\" \/><\/a><\/p>\n","protected":false},"excerpt":{"rendered":"<p>Nous sommes au pied de la fronti\u00e8re espagnol. Ce matin du 3 octobre, au d\u00e9part d\u2019Arles-sur-Tech, il nous faut monter ce que l\u2019on a descendu sur l\u2019autre versant . Quelques 900 m\u00e8tre de grimpette sur une bonne piste remplie de ch\u00e2taign\u00e9s. Au moment du pique-nique, Olivier croque un morceau de saucisson et c\u2019est un morceau [&hellip;]<\/p>\n","protected":false},"author":2,"featured_media":0,"comment_status":"open","ping_status":"open","sticky":false,"template":"","format":"standard","meta":{"footnotes":""},"categories":[16],"tags":[],"class_list":["post-695","post","type-post","status-publish","format-standard","hentry","category-notre-voyage-en-espagne"],"_links":{"self":[{"href":"https:\/\/www.oseba.ch\/wordpress\/wp-json\/wp\/v2\/posts\/695"}],"collection":[{"href":"https:\/\/www.oseba.ch\/wordpress\/wp-json\/wp\/v2\/posts"}],"about":[{"href":"https:\/\/www.oseba.ch\/wordpress\/wp-json\/wp\/v2\/types\/post"}],"author":[{"embeddable":true,"href":"https:\/\/www.oseba.ch\/wordpress\/wp-json\/wp\/v2\/users\/2"}],"replies":[{"embeddable":true,"href":"https:\/\/www.oseba.ch\/wordpress\/wp-json\/wp\/v2\/comments?post=695"}],"version-history":[{"count":4,"href":"https:\/\/www.oseba.ch\/wordpress\/wp-json\/wp\/v2\/posts\/695\/revisions"}],"predecessor-version":[{"id":721,"href":"https:\/\/www.oseba.ch\/wordpress\/wp-json\/wp\/v2\/posts\/695\/revisions\/721"}],"wp:attachment":[{"href":"https:\/\/www.oseba.ch\/wordpress\/wp-json\/wp\/v2\/media?parent=695"}],"wp:term":[{"taxonomy":"category","embeddable":true,"href":"https:\/\/www.oseba.ch\/wordpress\/wp-json\/wp\/v2\/categories?post=695"},{"taxonomy":"post_tag","embeddable":true,"href":"https:\/\/www.oseba.ch\/wordpress\/wp-json\/wp\/v2\/tags?post=695"}],"curies":[{"name":"wp","href":"https:\/\/api.w.org\/{rel}","templated":true}]}}