{"id":726,"date":"2011-10-15T16:28:12","date_gmt":"2011-10-15T14:28:12","guid":{"rendered":"http:\/\/www.oseba.ch\/wordpress\/?p=726"},"modified":"2011-10-16T16:29:50","modified_gmt":"2011-10-16T14:29:50","slug":"joies-et-plaintes-des-anes","status":"publish","type":"post","link":"https:\/\/www.oseba.ch\/wordpress\/mot-ane\/joies-et-plaintes-des-anes","title":{"rendered":"Joies et plaintes des \u00e2nes"},"content":{"rendered":"<p><a href=\"https:\/\/www.oseba.ch\/wordpress\/wp-content\/uploads\/2011\/10\/tn__DSC9428.jpg\"><img loading=\"lazy\" decoding=\"async\" class=\"aligncenter size-medium wp-image-727\" title=\"tn__DSC9428\" src=\"https:\/\/www.oseba.ch\/wordpress\/wp-content\/uploads\/2011\/10\/tn__DSC9428-300x200.jpg\" alt=\"\" width=\"300\" height=\"200\" srcset=\"https:\/\/www.oseba.ch\/wordpress\/wp-content\/uploads\/2011\/10\/tn__DSC9428-300x200.jpg 300w, https:\/\/www.oseba.ch\/wordpress\/wp-content\/uploads\/2011\/10\/tn__DSC9428.jpg 1024w\" sizes=\"(max-width: 300px) 100vw, 300px\" \/><\/a><\/p>\n<p>Basile\u00a0: \u00ab\u00a0Pourquoi nos ma\u00eetres ont-il quitt\u00e9 la douceur des canaux\u00a0? A part qu\u2019il y avait toujours de l\u2019eau \u00e0 c\u00f4t\u00e9 de nous (on n\u2019aime pas trop l\u2019eau vous savez), il y avait de l\u2019herbe verte, de l\u2019ombre et du plat. A pr\u00e9sent, c\u2019est mont\u00e9e et descente sans arr\u00eat, les sentiers cath\u2019\u00e2nes qu\u2019ils appellent. Notre gosier est sec des herbes s\u00e8ches.\u00a0\u00bb<\/p>\n<p>Apollon\u00a0: \u00ab\u00a0Bon, au moins, il ne pleut pas ici. Le pire, c\u2019est quand nous avons d\u00fb faire toute une journ\u00e9e de descente, 1&rsquo;000 m\u00e8tre de d\u00e9nivel\u00e9s qu\u2019ils ont dit. Mon dos en frissonne encore \u00e0 cause du frottement des b\u00e2ts. Mon garrot en est tout \u00e9pil\u00e9.\u00a0\u00bb<\/p>\n<p><a href=\"https:\/\/www.oseba.ch\/wordpress\/wp-content\/uploads\/2011\/10\/tn_DSC_1189.jpg\"><img loading=\"lazy\" decoding=\"async\" class=\"aligncenter size-medium wp-image-729\" title=\"tn_DSC_1189\" src=\"https:\/\/www.oseba.ch\/wordpress\/wp-content\/uploads\/2011\/10\/tn_DSC_1189-300x198.jpg\" alt=\"\" width=\"300\" height=\"198\" srcset=\"https:\/\/www.oseba.ch\/wordpress\/wp-content\/uploads\/2011\/10\/tn_DSC_1189-300x198.jpg 300w, https:\/\/www.oseba.ch\/wordpress\/wp-content\/uploads\/2011\/10\/tn_DSC_1189.jpg 1024w\" sizes=\"(max-width: 300px) 100vw, 300px\" \/><\/a><\/p>\n<p>Basile\u00a0: \u00ab\u00a0Mais le pire du pire, c\u2019est qu\u2019il a fallu tout remonter le lendemain quelle \u00e2nerie. Tu te souviens du passage avec des tubes, c\u00e2n\u2019adien qu\u2019ils disent. Le ma\u00eetre a d\u00fb nous faire passer dans le lit de la rivi\u00e8re. Quelle pente\u00a0!\u00a0\u00bb<\/p>\n<p>Apollon\u00a0: \u00ab\u00a0 Et la fois de l\u2019escalier m\u00e9tallique. Heureusement que j\u2019ai r\u00e9sist\u00e9, sinon, bonjour la catastrophe. Je crois qu\u2019ils ont eu quand m\u00eame peur. On a fait demi-tour.\u00a0\u00bb<\/p>\n<p><a href=\"https:\/\/www.oseba.ch\/wordpress\/wp-content\/uploads\/2011\/10\/tn_DSC_1259.jpg\"><img loading=\"lazy\" decoding=\"async\" class=\"aligncenter size-medium wp-image-728\" title=\"tn_DSC_1259\" src=\"https:\/\/www.oseba.ch\/wordpress\/wp-content\/uploads\/2011\/10\/tn_DSC_1259-300x198.jpg\" alt=\"\" width=\"300\" height=\"198\" srcset=\"https:\/\/www.oseba.ch\/wordpress\/wp-content\/uploads\/2011\/10\/tn_DSC_1259-300x198.jpg 300w, https:\/\/www.oseba.ch\/wordpress\/wp-content\/uploads\/2011\/10\/tn_DSC_1259.jpg 1024w\" sizes=\"(max-width: 300px) 100vw, 300px\" \/><\/a><\/p>\n<p>Basile\u00a0: \u00ab\u00a0Mais bon, en m\u00eame temps, mon burro, quel bonheur de voir du pays, ces montagnes sont belles, il y a pleins de nouvelles saveurs \u00e0 go\u00fbter, des m\u00fbres, des cynorrhodons, des olives et toutes ces herbes nouvelles.\u00a0\u00bb<\/p>\n<p>Apollon\u00a0: \u00ab\u00a0Question bonheur, tu te souviens aussi de cette dame, Monica. Elle a mass\u00e9 mon beau corps tout muscl\u00e9. Je crois qu\u2019elle avait le b\u00e9guin pour moi.\u00a0\u00bb<\/p>\n<p><a href=\"https:\/\/www.oseba.ch\/wordpress\/wp-content\/uploads\/2011\/10\/tn_DSC_0977.jpg\"><img loading=\"lazy\" decoding=\"async\" class=\"aligncenter size-medium wp-image-730\" title=\"tn_DSC_0977\" src=\"https:\/\/www.oseba.ch\/wordpress\/wp-content\/uploads\/2011\/10\/tn_DSC_0977-300x198.jpg\" alt=\"\" width=\"300\" height=\"198\" srcset=\"https:\/\/www.oseba.ch\/wordpress\/wp-content\/uploads\/2011\/10\/tn_DSC_0977-300x198.jpg 300w, https:\/\/www.oseba.ch\/wordpress\/wp-content\/uploads\/2011\/10\/tn_DSC_0977.jpg 1024w\" sizes=\"(max-width: 300px) 100vw, 300px\" \/><\/a><\/p>\n<p>Basile\u00a0:\u00a0 \u00ab\u00a0Parle pour toi, les caresses, il y en a que pour toi\u00a0!\u00a0\u00bb<\/p>\n<p>Apollon\u00a0: \u00ab\u00a0De toute fa\u00e7on, tu as toujours \u00e9t\u00e9 jaloux. Chaque fois que les gens me caressent, il faut que tu me pousses loin pour en avoir plus.\u00a0\u00bb<\/p>\n<p><a href=\"https:\/\/www.oseba.ch\/wordpress\/wp-content\/uploads\/2011\/10\/tn_DSC_10981.jpg\"><img loading=\"lazy\" decoding=\"async\" class=\"aligncenter size-medium wp-image-731\" title=\"tn_DSC_1098\" src=\"https:\/\/www.oseba.ch\/wordpress\/wp-content\/uploads\/2011\/10\/tn_DSC_10981-300x198.jpg\" alt=\"\" width=\"300\" height=\"198\" srcset=\"https:\/\/www.oseba.ch\/wordpress\/wp-content\/uploads\/2011\/10\/tn_DSC_10981-300x198.jpg 300w, https:\/\/www.oseba.ch\/wordpress\/wp-content\/uploads\/2011\/10\/tn_DSC_10981.jpg 1024w\" sizes=\"(max-width: 300px) 100vw, 300px\" \/><\/a><\/p>\n<p>Basile\u00a0: \u00ab\u00a0Dis, je crois bien que nos \u00e2niers sont fatigu\u00e9s, \u00e7a fait une semaine qu\u2019on se repose ici. L\u2019autre jour, dis donc, le ma\u00eetre est mont\u00e9 sur ton dos\u00a0!\u00a0\u00bb<\/p>\n<p>Apollon\u00a0: \u00ab\u00a0Ouais, je l\u2019ai bien senti, il est bien plus lourd que le gamin, mais moins lourd que les bagages&#8230; Quoique\u00a0?!\u00a0\u00bb<\/p>\n<p><a href=\"https:\/\/www.oseba.ch\/wordpress\/wp-content\/uploads\/2011\/10\/tn_DSC_1321.jpg\"><img loading=\"lazy\" decoding=\"async\" class=\"aligncenter size-medium wp-image-732\" title=\"tn_DSC_1321\" src=\"https:\/\/www.oseba.ch\/wordpress\/wp-content\/uploads\/2011\/10\/tn_DSC_1321-300x198.jpg\" alt=\"\" width=\"300\" height=\"198\" srcset=\"https:\/\/www.oseba.ch\/wordpress\/wp-content\/uploads\/2011\/10\/tn_DSC_1321-300x198.jpg 300w, https:\/\/www.oseba.ch\/wordpress\/wp-content\/uploads\/2011\/10\/tn_DSC_1321.jpg 1024w\" sizes=\"(max-width: 300px) 100vw, 300px\" \/><\/a><\/p>\n<p>Basile\u00a0: \u00ab\u00a0Moi, j\u2019ai d\u00fb porter les provisions pour une semaine, les sacoches n\u2019ont jamais \u00e9t\u00e9 aussi lourdes. Quelle \u00e2nerie, faire autant de provisions \u00e0 la fois\u00a0! La donzelle doit avoir peur qu\u2019ils aient faim\u00a0!\u00a0\u00bb<\/p>\n","protected":false},"excerpt":{"rendered":"<p>Basile\u00a0: \u00ab\u00a0Pourquoi nos ma\u00eetres ont-il quitt\u00e9 la douceur des canaux\u00a0? A part qu\u2019il y avait toujours de l\u2019eau \u00e0 c\u00f4t\u00e9 de nous (on n\u2019aime pas trop l\u2019eau vous savez), il y avait de l\u2019herbe verte, de l\u2019ombre et du plat. A pr\u00e9sent, c\u2019est mont\u00e9e et descente sans arr\u00eat, les sentiers cath\u2019\u00e2nes qu\u2019ils appellent. Notre gosier [&hellip;]<\/p>\n","protected":false},"author":2,"featured_media":0,"comment_status":"open","ping_status":"open","sticky":false,"template":"","format":"standard","meta":{"footnotes":""},"categories":[11],"tags":[],"class_list":["post-726","post","type-post","status-publish","format-standard","hentry","category-mot-ane"],"_links":{"self":[{"href":"https:\/\/www.oseba.ch\/wordpress\/wp-json\/wp\/v2\/posts\/726"}],"collection":[{"href":"https:\/\/www.oseba.ch\/wordpress\/wp-json\/wp\/v2\/posts"}],"about":[{"href":"https:\/\/www.oseba.ch\/wordpress\/wp-json\/wp\/v2\/types\/post"}],"author":[{"embeddable":true,"href":"https:\/\/www.oseba.ch\/wordpress\/wp-json\/wp\/v2\/users\/2"}],"replies":[{"embeddable":true,"href":"https:\/\/www.oseba.ch\/wordpress\/wp-json\/wp\/v2\/comments?post=726"}],"version-history":[{"count":2,"href":"https:\/\/www.oseba.ch\/wordpress\/wp-json\/wp\/v2\/posts\/726\/revisions"}],"predecessor-version":[{"id":734,"href":"https:\/\/www.oseba.ch\/wordpress\/wp-json\/wp\/v2\/posts\/726\/revisions\/734"}],"wp:attachment":[{"href":"https:\/\/www.oseba.ch\/wordpress\/wp-json\/wp\/v2\/media?parent=726"}],"wp:term":[{"taxonomy":"category","embeddable":true,"href":"https:\/\/www.oseba.ch\/wordpress\/wp-json\/wp\/v2\/categories?post=726"},{"taxonomy":"post_tag","embeddable":true,"href":"https:\/\/www.oseba.ch\/wordpress\/wp-json\/wp\/v2\/tags?post=726"}],"curies":[{"name":"wp","href":"https:\/\/api.w.org\/{rel}","templated":true}]}}