{"id":762,"date":"2012-01-15T21:36:54","date_gmt":"2012-01-15T20:36:54","guid":{"rendered":"http:\/\/www.oseba.ch\/wordpress\/?p=762"},"modified":"2012-02-07T22:00:17","modified_gmt":"2012-02-07T21:00:17","slug":"noel-et-nouvelle-anee","status":"publish","type":"post","link":"https:\/\/www.oseba.ch\/wordpress\/notre-voyage-en-espagne\/noel-et-nouvelle-anee","title":{"rendered":"No\u00ebl et Nouvelle \u00e2n\u00e9e"},"content":{"rendered":"<p><a href=\"https:\/\/www.oseba.ch\/wordpress\/wp-content\/uploads\/2012\/02\/tn_DSC_2505.jpg\"><img loading=\"lazy\" decoding=\"async\" class=\"aligncenter size-medium wp-image-764\" title=\"tn_DSC_2505\" src=\"https:\/\/www.oseba.ch\/wordpress\/wp-content\/uploads\/2012\/02\/tn_DSC_2505-300x198.jpg\" alt=\"\" width=\"300\" height=\"198\" srcset=\"https:\/\/www.oseba.ch\/wordpress\/wp-content\/uploads\/2012\/02\/tn_DSC_2505-300x198.jpg 300w, https:\/\/www.oseba.ch\/wordpress\/wp-content\/uploads\/2012\/02\/tn_DSC_2505.jpg 1024w\" sizes=\"(max-width: 300px) 100vw, 300px\" \/><\/a><\/p>\n<p>Durant les f\u00eates de No\u00ebl et Nouvel An, nous avons de la visite. Les parents de Sonia viennent pour quelques temps. Laurianne et Christophe sont l\u00e0 10 jours autour de Nouvel An.<\/p>\n<p><a href=\"https:\/\/www.oseba.ch\/wordpress\/wp-content\/uploads\/2012\/02\/tn_DSC_2354.jpg\"><img loading=\"lazy\" decoding=\"async\" class=\"aligncenter size-medium wp-image-765\" title=\"tn_DSC_2354\" src=\"https:\/\/www.oseba.ch\/wordpress\/wp-content\/uploads\/2012\/02\/tn_DSC_2354-300x198.jpg\" alt=\"\" width=\"300\" height=\"198\" srcset=\"https:\/\/www.oseba.ch\/wordpress\/wp-content\/uploads\/2012\/02\/tn_DSC_2354-300x198.jpg 300w, https:\/\/www.oseba.ch\/wordpress\/wp-content\/uploads\/2012\/02\/tn_DSC_2354.jpg 1024w\" sizes=\"(max-width: 300px) 100vw, 300px\" \/><\/a><\/p>\n<p>Ces f\u00eates sont bien pr\u00e9par\u00e9es en r\u00e9alisant des d\u00e9corations nous-m\u00eames avec de la r\u00e9cup. Un pin de No\u00ebl tr\u00f4ne au milieu de la chambre d\u2019Eliot qui fait aussi office de salon.\u00a0 Olivier a r\u00e9alis\u00e9 une maison en bois\u2026 d\u2019olivier pour abriter la cr\u00e8che<a href=\"https:\/\/www.oseba.ch\/wordpress\/wp-content\/uploads\/2012\/02\/tn_DSC_2352.jpg\"><img loading=\"lazy\" decoding=\"async\" class=\"aligncenter size-medium wp-image-766\" title=\"tn_DSC_2352\" src=\"https:\/\/www.oseba.ch\/wordpress\/wp-content\/uploads\/2012\/02\/tn_DSC_2352-300x198.jpg\" alt=\"\" width=\"300\" height=\"198\" srcset=\"https:\/\/www.oseba.ch\/wordpress\/wp-content\/uploads\/2012\/02\/tn_DSC_2352-300x198.jpg 300w, https:\/\/www.oseba.ch\/wordpress\/wp-content\/uploads\/2012\/02\/tn_DSC_2352.jpg 921w\" sizes=\"(max-width: 300px) 100vw, 300px\" \/><\/a><\/p>\n<p>La cuisine s\u2019active pour pr\u00e9parer des biscuits de No\u00ebl, bisc\u00f4mes et autre terrine de fois gras maison version grand-papa (mmiam). Les fouets s\u2019agitent \u00e0 la main pour d\u00e9guster une mousse au chocolat. La maison s\u2019habille de f\u00eate et nos c\u0153urs sont en joie.<\/p>\n<p><a href=\"https:\/\/www.oseba.ch\/wordpress\/wp-content\/uploads\/2012\/02\/tn_DSC_2514.jpg\"><img loading=\"lazy\" decoding=\"async\" class=\"aligncenter size-medium wp-image-767\" title=\"tn_DSC_2514\" src=\"https:\/\/www.oseba.ch\/wordpress\/wp-content\/uploads\/2012\/02\/tn_DSC_2514-300x198.jpg\" alt=\"\" width=\"300\" height=\"198\" srcset=\"https:\/\/www.oseba.ch\/wordpress\/wp-content\/uploads\/2012\/02\/tn_DSC_2514-300x198.jpg 300w, https:\/\/www.oseba.ch\/wordpress\/wp-content\/uploads\/2012\/02\/tn_DSC_2514.jpg 1024w\" sizes=\"(max-width: 300px) 100vw, 300px\" \/><\/a><\/p>\n<p>Apr\u00e8s le Nouvel An, nous prenons des \u00ab\u00a0vacances\u00a0\u00bb et partons 3 jours en train pour accompagner Laurianne et Christophe prendre leur avion \u00e0 Barcelone. Une halte \u00e0 Port Aventura pour vivre encore un peu la magie des f\u00eates, puis c\u2019est la grande ville. Nous ne sommes pas les seuls \u00e0 avoir eu cette id\u00e9e et de multiples touristes inondent Barcelone. Gaudi marque cette ville de son art et nous visitons le parc Guell. La Sagrada familiale, b\u00e9nie par le pape et mont\u00e9e au rang de basilique, ne nous verra pas en son antre, au vue de l\u2019immense fil d\u2019attente. N\u00e9anmoins, avec un soup\u00e7on de regret. Nous l\u2019avions visit\u00e9 en 2000, mais la construction a bien avanc\u00e9 depuis. Tant pis, la vie est fait de choix \u00e0 prendre.<\/p>\n<p>&nbsp;<\/p>\n<p><a href=\"https:\/\/www.oseba.ch\/wordpress\/wp-content\/uploads\/2012\/02\/tn_DSC_2739.jpg\"><img loading=\"lazy\" decoding=\"async\" class=\"aligncenter size-medium wp-image-768\" title=\"tn_DSC_2739\" src=\"https:\/\/www.oseba.ch\/wordpress\/wp-content\/uploads\/2012\/02\/tn_DSC_2739-300x198.jpg\" alt=\"\" width=\"300\" height=\"198\" srcset=\"https:\/\/www.oseba.ch\/wordpress\/wp-content\/uploads\/2012\/02\/tn_DSC_2739-300x198.jpg 300w, https:\/\/www.oseba.ch\/wordpress\/wp-content\/uploads\/2012\/02\/tn_DSC_2739.jpg 1024w\" sizes=\"(max-width: 300px) 100vw, 300px\" \/><\/a><\/p>\n<p>Apr\u00e8s deux jours \u00e0 d\u00e9ambuler dans cette immensit\u00e9 urbaine, nous avons plaisir de prendre le train pour retrouver notre coin de nature. Toutefois, le retour sera long, plus long que celui de nos visiteurs rentr\u00e9s en avion. Un probl\u00e8me sur les voies, un mort semble-t-il, retarde notre rentr\u00e9e de 3h et arrivons \u00e0 00h40 au lieu de 21h45. Heureusement, nous n\u2019avons pas un avion \u00e0 prendre.<\/p>\n<p>&nbsp;<\/p>\n<p><a href=\"https:\/\/www.oseba.ch\/wordpress\/wp-content\/uploads\/2012\/02\/tn_DSC_2894.jpg\"><img loading=\"lazy\" decoding=\"async\" class=\"aligncenter size-medium wp-image-769\" title=\"tn_DSC_2894\" src=\"https:\/\/www.oseba.ch\/wordpress\/wp-content\/uploads\/2012\/02\/tn_DSC_2894-300x198.jpg\" alt=\"\" width=\"300\" height=\"198\" srcset=\"https:\/\/www.oseba.ch\/wordpress\/wp-content\/uploads\/2012\/02\/tn_DSC_2894-300x198.jpg 300w, https:\/\/www.oseba.ch\/wordpress\/wp-content\/uploads\/2012\/02\/tn_DSC_2894.jpg 1024w\" sizes=\"(max-width: 300px) 100vw, 300px\" \/><\/a><\/p>\n<p>A notre retour, nous assistons \u00e0 une grande f\u00eate en Espagne, celle des rois. Le 5 janvier au soir, \u00e0 Tortosa, nous voyons arriver les trois rois mages par le fleuve de l\u2019Ebre, sur une sorte de radeau. Des feux sont allum\u00e9s le long de l\u2019eau. Une fois sur la terre ferme, le cort\u00e8ge s\u2019avance jusqu\u2019\u00e0 la place de la mairie pour un discours.<\/p>\n<p><a href=\"https:\/\/www.oseba.ch\/wordpress\/wp-content\/uploads\/2012\/02\/tn_DSC_2917.jpg\"><img loading=\"lazy\" decoding=\"async\" class=\"aligncenter size-medium wp-image-770\" title=\"tn_DSC_2917\" src=\"https:\/\/www.oseba.ch\/wordpress\/wp-content\/uploads\/2012\/02\/tn_DSC_2917-300x198.jpg\" alt=\"\" width=\"300\" height=\"198\" srcset=\"https:\/\/www.oseba.ch\/wordpress\/wp-content\/uploads\/2012\/02\/tn_DSC_2917-300x198.jpg 300w, https:\/\/www.oseba.ch\/wordpress\/wp-content\/uploads\/2012\/02\/tn_DSC_2917.jpg 1024w\" sizes=\"(max-width: 300px) 100vw, 300px\" \/><\/a><\/p>\n<p>Puis un \u00e9norme cort\u00e8ge se joint aux rois, m\u00e9lange de St Nicolas et de Carnaval. Plusieurs fanfares, des fifres et tambours, des personnages de conte d\u00e9guis\u00e9s (Aladin, Pinoccio, \u2026) d\u00e9filent avec les 3 rois mages. Ces derniers lancent des tonnes de bonbons \u00e0 la foule immense, \u00e0 la grande joie des petits et des grands. Les grands-parents ne regrettent pas d\u2019\u00eatre rest\u00e9 une journ\u00e9e de plus pour voir cette f\u00eate.<\/p>\n<p><a href=\"https:\/\/www.oseba.ch\/wordpress\/wp-content\/uploads\/2012\/02\/tn_DSC_2874.jpg\"><img loading=\"lazy\" decoding=\"async\" class=\"aligncenter size-medium wp-image-771\" title=\"tn_DSC_2874\" src=\"https:\/\/www.oseba.ch\/wordpress\/wp-content\/uploads\/2012\/02\/tn_DSC_2874-300x198.jpg\" alt=\"\" width=\"300\" height=\"198\" srcset=\"https:\/\/www.oseba.ch\/wordpress\/wp-content\/uploads\/2012\/02\/tn_DSC_2874-300x198.jpg 300w, https:\/\/www.oseba.ch\/wordpress\/wp-content\/uploads\/2012\/02\/tn_DSC_2874.jpg 1024w\" sizes=\"(max-width: 300px) 100vw, 300px\" \/><\/a><\/p>\n","protected":false},"excerpt":{"rendered":"<p>Durant les f\u00eates de No\u00ebl et Nouvel An, nous avons de la visite. Les parents de Sonia viennent pour quelques temps. Laurianne et Christophe sont l\u00e0 10 jours autour de Nouvel An. Ces f\u00eates sont bien pr\u00e9par\u00e9es en r\u00e9alisant des d\u00e9corations nous-m\u00eames avec de la r\u00e9cup. Un pin de No\u00ebl tr\u00f4ne au milieu de la [&hellip;]<\/p>\n","protected":false},"author":2,"featured_media":763,"comment_status":"open","ping_status":"open","sticky":false,"template":"","format":"standard","meta":{"footnotes":""},"categories":[16],"tags":[],"class_list":["post-762","post","type-post","status-publish","format-standard","has-post-thumbnail","hentry","category-notre-voyage-en-espagne"],"_links":{"self":[{"href":"https:\/\/www.oseba.ch\/wordpress\/wp-json\/wp\/v2\/posts\/762"}],"collection":[{"href":"https:\/\/www.oseba.ch\/wordpress\/wp-json\/wp\/v2\/posts"}],"about":[{"href":"https:\/\/www.oseba.ch\/wordpress\/wp-json\/wp\/v2\/types\/post"}],"author":[{"embeddable":true,"href":"https:\/\/www.oseba.ch\/wordpress\/wp-json\/wp\/v2\/users\/2"}],"replies":[{"embeddable":true,"href":"https:\/\/www.oseba.ch\/wordpress\/wp-json\/wp\/v2\/comments?post=762"}],"version-history":[{"count":2,"href":"https:\/\/www.oseba.ch\/wordpress\/wp-json\/wp\/v2\/posts\/762\/revisions"}],"predecessor-version":[{"id":800,"href":"https:\/\/www.oseba.ch\/wordpress\/wp-json\/wp\/v2\/posts\/762\/revisions\/800"}],"wp:featuredmedia":[{"embeddable":true,"href":"https:\/\/www.oseba.ch\/wordpress\/wp-json\/wp\/v2\/media\/763"}],"wp:attachment":[{"href":"https:\/\/www.oseba.ch\/wordpress\/wp-json\/wp\/v2\/media?parent=762"}],"wp:term":[{"taxonomy":"category","embeddable":true,"href":"https:\/\/www.oseba.ch\/wordpress\/wp-json\/wp\/v2\/categories?post=762"},{"taxonomy":"post_tag","embeddable":true,"href":"https:\/\/www.oseba.ch\/wordpress\/wp-json\/wp\/v2\/tags?post=762"}],"curies":[{"name":"wp","href":"https:\/\/api.w.org\/{rel}","templated":true}]}}