{"id":775,"date":"2012-02-02T18:27:36","date_gmt":"2012-02-02T17:27:36","guid":{"rendered":"http:\/\/www.oseba.ch\/wordpress\/?p=775"},"modified":"2012-02-08T18:40:48","modified_gmt":"2012-02-08T17:40:48","slug":"palabres-romanesques","status":"publish","type":"post","link":"https:\/\/www.oseba.ch\/wordpress\/mot-ane\/palabres-romanesques","title":{"rendered":"Palabres rom&rsquo;\u00e2ne&rsquo;sques"},"content":{"rendered":"<p>Apollon\u00a0: \u00ab\u00a0Voil\u00e0 des semaines que nous sommes arr\u00eat\u00e9s dans un parc. C\u2019est vrai qu\u2019avec toute cette longue marche, on \u00e9tait bien au d\u00e9but. Mais \u00e0 pr\u00e9sent, c\u2019est longuet. On a besoin de se d\u00e9gourdir un peu les jambes. Heureusement, on va promener le petit de temps en temps.\u00a0\u00bb<\/p>\n<p><a href=\"https:\/\/www.oseba.ch\/wordpress\/wp-content\/uploads\/2012\/02\/tn_DSC_3150.jpg\"><img loading=\"lazy\" decoding=\"async\" class=\"aligncenter size-medium wp-image-776\" title=\"tn_DSC_3150\" src=\"https:\/\/www.oseba.ch\/wordpress\/wp-content\/uploads\/2012\/02\/tn_DSC_3150-300x198.jpg\" alt=\"\" width=\"300\" height=\"198\" srcset=\"https:\/\/www.oseba.ch\/wordpress\/wp-content\/uploads\/2012\/02\/tn_DSC_3150-300x198.jpg 300w, https:\/\/www.oseba.ch\/wordpress\/wp-content\/uploads\/2012\/02\/tn_DSC_3150.jpg 1024w\" sizes=\"(max-width: 300px) 100vw, 300px\" \/><\/a><\/p>\n<p>Basil\u00a0: \u00ab\u00a0Ici, l\u2019herbe est s\u00e8che. Mais le ma\u00eetre n\u2019est pas tr\u00e8s intelligent. Il croit qu\u2019un bout de ficelle nous retient. Tu parles. Lors d\u2019une ballade, on a bien vu qu\u2019il y avait de l\u2019herbe verte \u00e0 certain endroit. Alors, quand il a le dos tourn\u00e9, je file entre les fils et je vais manger l\u2019herbe ou les haricots de l\u2019arbre du voisin. Pas l\u2019herbe du voisin, car c\u2019est que des cailloux.\u00a0\u00bb<\/p>\n<p>Apollon\u00a0: \u00ab\u00a0Tu as de la chance toi. Quand tu sortais, il te remettait dedans sans mesure. Mais quand c\u2019est moi qui suit enfin sorti, il nous a attach\u00e9s. Et puis un jour, il nous a fait un magnifique parc, mais il a fallu que l\u2019on touche le fil du museau et l\u00e0, bonjour les d\u00e9g\u00e2ts. Pas tr\u00e8s agr\u00e9able cette cl\u00f4ture \u00e9lectrique.\u00a0\u00bb<\/p>\n<p><a href=\"https:\/\/www.oseba.ch\/wordpress\/wp-content\/uploads\/2012\/02\/tn_DSC_3153.jpg\"><img loading=\"lazy\" decoding=\"async\" class=\"aligncenter size-medium wp-image-777\" title=\"tn_DSC_3153\" src=\"https:\/\/www.oseba.ch\/wordpress\/wp-content\/uploads\/2012\/02\/tn_DSC_3153-300x198.jpg\" alt=\"\" width=\"300\" height=\"198\" srcset=\"https:\/\/www.oseba.ch\/wordpress\/wp-content\/uploads\/2012\/02\/tn_DSC_3153-300x198.jpg 300w, https:\/\/www.oseba.ch\/wordpress\/wp-content\/uploads\/2012\/02\/tn_DSC_3153.jpg 1024w\" sizes=\"(max-width: 300px) 100vw, 300px\" \/><\/a><\/p>\n<p>Basil\u00a0: \u00ab\u00a0Ouais, t\u2019as raison, depuis, on ne peut m\u00eame plus filer.\u00a0\u00bb<\/p>\n<p>Apollon\u00a0: \u00ab\u00a0 On leur a donn\u00e9 un peu de fil \u00e0 retordre, pour pas qu\u2019ils nous oublient. Bon, c\u2019est vrai que chaque matin, le petit vient nous donner un bout de pain sec ou une carotte. Je l\u2019aime bien celui-ci. Quand il vient sur mon dos avec sa nouvelle selle, il est bien plus l\u00e9ger que les anciens bagages.\u00a0\u00bb<\/p>\n<p><a href=\"https:\/\/www.oseba.ch\/wordpress\/wp-content\/uploads\/2012\/02\/tn_DSC_1738.jpg\"><img loading=\"lazy\" decoding=\"async\" class=\"aligncenter size-medium wp-image-778\" title=\"tn_DSC_1738\" src=\"https:\/\/www.oseba.ch\/wordpress\/wp-content\/uploads\/2012\/02\/tn_DSC_1738-300x198.jpg\" alt=\"\" width=\"300\" height=\"198\" srcset=\"https:\/\/www.oseba.ch\/wordpress\/wp-content\/uploads\/2012\/02\/tn_DSC_1738-300x198.jpg 300w, https:\/\/www.oseba.ch\/wordpress\/wp-content\/uploads\/2012\/02\/tn_DSC_1738.jpg 1024w\" sizes=\"(max-width: 300px) 100vw, 300px\" \/><\/a><\/p>\n<p>Basil\u00a0: \u00ab\u00a0Dis plut\u00f4t qu\u2019il te m\u00e8ne par le bout du nez. Quand il veut te faire trotter, tu ob\u00e9is comme si tu avais mon \u00e2ge. Moi, il ne m\u2019a pas comme \u00e7a\u00a0!\u00a0\u00bb<\/p>\n<p>Apollon\u00a0: \u00ab\u00a0Bah, ne te plaint pas, ils ne sont pas m\u00e9chants nos ma\u00eetres. Ils sont un peu bougres, mais on est bien ici.\u00a0\u00bb<\/p>\n<p><a href=\"https:\/\/www.oseba.ch\/wordpress\/wp-content\/uploads\/2012\/02\/tn_DSC_3148.jpg\"><img loading=\"lazy\" decoding=\"async\" class=\"aligncenter size-medium wp-image-779\" title=\"tn_DSC_3148\" src=\"https:\/\/www.oseba.ch\/wordpress\/wp-content\/uploads\/2012\/02\/tn_DSC_3148-300x198.jpg\" alt=\"\" width=\"300\" height=\"198\" srcset=\"https:\/\/www.oseba.ch\/wordpress\/wp-content\/uploads\/2012\/02\/tn_DSC_3148-300x198.jpg 300w, https:\/\/www.oseba.ch\/wordpress\/wp-content\/uploads\/2012\/02\/tn_DSC_3148.jpg 1024w\" sizes=\"(max-width: 300px) 100vw, 300px\" \/><\/a><\/p>\n<p>Basil\u00a0: \u00ab\u00a0Oh oui, tant qu\u2019ils ne nous remettent pas dans cette chariote du diable qui nous secoue pendant des heures pour se retrouver dans un endroit inconnu, tout va bien\u00a0!\u00a0\u00bb<\/p>\n","protected":false},"excerpt":{"rendered":"<p>Apollon\u00a0: \u00ab\u00a0Voil\u00e0 des semaines que nous sommes arr\u00eat\u00e9s dans un parc. C\u2019est vrai qu\u2019avec toute cette longue marche, on \u00e9tait bien au d\u00e9but. Mais \u00e0 pr\u00e9sent, c\u2019est longuet. On a besoin de se d\u00e9gourdir un peu les jambes. Heureusement, on va promener le petit de temps en temps.\u00a0\u00bb Basil\u00a0: \u00ab\u00a0Ici, l\u2019herbe est s\u00e8che. Mais le [&hellip;]<\/p>\n","protected":false},"author":2,"featured_media":0,"comment_status":"open","ping_status":"open","sticky":false,"template":"","format":"standard","meta":{"footnotes":""},"categories":[11],"tags":[],"class_list":["post-775","post","type-post","status-publish","format-standard","hentry","category-mot-ane"],"_links":{"self":[{"href":"https:\/\/www.oseba.ch\/wordpress\/wp-json\/wp\/v2\/posts\/775"}],"collection":[{"href":"https:\/\/www.oseba.ch\/wordpress\/wp-json\/wp\/v2\/posts"}],"about":[{"href":"https:\/\/www.oseba.ch\/wordpress\/wp-json\/wp\/v2\/types\/post"}],"author":[{"embeddable":true,"href":"https:\/\/www.oseba.ch\/wordpress\/wp-json\/wp\/v2\/users\/2"}],"replies":[{"embeddable":true,"href":"https:\/\/www.oseba.ch\/wordpress\/wp-json\/wp\/v2\/comments?post=775"}],"version-history":[{"count":1,"href":"https:\/\/www.oseba.ch\/wordpress\/wp-json\/wp\/v2\/posts\/775\/revisions"}],"predecessor-version":[{"id":780,"href":"https:\/\/www.oseba.ch\/wordpress\/wp-json\/wp\/v2\/posts\/775\/revisions\/780"}],"wp:attachment":[{"href":"https:\/\/www.oseba.ch\/wordpress\/wp-json\/wp\/v2\/media?parent=775"}],"wp:term":[{"taxonomy":"category","embeddable":true,"href":"https:\/\/www.oseba.ch\/wordpress\/wp-json\/wp\/v2\/categories?post=775"},{"taxonomy":"post_tag","embeddable":true,"href":"https:\/\/www.oseba.ch\/wordpress\/wp-json\/wp\/v2\/tags?post=775"}],"curies":[{"name":"wp","href":"https:\/\/api.w.org\/{rel}","templated":true}]}}