{"id":781,"date":"2012-02-08T19:22:26","date_gmt":"2012-02-08T18:22:26","guid":{"rendered":"http:\/\/www.oseba.ch\/wordpress\/?p=781"},"modified":"2012-02-09T15:21:33","modified_gmt":"2012-02-09T14:21:33","slug":"781","status":"publish","type":"post","link":"https:\/\/www.oseba.ch\/wordpress\/notre-voyage-en-espagne\/781","title":{"rendered":"Vie et activit\u00e9s en esp&rsquo;\u00e2ne"},"content":{"rendered":"<p style=\"text-align: center;\"><a href=\"https:\/\/www.oseba.ch\/wordpress\/wp-content\/uploads\/2012\/02\/tn_DSC_3131.jpg\"><img loading=\"lazy\" decoding=\"async\" class=\"aligncenter\" title=\"tn_DSC_3131\" src=\"https:\/\/www.oseba.ch\/wordpress\/wp-content\/uploads\/2012\/02\/tn_DSC_3131-300x198.jpg\" alt=\"\" width=\"300\" height=\"198\" \/><\/a><\/p>\n<p>Notre s\u00e9jour \u00e0 Tortosa (en Espagne) suit son cours et tout va pour le mieux. Notre vie s\u00e9dentaire nous fait presque oublier de renouveler le blog.<\/p>\n<p><a href=\"https:\/\/www.oseba.ch\/wordpress\/wp-content\/uploads\/2012\/02\/tn_DSC_2322.jpg\"><img loading=\"lazy\" decoding=\"async\" class=\"aligncenter\" title=\"tn_DSC_2322\" src=\"https:\/\/www.oseba.ch\/wordpress\/wp-content\/uploads\/2012\/02\/tn_DSC_2322-300x198.jpg\" alt=\"\" width=\"300\" height=\"198\" \/><\/a><\/p>\n<p>Actuellement, nous vivons les jours les plus froids de notre hiver. La temp\u00e9rature est descendue sous les O\u00b0C et l\u2019eau des \u00e2nes a gel\u00e9. Mais nous n\u2019en sommes pas au -15\u00b0C, voire -20\u00b0C de la Gruy\u00e8re. Heureusement, les \u00e2nes ont un abri pour se prot\u00e9ger du vent et du froid.<\/p>\n<p><a href=\"https:\/\/www.oseba.ch\/wordpress\/wp-content\/uploads\/2012\/02\/tn_DSC_2250.jpg\"><img loading=\"lazy\" decoding=\"async\" class=\"aligncenter size-medium wp-image-784\" title=\"tn_DSC_2250\" src=\"https:\/\/www.oseba.ch\/wordpress\/wp-content\/uploads\/2012\/02\/tn_DSC_2250-300x198.jpg\" alt=\"\" width=\"300\" height=\"198\" srcset=\"https:\/\/www.oseba.ch\/wordpress\/wp-content\/uploads\/2012\/02\/tn_DSC_2250-300x198.jpg 300w, https:\/\/www.oseba.ch\/wordpress\/wp-content\/uploads\/2012\/02\/tn_DSC_2250.jpg 918w\" sizes=\"(max-width: 300px) 100vw, 300px\" \/><\/a><\/p>\n<p>Nous consacrons notre temps \u00e0 diff\u00e9rentes activit\u00e9s. La principale est la taille des oliviers. Dans un premier temps, il s\u2019agit de d\u00e9gager la base du tronc de toutes les repousses en les cassant avec un piochon.<\/p>\n<p><a href=\"https:\/\/www.oseba.ch\/wordpress\/wp-content\/uploads\/2012\/02\/tn_DSC_2282.jpg\"><img loading=\"lazy\" decoding=\"async\" class=\"aligncenter size-medium wp-image-787\" title=\"tn_DSC_2282\" src=\"https:\/\/www.oseba.ch\/wordpress\/wp-content\/uploads\/2012\/02\/tn_DSC_2282-300x198.jpg\" alt=\"\" width=\"300\" height=\"198\" srcset=\"https:\/\/www.oseba.ch\/wordpress\/wp-content\/uploads\/2012\/02\/tn_DSC_2282-300x198.jpg 300w, https:\/\/www.oseba.ch\/wordpress\/wp-content\/uploads\/2012\/02\/tn_DSC_2282.jpg 1024w\" sizes=\"(max-width: 300px) 100vw, 300px\" \/><\/a><\/p>\n<p>Ensuite, la taille proprement dite. Olivier s\u2019occupe des plus grosses branches en hauteur. Il coupe les \u00ab\u00a0\u00a0piquets\u00a0\u00bb qui partent droit haut et d\u00e9gage le centre de l\u2019arbre pour lui donner de la lumi\u00e8re. Sonia taille les branches s\u00e8ches depuis le bas.<\/p>\n<p><a href=\"https:\/\/www.oseba.ch\/wordpress\/wp-content\/uploads\/2012\/02\/tn_DSC_2971.jpg\"><img loading=\"lazy\" decoding=\"async\" class=\"aligncenter size-medium wp-image-794\" title=\"tn_DSC_2971\" src=\"https:\/\/www.oseba.ch\/wordpress\/wp-content\/uploads\/2012\/02\/tn_DSC_2971-300x198.jpg\" alt=\"\" width=\"300\" height=\"198\" srcset=\"https:\/\/www.oseba.ch\/wordpress\/wp-content\/uploads\/2012\/02\/tn_DSC_2971-300x198.jpg 300w, https:\/\/www.oseba.ch\/wordpress\/wp-content\/uploads\/2012\/02\/tn_DSC_2971.jpg 1024w\" sizes=\"(max-width: 300px) 100vw, 300px\" \/><\/a><\/p>\n<p>Ensuite, il faut couper et entasser les grosses branches pour du bois de feu. Le reste est br\u00fbl\u00e9 sur place. La commune d\u00e9livre des autorisations de faire des feux durant 3 mois. C\u2019est important de profiter d\u2019un jour sans vent pour cela. Les derniers feux sont mercredi 1<sup>er<\/sup>\u00a0f\u00e9vrier 2012.<\/p>\n<p><a href=\"https:\/\/www.oseba.ch\/wordpress\/wp-content\/uploads\/2012\/02\/tn_DSC_1693.jpg\"><img loading=\"lazy\" decoding=\"async\" class=\"aligncenter size-medium wp-image-782\" title=\"tn_DSC_1693\" src=\"https:\/\/www.oseba.ch\/wordpress\/wp-content\/uploads\/2012\/02\/tn_DSC_1693-300x198.jpg\" alt=\"\" width=\"300\" height=\"198\" srcset=\"https:\/\/www.oseba.ch\/wordpress\/wp-content\/uploads\/2012\/02\/tn_DSC_1693-300x198.jpg 300w, https:\/\/www.oseba.ch\/wordpress\/wp-content\/uploads\/2012\/02\/tn_DSC_1693.jpg 1024w\" sizes=\"(max-width: 300px) 100vw, 300px\" \/><\/a><\/p>\n<p>Avec les grands-parents d\u2019Eliot, nous faisons des grillades directement sur les braises. La fourche sert de grille pour tenir le train de c\u00f4tes de porc sur le feu. Malheureusement, une pique veux enfourcher la main de grand-papa, mais il s\u2019en sort bien. Rien de trop grave.<\/p>\n<p><a href=\"https:\/\/www.oseba.ch\/wordpress\/wp-content\/uploads\/2012\/02\/tn_DSC_2119.jpg\"><img loading=\"lazy\" decoding=\"async\" class=\"aligncenter size-medium wp-image-783\" title=\"tn_DSC_2119\" src=\"https:\/\/www.oseba.ch\/wordpress\/wp-content\/uploads\/2012\/02\/tn_DSC_2119-300x198.jpg\" alt=\"\" width=\"300\" height=\"198\" srcset=\"https:\/\/www.oseba.ch\/wordpress\/wp-content\/uploads\/2012\/02\/tn_DSC_2119-300x198.jpg 300w, https:\/\/www.oseba.ch\/wordpress\/wp-content\/uploads\/2012\/02\/tn_DSC_2119.jpg 1024w\" sizes=\"(max-width: 300px) 100vw, 300px\" \/><\/a><\/p>\n<p>D\u2019autres activit\u00e9s remplissent nos journ\u00e9es, comme ballade \u00e0 v\u00e9lo ou \u00e0 pied, cuisine, travaux d\u2019entretien, lessive (\u00e0 la main, \u00e7a prend une grande ampleur avec un petit gars \u00e0 c\u00f4t\u00e9), trie des photos, mise au propre du carnet de bord et encore mosa\u00efque. A cette derni\u00e8re, Sonia et Eliot s\u2019y pr\u00eate avec d\u00e9lice et minutie. Sous-plats ou assiettes sont d\u00e9cor\u00e9es avec des restes de carrelage et les r\u00e9sultats sont bien sympas.<\/p>\n<p><a href=\"https:\/\/www.oseba.ch\/wordpress\/wp-content\/uploads\/2012\/02\/tn_DSC_2255.jpg\"><img loading=\"lazy\" decoding=\"async\" class=\"aligncenter size-medium wp-image-785\" title=\"tn_DSC_2255\" src=\"https:\/\/www.oseba.ch\/wordpress\/wp-content\/uploads\/2012\/02\/tn_DSC_2255-300x198.jpg\" alt=\"\" width=\"300\" height=\"198\" srcset=\"https:\/\/www.oseba.ch\/wordpress\/wp-content\/uploads\/2012\/02\/tn_DSC_2255-300x198.jpg 300w, https:\/\/www.oseba.ch\/wordpress\/wp-content\/uploads\/2012\/02\/tn_DSC_2255.jpg 1024w\" sizes=\"(max-width: 300px) 100vw, 300px\" \/><\/a><\/p>\n<p>Eliot aime faire du b\u00e9ton. Il prend du sable qu\u2019il m\u00e9lange avec de l\u2019eau. Puis il brasse et brasse. L\u2019autre matin, il a eu de la chance, car le b\u00e9ton a bien pris (en fait, l\u2019eau a gel\u00e9).<\/p>\n<p><a href=\"https:\/\/www.oseba.ch\/wordpress\/wp-content\/uploads\/2012\/02\/tn_DSC_2284.jpg\"><img loading=\"lazy\" decoding=\"async\" class=\"aligncenter size-medium wp-image-788\" title=\"tn_DSC_2284\" src=\"https:\/\/www.oseba.ch\/wordpress\/wp-content\/uploads\/2012\/02\/tn_DSC_2284-300x198.jpg\" alt=\"\" width=\"300\" height=\"198\" srcset=\"https:\/\/www.oseba.ch\/wordpress\/wp-content\/uploads\/2012\/02\/tn_DSC_2284-300x198.jpg 300w, https:\/\/www.oseba.ch\/wordpress\/wp-content\/uploads\/2012\/02\/tn_DSC_2284.jpg 877w\" sizes=\"(max-width: 300px) 100vw, 300px\" \/><\/a><\/p>\n<p>Nous avons trois poules qui commencent \u00e0 faire des \u0153ufs. La journ\u00e9e, elles picorent gaiment autour de la maison. Eliot est champion pour les faire rentrer au poulailler. Il lance son appel et elles accourent vers lui. Il faut bien les prot\u00e9ger du renard. Une nuit de grand vent, un objet tape contre des barres de fer dehors. Eliot se r\u00e9veille pour faire pipi. Il demande ce que c\u2019est ce bruit\u00a0: \u00ab\u00a0C\u2019est peut-\u00eatre le renard qui frappe \u00e0 la porte\u00a0!\u00a0\u00bb dit-il. Olivier le rassure en disant que le renard est blotti dans sa tani\u00e8re pour avoir un peu chaud. Quelques secondes passent et Eliot r\u00e9plique\u00a0: \u00ab\u00a0Mais alors, on peut sortir les poules.\u00a0\u00bb Il est 3h du matin\u00a0!<\/p>\n<p><a href=\"https:\/\/www.oseba.ch\/wordpress\/wp-content\/uploads\/2012\/02\/tn_DSC_2260.jpg\"><img loading=\"lazy\" decoding=\"async\" class=\"aligncenter size-medium wp-image-786\" title=\"tn_DSC_2260\" src=\"https:\/\/www.oseba.ch\/wordpress\/wp-content\/uploads\/2012\/02\/tn_DSC_2260-300x198.jpg\" alt=\"\" width=\"300\" height=\"198\" srcset=\"https:\/\/www.oseba.ch\/wordpress\/wp-content\/uploads\/2012\/02\/tn_DSC_2260-300x198.jpg 300w, https:\/\/www.oseba.ch\/wordpress\/wp-content\/uploads\/2012\/02\/tn_DSC_2260.jpg 1024w\" sizes=\"(max-width: 300px) 100vw, 300px\" \/><\/a><\/p>\n<p>Nous faisons peu \u00e0 peu connaissance avec notre voisinage\u00a0:<\/p>\n<p>l\u2019espagnol d\u2019\u00e0 c\u00f4t\u00e9 (sauf que nos notions d\u2019espagnols sont peu d\u00e9velopp\u00e9es pour entretenir une conversation avec un espagnol bien tremp\u00e9),<\/p>\n<p>une voisine Luxembourgeoise, qui est l\u00e0 de temps en temps,<\/p>\n<p>un peu plus haut, une genevoise qui a des chevaux. Elle a pu nous organiser un rendez-vous avec un mar\u00e9chal ferrant. Les sabots de nos quadrup\u00e8des sont sains, car le climat sec d\u2019ici leur convient bien. Sauf, que ces derniers jours, un probl\u00e8me avec les fourchettes (partie du sabot et pas vaisselle\u00a0!) nous tracassent. Affaires \u00e0 suivre de pr\u00e8s.<\/p>\n<p style=\"text-align: center;\"><a href=\"https:\/\/www.oseba.ch\/wordpress\/wp-content\/uploads\/2012\/02\/tn_DSC_3081.jpg\"><img loading=\"lazy\" decoding=\"async\" class=\"aligncenter size-medium wp-image-795\" title=\"tn_DSC_3081\" src=\"https:\/\/www.oseba.ch\/wordpress\/wp-content\/uploads\/2012\/02\/tn_DSC_3081-300x198.jpg\" alt=\"\" width=\"300\" height=\"198\" srcset=\"https:\/\/www.oseba.ch\/wordpress\/wp-content\/uploads\/2012\/02\/tn_DSC_3081-300x198.jpg 300w, https:\/\/www.oseba.ch\/wordpress\/wp-content\/uploads\/2012\/02\/tn_DSC_3081.jpg 930w\" sizes=\"(max-width: 300px) 100vw, 300px\" \/><\/a><\/p>\n<p>La maison est \u00e0 pr\u00e9sent bien \u00e9quip\u00e9e. On ne manque presque de rien. Nous avons la lumi\u00e8re gr\u00e2ce \u00e0 un panneau solaire et une batterie. Il existe des ampoules 12V qui utilise 1,5W et \u00e9claire comme du 60W. Notre ordi peut se charger la journ\u00e9e sur le panneau solaire avec un transformateur. Au pire des cas, une g\u00e9n\u00e9ratrice peut nous fournir du courant. Un frigo tourne au gaz et une gazini\u00e8re avec un four permet de cuisiner et faire du pain.<\/p>\n<p style=\"text-align: right;\"><a href=\"https:\/\/www.oseba.ch\/wordpress\/wp-content\/uploads\/2012\/02\/tn_DSC_2941.jpg\"><img loading=\"lazy\" decoding=\"async\" class=\"aligncenter size-medium wp-image-796\" title=\"tn_DSC_2941\" src=\"https:\/\/www.oseba.ch\/wordpress\/wp-content\/uploads\/2012\/02\/tn_DSC_2941-300x198.jpg\" alt=\"\" width=\"300\" height=\"198\" srcset=\"https:\/\/www.oseba.ch\/wordpress\/wp-content\/uploads\/2012\/02\/tn_DSC_2941-300x198.jpg 300w, https:\/\/www.oseba.ch\/wordpress\/wp-content\/uploads\/2012\/02\/tn_DSC_2941.jpg 1024w\" sizes=\"(max-width: 300px) 100vw, 300px\" \/><\/a>alo\u00e9 vera<\/p>\n<p>Le seul petit hic est l\u2019eau qui reste l\u2019\u00e9l\u00e9ment le plus vital pour vivre. Il y a deux r\u00e9servoirs qui r\u00e9cup\u00e8re l\u2019eau de pluie. Cette derni\u00e8re passent dans les robinets, dont une douche (youpi\u00a0!). Comme elle n\u2019est pas bonne pour la consommation, il nous faut remplir ailleurs des bidons pour cuisiner et boire. Pour cela, nous devons emprunter ou louer une voiture. Merci \u00e0 Geertje qui nous d\u00e9panne souvent. Ce n\u2019est pas toujours simple de vivre sans voiture, surtout \u00e0 8 km du premier magasin et village, mais on s\u2019en sort. A pied avec les \u00e2nes, c\u2019est presque trop loin. Nous y allons quelques fois en v\u00e9lo, avec Eliot dans un si\u00e8ge porte bagage. Nous sommes motiv\u00e9s par le c\u00f4t\u00e9 \u00e9cologique de notre vie, mais serons tout de m\u00eame contents de retrouver une voiture le mois prochain.<\/p>\n<p><a href=\"https:\/\/www.oseba.ch\/wordpress\/wp-content\/uploads\/2012\/02\/tn_DSC_2943.jpg\"><img loading=\"lazy\" decoding=\"async\" class=\"aligncenter size-medium wp-image-790\" title=\"tn_DSC_2943\" src=\"https:\/\/www.oseba.ch\/wordpress\/wp-content\/uploads\/2012\/02\/tn_DSC_2943-300x198.jpg\" alt=\"\" width=\"300\" height=\"198\" srcset=\"https:\/\/www.oseba.ch\/wordpress\/wp-content\/uploads\/2012\/02\/tn_DSC_2943-300x198.jpg 300w, https:\/\/www.oseba.ch\/wordpress\/wp-content\/uploads\/2012\/02\/tn_DSC_2943.jpg 1024w\" sizes=\"(max-width: 300px) 100vw, 300px\" \/><\/a><\/p>\n<p>Ces jours, avec ce froid, nous chauffons un peu la maison gr\u00e2ce au po\u00eale de la cuisine et un chauffage \u00e0 gaz dans les chambres-salon (une grande pi\u00e8ce, s\u00e9par\u00e9e par un demi-mur sans porte). Nous mettons les couches de polaires pour se r\u00e9chauffer. Toutefois, ce froid est passager, car la plupart du temps, nous d\u00eenons dehors au soleil.<\/p>\n<p><a href=\"https:\/\/www.oseba.ch\/wordpress\/wp-content\/uploads\/2012\/02\/tn_DSC_3144.jpg\"><img loading=\"lazy\" decoding=\"async\" class=\"aligncenter size-medium wp-image-793\" title=\"tn_DSC_3144\" src=\"https:\/\/www.oseba.ch\/wordpress\/wp-content\/uploads\/2012\/02\/tn_DSC_3144-300x198.jpg\" alt=\"\" width=\"300\" height=\"198\" srcset=\"https:\/\/www.oseba.ch\/wordpress\/wp-content\/uploads\/2012\/02\/tn_DSC_3144-300x198.jpg 300w, https:\/\/www.oseba.ch\/wordpress\/wp-content\/uploads\/2012\/02\/tn_DSC_3144.jpg 1024w\" sizes=\"(max-width: 300px) 100vw, 300px\" \/><\/a><\/p>\n<p>Nous parlons de plus en plus du retour, pr\u00e9vu pour dans deux mois. Nous allons passer l\u2019\u00e9t\u00e9 dans un alpage comme garde g\u00e9nisse. Une nouvelle exp\u00e9rience dans le prolongement de notre voyage, mais cette fois, dans notre verte Gruy\u00e8re.<\/p>\n","protected":false},"excerpt":{"rendered":"<p>Notre s\u00e9jour \u00e0 Tortosa (en Espagne) suit son cours et tout va pour le mieux. Notre vie s\u00e9dentaire nous fait presque oublier de renouveler le blog. Actuellement, nous vivons les jours les plus froids de notre hiver. La temp\u00e9rature est descendue sous les O\u00b0C et l\u2019eau des \u00e2nes a gel\u00e9. Mais nous n\u2019en sommes pas [&hellip;]<\/p>\n","protected":false},"author":2,"featured_media":0,"comment_status":"open","ping_status":"open","sticky":false,"template":"","format":"standard","meta":{"footnotes":""},"categories":[16],"tags":[],"class_list":["post-781","post","type-post","status-publish","format-standard","hentry","category-notre-voyage-en-espagne"],"_links":{"self":[{"href":"https:\/\/www.oseba.ch\/wordpress\/wp-json\/wp\/v2\/posts\/781"}],"collection":[{"href":"https:\/\/www.oseba.ch\/wordpress\/wp-json\/wp\/v2\/posts"}],"about":[{"href":"https:\/\/www.oseba.ch\/wordpress\/wp-json\/wp\/v2\/types\/post"}],"author":[{"embeddable":true,"href":"https:\/\/www.oseba.ch\/wordpress\/wp-json\/wp\/v2\/users\/2"}],"replies":[{"embeddable":true,"href":"https:\/\/www.oseba.ch\/wordpress\/wp-json\/wp\/v2\/comments?post=781"}],"version-history":[{"count":5,"href":"https:\/\/www.oseba.ch\/wordpress\/wp-json\/wp\/v2\/posts\/781\/revisions"}],"predecessor-version":[{"id":798,"href":"https:\/\/www.oseba.ch\/wordpress\/wp-json\/wp\/v2\/posts\/781\/revisions\/798"}],"wp:attachment":[{"href":"https:\/\/www.oseba.ch\/wordpress\/wp-json\/wp\/v2\/media?parent=781"}],"wp:term":[{"taxonomy":"category","embeddable":true,"href":"https:\/\/www.oseba.ch\/wordpress\/wp-json\/wp\/v2\/categories?post=781"},{"taxonomy":"post_tag","embeddable":true,"href":"https:\/\/www.oseba.ch\/wordpress\/wp-json\/wp\/v2\/tags?post=781"}],"curies":[{"name":"wp","href":"https:\/\/api.w.org\/{rel}","templated":true}]}}