{"id":811,"date":"2012-03-13T12:31:19","date_gmt":"2012-03-13T11:31:19","guid":{"rendered":"http:\/\/www.oseba.ch\/wordpress\/?p=811"},"modified":"2012-03-13T12:31:19","modified_gmt":"2012-03-13T11:31:19","slug":"le-dernier-mois","status":"publish","type":"post","link":"https:\/\/www.oseba.ch\/wordpress\/notre-voyage-en-espagne\/le-dernier-mois","title":{"rendered":"Le dernier mois"},"content":{"rendered":"<p><a href=\"https:\/\/www.oseba.ch\/wordpress\/wp-content\/uploads\/2012\/03\/carnet-aventure-27.jpg\"><img loading=\"lazy\" decoding=\"async\" class=\"alignleft  wp-image-816\" title=\"carnet aventure 27\" src=\"https:\/\/www.oseba.ch\/wordpress\/wp-content\/uploads\/2012\/03\/carnet-aventure-27.jpg\" alt=\"\" width=\"226\" height=\"320\" srcset=\"https:\/\/www.oseba.ch\/wordpress\/wp-content\/uploads\/2012\/03\/carnet-aventure-27.jpg 283w, https:\/\/www.oseba.ch\/wordpress\/wp-content\/uploads\/2012\/03\/carnet-aventure-27-212x300.jpg 212w\" sizes=\"(max-width: 226px) 100vw, 226px\" \/><\/a><\/p>\n<p>Notre ann\u00e9e sabbatique n\u2019est pas encore termin\u00e9 et Eliot fait d\u00e9j\u00e0 la premi\u00e8re page d\u2019un magasine \u00e0 ne surtout pas acheter, \u00e7a donne trop envie de voyager. Carnet d\u2019aventure vous met dans la t\u00eate pleins de voyage en tout genre, non motoris\u00e9, plus ou moins long. Le num\u00e9ro de mars-avril 2012 pr\u00e9sente un dossier sp\u00e9cial voyager avec des enfants et nous avons mis un article. Plus d\u2019infos sur http:\/\/www.expemag.com.<\/p>\n<p>&nbsp;<\/p>\n<p>A part cet \u00e9v\u00e9nement exceptionnel, il semble que, dans la vie s\u00e9dentaire, il y ait moins de choses int\u00e9ressantes \u00e0 raconter. Toutefois, notre vie est vari\u00e9e et bien remplie.<\/p>\n<p>La taille des oliviers continue de nous occuper afin de leur donner un regain d\u2019\u00e9nergie avec l\u2019arriv\u00e9e du printemps. Les bourgeons \u00e9closent un peu partout, surtout les amandiers avec leurs fleurs d\u2019un blanc ros\u00e9. Malgr\u00e9 le manque d\u2019eau (il n\u2019a pas plus depuis presque 4 mois), la nature nous offre les fleurs de plusieurs plantes\u00a0: alo\u00e9, romarin, thym et bien d\u2019autres.<\/p>\n<p><a href=\"https:\/\/www.oseba.ch\/wordpress\/wp-content\/uploads\/2012\/03\/tn_DSC_32961.jpg\"><img loading=\"lazy\" decoding=\"async\" class=\"aligncenter size-medium wp-image-817\" title=\"tn_DSC_3296\" src=\"https:\/\/www.oseba.ch\/wordpress\/wp-content\/uploads\/2012\/03\/tn_DSC_32961-300x198.jpg\" alt=\"\" width=\"300\" height=\"198\" srcset=\"https:\/\/www.oseba.ch\/wordpress\/wp-content\/uploads\/2012\/03\/tn_DSC_32961-300x198.jpg 300w, https:\/\/www.oseba.ch\/wordpress\/wp-content\/uploads\/2012\/03\/tn_DSC_32961.jpg 1024w\" sizes=\"(max-width: 300px) 100vw, 300px\" \/><\/a><\/p>\n<p>Plong\u00e9 dans cette nature en effervescence, Eliot demande : \u00ab\u00a0dis, papa, si on met une crotte d\u2019\u00e2ne dans la terre, on y a un petit \u00e2ne qui pousse\u00a0?\u00a0\u00bb<\/p>\n<p><a href=\"https:\/\/www.oseba.ch\/wordpress\/wp-content\/uploads\/2012\/03\/tn_DSC_3302.jpg\"><img loading=\"lazy\" decoding=\"async\" class=\"alignleft size-medium wp-image-818\" title=\"tn_DSC_3302\" src=\"https:\/\/www.oseba.ch\/wordpress\/wp-content\/uploads\/2012\/03\/tn_DSC_3302-198x300.jpg\" alt=\"\" width=\"198\" height=\"300\" srcset=\"https:\/\/www.oseba.ch\/wordpress\/wp-content\/uploads\/2012\/03\/tn_DSC_3302-198x300.jpg 198w, https:\/\/www.oseba.ch\/wordpress\/wp-content\/uploads\/2012\/03\/tn_DSC_3302.jpg 509w\" sizes=\"(max-width: 198px) 100vw, 198px\" \/><\/a><\/p>\n<p>&nbsp;<\/p>\n<p>En souvenir de chez nous et surtout pour notre petit gars, nous voulons f\u00eater le carnaval. Eliot se d\u00e9guise en chevalier et c\u2019est le village de Roquetes qui est choisi. Le cort\u00e8ge est color\u00e9 des costumes de tout un chacun qui souhaite y participer et d\u2019un groupe de fifres et tambour. Quoique sympathique, mais il ne vaut pas nos carnavals de Bulle ou Broc.<\/p>\n<p>&nbsp;<\/p>\n<p>Nous avons fait une escapade en montagne. Les abords du Delta de l\u2019Ebre sont plats, mais laissent tr\u00e8s vite la place aux montagnes . Nous avons grimp\u00e9 au Mont Caro, le plus haut \u00e0 1&rsquo;442 m\u00e8tres, en voiture cette fois.<\/p>\n<p><a href=\"https:\/\/www.oseba.ch\/wordpress\/wp-content\/uploads\/2012\/03\/tn_DSC_3324.jpg\"><img loading=\"lazy\" decoding=\"async\" class=\"aligncenter size-medium wp-image-814\" title=\"tn_DSC_3324\" src=\"https:\/\/www.oseba.ch\/wordpress\/wp-content\/uploads\/2012\/03\/tn_DSC_3324-300x198.jpg\" alt=\"\" width=\"300\" height=\"198\" srcset=\"https:\/\/www.oseba.ch\/wordpress\/wp-content\/uploads\/2012\/03\/tn_DSC_3324-300x198.jpg 300w, https:\/\/www.oseba.ch\/wordpress\/wp-content\/uploads\/2012\/03\/tn_DSC_3324.jpg 1024w\" sizes=\"(max-width: 300px) 100vw, 300px\" \/><\/a><\/p>\n<p>La vue est \u00e9poustouflante et le contraste saisissant entre la mer que l\u2019on voit au loin et de grandes cha\u00eenes de montagnes juste \u00e0 c\u00f4t\u00e9. Eliot a eu la chance de toucher \u00e0 quelques taquons de neige. Sur le bord de la route, des bouquetins effarouch\u00e9s nous regardent du haut de leur rocher.<\/p>\n<p><a href=\"https:\/\/www.oseba.ch\/wordpress\/wp-content\/uploads\/2012\/03\/tn_DSC_3349.jpg\"><img loading=\"lazy\" decoding=\"async\" class=\"aligncenter size-medium wp-image-819\" title=\"tn_DSC_3349\" src=\"https:\/\/www.oseba.ch\/wordpress\/wp-content\/uploads\/2012\/03\/tn_DSC_3349-300x198.jpg\" alt=\"\" width=\"300\" height=\"198\" srcset=\"https:\/\/www.oseba.ch\/wordpress\/wp-content\/uploads\/2012\/03\/tn_DSC_3349-300x198.jpg 300w, https:\/\/www.oseba.ch\/wordpress\/wp-content\/uploads\/2012\/03\/tn_DSC_3349.jpg 1024w\" sizes=\"(max-width: 300px) 100vw, 300px\" \/><\/a><\/p>\n<p>Une grande diff\u00e9rence nous est arriv\u00e9e depuis quelques jours\u00a0: nous avons une voiture et une b\u00e9taill\u00e8re. Le retour se rapproche de plus en plus et c\u2019est bien comme \u00e7a. Nous avons pass\u00e9 des moments merveilleux dans notre voyage, des rencontres sensationnelles, des \u00e9v\u00e9nements uniques, des images pleins la t\u00eate, des odeurs enivrantes et pleins d\u2019histoires \u00e0 raconter. A pr\u00e9sent, l\u2019ann\u00e9e touche \u00e0 sa fin et nous sommes contents de rentrer, de retrouver nos amis et la famille.<\/p>\n<p><a href=\"https:\/\/www.oseba.ch\/wordpress\/wp-content\/uploads\/2012\/03\/tn_DSC_3437.jpg\"><img loading=\"lazy\" decoding=\"async\" class=\"aligncenter size-medium wp-image-820\" title=\"tn_DSC_3437\" src=\"https:\/\/www.oseba.ch\/wordpress\/wp-content\/uploads\/2012\/03\/tn_DSC_3437-300x198.jpg\" alt=\"\" width=\"300\" height=\"198\" srcset=\"https:\/\/www.oseba.ch\/wordpress\/wp-content\/uploads\/2012\/03\/tn_DSC_3437-300x198.jpg 300w, https:\/\/www.oseba.ch\/wordpress\/wp-content\/uploads\/2012\/03\/tn_DSC_3437.jpg 1024w\" sizes=\"(max-width: 300px) 100vw, 300px\" \/><\/a><\/p>\n<p>A la fin mars 2012, nous quitterons la maison parmi les oliviers pour rentrer en plusieurs \u00e9tapes et retrouver des amis sur la France. En principe, \u00e0 P\u00e2ques, nous serons de retour en Suisse.<\/p>\n","protected":false},"excerpt":{"rendered":"<p>Notre ann\u00e9e sabbatique n\u2019est pas encore termin\u00e9 et Eliot fait d\u00e9j\u00e0 la premi\u00e8re page d\u2019un magasine \u00e0 ne surtout pas acheter, \u00e7a donne trop envie de voyager. Carnet d\u2019aventure vous met dans la t\u00eate pleins de voyage en tout genre, non motoris\u00e9, plus ou moins long. Le num\u00e9ro de mars-avril 2012 pr\u00e9sente un dossier sp\u00e9cial [&hellip;]<\/p>\n","protected":false},"author":2,"featured_media":0,"comment_status":"open","ping_status":"open","sticky":false,"template":"","format":"standard","meta":{"footnotes":""},"categories":[16],"tags":[],"class_list":["post-811","post","type-post","status-publish","format-standard","hentry","category-notre-voyage-en-espagne"],"_links":{"self":[{"href":"https:\/\/www.oseba.ch\/wordpress\/wp-json\/wp\/v2\/posts\/811"}],"collection":[{"href":"https:\/\/www.oseba.ch\/wordpress\/wp-json\/wp\/v2\/posts"}],"about":[{"href":"https:\/\/www.oseba.ch\/wordpress\/wp-json\/wp\/v2\/types\/post"}],"author":[{"embeddable":true,"href":"https:\/\/www.oseba.ch\/wordpress\/wp-json\/wp\/v2\/users\/2"}],"replies":[{"embeddable":true,"href":"https:\/\/www.oseba.ch\/wordpress\/wp-json\/wp\/v2\/comments?post=811"}],"version-history":[{"count":6,"href":"https:\/\/www.oseba.ch\/wordpress\/wp-json\/wp\/v2\/posts\/811\/revisions"}],"predecessor-version":[{"id":825,"href":"https:\/\/www.oseba.ch\/wordpress\/wp-json\/wp\/v2\/posts\/811\/revisions\/825"}],"wp:attachment":[{"href":"https:\/\/www.oseba.ch\/wordpress\/wp-json\/wp\/v2\/media?parent=811"}],"wp:term":[{"taxonomy":"category","embeddable":true,"href":"https:\/\/www.oseba.ch\/wordpress\/wp-json\/wp\/v2\/categories?post=811"},{"taxonomy":"post_tag","embeddable":true,"href":"https:\/\/www.oseba.ch\/wordpress\/wp-json\/wp\/v2\/tags?post=811"}],"curies":[{"name":"wp","href":"https:\/\/api.w.org\/{rel}","templated":true}]}}