{"id":827,"date":"2012-05-13T11:07:44","date_gmt":"2012-05-13T09:07:44","guid":{"rendered":"http:\/\/www.oseba.ch\/wordpress\/?p=827"},"modified":"2012-05-13T11:07:44","modified_gmt":"2012-05-13T09:07:44","slug":"retour-en-gruyere","status":"publish","type":"post","link":"https:\/\/www.oseba.ch\/wordpress\/lapres-voyage\/retour-en-gruyere","title":{"rendered":"Retour en Gruy\u00e8re"},"content":{"rendered":"<p><a href=\"https:\/\/www.oseba.ch\/wordpress\/wp-content\/uploads\/2012\/05\/tn_DSC_0855.jpg\"><img loading=\"lazy\" decoding=\"async\" class=\"aligncenter size-medium wp-image-840\" title=\"tn_DSC_0855\" src=\"https:\/\/www.oseba.ch\/wordpress\/wp-content\/uploads\/2012\/05\/tn_DSC_0855-300x199.jpg\" alt=\"\" width=\"300\" height=\"199\" srcset=\"https:\/\/www.oseba.ch\/wordpress\/wp-content\/uploads\/2012\/05\/tn_DSC_0855-300x199.jpg 300w, https:\/\/www.oseba.ch\/wordpress\/wp-content\/uploads\/2012\/05\/tn_DSC_0855.jpg 1024w\" sizes=\"(max-width: 300px) 100vw, 300px\" \/><\/a><\/p>\n<p>Voil\u00e0 enfin quelques nouvelles de la fin de notre voyage.<\/p>\n<p><a href=\"https:\/\/www.oseba.ch\/wordpress\/wp-content\/uploads\/2012\/05\/tn_DSC_0736.jpg\"><img loading=\"lazy\" decoding=\"async\" class=\"aligncenter size-medium wp-image-829\" title=\"tn_DSC_0736\" src=\"https:\/\/www.oseba.ch\/wordpress\/wp-content\/uploads\/2012\/05\/tn_DSC_0736-300x199.jpg\" alt=\"\" width=\"300\" height=\"199\" srcset=\"https:\/\/www.oseba.ch\/wordpress\/wp-content\/uploads\/2012\/05\/tn_DSC_0736-300x199.jpg 300w, https:\/\/www.oseba.ch\/wordpress\/wp-content\/uploads\/2012\/05\/tn_DSC_0736.jpg 1024w\" sizes=\"(max-width: 300px) 100vw, 300px\" \/><\/a><\/p>\n<p>Oui, nous sommes rentr\u00e9s. Nous avons fait un long voyage de retour, en voiture avec les \u00e2nes dans une b\u00e9taill\u00e8re. Ce fut presque plus p\u00e9nible que le trajet \u00e0 pied en 6 mois. Enfin, disons tr\u00e8s diff\u00e9rent.<\/p>\n<p><a href=\"https:\/\/www.oseba.ch\/wordpress\/wp-content\/uploads\/2012\/05\/tn_DSC_0582.jpg\"><img loading=\"lazy\" decoding=\"async\" class=\"aligncenter size-medium wp-image-828\" title=\"tn_DSC_0582\" src=\"https:\/\/www.oseba.ch\/wordpress\/wp-content\/uploads\/2012\/05\/tn_DSC_0582-300x199.jpg\" alt=\"\" width=\"300\" height=\"199\" srcset=\"https:\/\/www.oseba.ch\/wordpress\/wp-content\/uploads\/2012\/05\/tn_DSC_0582-300x199.jpg 300w, https:\/\/www.oseba.ch\/wordpress\/wp-content\/uploads\/2012\/05\/tn_DSC_0582.jpg 1024w\" sizes=\"(max-width: 300px) 100vw, 300px\" \/><\/a><\/p>\n<p>Le 26 mars, nous entamons le retour en\u00a0 plusieurs \u00e9tapes en retrouvant des amis rencontr\u00e9s en chemin. Nous pouvons vraiment dire des amis, car les rencontres sont teint\u00e9es de v\u00e9rit\u00e9, de profondeur, d\u2019\u00e9motions.<\/p>\n<p><a href=\"https:\/\/www.oseba.ch\/wordpress\/wp-content\/uploads\/2012\/05\/tn_DSC_0796.jpg\"><img loading=\"lazy\" decoding=\"async\" class=\"aligncenter size-medium wp-image-830\" title=\"tn_DSC_0796\" src=\"https:\/\/www.oseba.ch\/wordpress\/wp-content\/uploads\/2012\/05\/tn_DSC_0796-300x199.jpg\" alt=\"\" width=\"300\" height=\"199\" srcset=\"https:\/\/www.oseba.ch\/wordpress\/wp-content\/uploads\/2012\/05\/tn_DSC_0796-300x199.jpg 300w, https:\/\/www.oseba.ch\/wordpress\/wp-content\/uploads\/2012\/05\/tn_DSC_0796.jpg 1024w\" sizes=\"(max-width: 300px) 100vw, 300px\" \/><\/a><\/p>\n<p>Arriv\u00e9s en Suisse le 3 avril, que voit-on\u00a0? La pluie bien s\u00fbr, qui nous avait quitt\u00e9s depuis presque 5 mois. Alors commencent d\u2019autres retrouvailles, celles de la famille, de notre terre helv\u00e9tique, du franc suisse et encore d\u2019expressions tr\u00e8s locales comme les gouilles, le chenis, huitante, \u2026<\/p>\n<p>Le 6 avril \u00e0 Puplinge (Gen\u00e8ve), nous avons une grande f\u00eate de famille du c\u00f4t\u00e9 d&rsquo;Olivier.<\/p>\n<p><a href=\"https:\/\/www.oseba.ch\/wordpress\/wp-content\/uploads\/2012\/05\/tn_DSC_0872.jpg\"><img loading=\"lazy\" decoding=\"async\" class=\"aligncenter size-medium wp-image-832\" title=\"tn_DSC_0872\" src=\"https:\/\/www.oseba.ch\/wordpress\/wp-content\/uploads\/2012\/05\/tn_DSC_0872-300x117.jpg\" alt=\"\" width=\"300\" height=\"117\" srcset=\"https:\/\/www.oseba.ch\/wordpress\/wp-content\/uploads\/2012\/05\/tn_DSC_0872-300x117.jpg 300w, https:\/\/www.oseba.ch\/wordpress\/wp-content\/uploads\/2012\/05\/tn_DSC_0872.jpg 929w\" sizes=\"(max-width: 300px) 100vw, 300px\" \/><\/a><\/p>\n<p>Mais le vrai retour pour nous est celui du samedi 7 avril, en terre gruy\u00e9rienne. Les amis et la famille nous accueillent par une belle f\u00eate surprise, tout le monde est l\u00e0\u2026 ou presque. Ballades en \u00e2ne pour les enfants, causettes pour les plus grands, lapins en chocolat pour Eliot. Notre bonhomme est tout intimid\u00e9 de voir tant de monde et s\u2019accroche \u00e0 quelques bras mieux connus ou reconnus.<\/p>\n<p><a href=\"https:\/\/www.oseba.ch\/wordpress\/wp-content\/uploads\/2012\/05\/tn_IMG_2374.jpg\"><img loading=\"lazy\" decoding=\"async\" class=\"aligncenter size-medium wp-image-831\" title=\"tn_IMG_2374\" src=\"https:\/\/www.oseba.ch\/wordpress\/wp-content\/uploads\/2012\/05\/tn_IMG_2374-300x199.jpg\" alt=\"\" width=\"300\" height=\"199\" srcset=\"https:\/\/www.oseba.ch\/wordpress\/wp-content\/uploads\/2012\/05\/tn_IMG_2374-300x199.jpg 300w, https:\/\/www.oseba.ch\/wordpress\/wp-content\/uploads\/2012\/05\/tn_IMG_2374.jpg 852w\" sizes=\"(max-width: 300px) 100vw, 300px\" \/><\/a><\/p>\n<p>En effet, les souvenirs d\u2019Eliot sont un peu \u00e9parses. Pour lui, tout semble nouveau, les lieux, les paysages. Il a un peu gard\u00e9 le souvenir de certains visages, aid\u00e9 par le jeu de m\u00e9mori que nous avions cr\u00e9\u00e9 avant le d\u00e9part.<\/p>\n<p><strong>Alors ce voyage, c\u2019\u00e9tait comment\u00a0?\u00a0<\/strong><\/p>\n<p>\u2026 Comment r\u00e9sum\u00e9 une ann\u00e9e de voyage\u00a0? En disant tout simplement que c\u2019\u00e9tait sublime, magnifique, g\u00e9nial. Pleins de souvenirs peuplent notre m\u00e9moire et nos sens. Nous en sommes p\u00e9tris et certainement chang\u00e9s, dans notre style de vie, dans nos relations, dans notre mani\u00e8re d\u2019appr\u00e9hender le monde et la vie\u2026<\/p>\n<p><a href=\"https:\/\/www.oseba.ch\/wordpress\/wp-content\/uploads\/2012\/05\/tn_DSC_0906.jpg\"><img loading=\"lazy\" decoding=\"async\" class=\"aligncenter size-medium wp-image-833\" title=\"tn_DSC_0906\" src=\"https:\/\/www.oseba.ch\/wordpress\/wp-content\/uploads\/2012\/05\/tn_DSC_0906-300x199.jpg\" alt=\"\" width=\"300\" height=\"199\" srcset=\"https:\/\/www.oseba.ch\/wordpress\/wp-content\/uploads\/2012\/05\/tn_DSC_0906-300x199.jpg 300w, https:\/\/www.oseba.ch\/wordpress\/wp-content\/uploads\/2012\/05\/tn_DSC_0906.jpg 1024w\" sizes=\"(max-width: 300px) 100vw, 300px\" \/><\/a><\/p>\n<p><strong>Et si c\u2019\u00e9tait \u00e0 refaire\u00a0?<\/strong><\/p>\n<p>Oh oui\u00a0! Sans h\u00e9siter. M\u00eame si, pour le moment, l\u2019heure est au retour et aux retrouvailles. Qui sait, un jour peut-\u00eatre &#8230; certainement &#8230;<\/p>\n<p><strong>Un coup de c\u0153ur de ce voyage\u00a0?<\/strong><\/p>\n<p>Si c\u2019est un lieu, le Vercors. Un lieu \u00e0 d\u00e9couvrir, 5 jours d\u2019autonomie sans route, sans voiture, en pleine nature, sur des hauts plateaux. Des sources \u00e0 trouver pour avoir de l\u2019eau, de minuscules cabanes pour s\u2019abriter, des milliers de moutons en transhumance, de belles rencontres, de beaux chemins pour les \u00e2nes\u2026 Tout simplement magnifique.<\/p>\n<p>Si c\u2019est une rencontre, ce serait Sylvie et Gilles qui nous ont accueillis spontan\u00e9ment chez eux et, apr\u00e8s une br\u00e8ve visite de leur maison, nous ont laiss\u00e9 les cl\u00e9s pour partir \u00e0 un rendez-vous durant les 2 heures suivantes. Nous avons dormi au chaud durant une nuit glaciale durant laquelle l\u2019eau des \u00e2nes a gel\u00e9. Merci \u00e0 eux pour leur confiance qui nous a fait chaud au c\u0153ur.<\/p>\n<p><a href=\"https:\/\/www.oseba.ch\/wordpress\/wp-content\/uploads\/2012\/05\/tn_DSC_0824.jpg\"><img loading=\"lazy\" decoding=\"async\" class=\"aligncenter size-medium wp-image-838\" title=\"tn_DSC_0824\" src=\"https:\/\/www.oseba.ch\/wordpress\/wp-content\/uploads\/2012\/05\/tn_DSC_0824-300x199.jpg\" alt=\"\" width=\"300\" height=\"199\" srcset=\"https:\/\/www.oseba.ch\/wordpress\/wp-content\/uploads\/2012\/05\/tn_DSC_0824-300x199.jpg 300w, https:\/\/www.oseba.ch\/wordpress\/wp-content\/uploads\/2012\/05\/tn_DSC_0824.jpg 1024w\" sizes=\"(max-width: 300px) 100vw, 300px\" \/><\/a><\/p>\n<p><strong>A faire autrement\u00a0?<\/strong><\/p>\n<p>Nous ne serions pas pass\u00e9s par la c\u00f4te m\u00e9diterran\u00e9enne. Bien s\u00fbr, nous avons ador\u00e9 les baignades et Eliot a jou\u00e9 au sable des heures. Mais l\u2019accueil a \u00e9t\u00e9 tr\u00e8s vari\u00e9, allant de tr\u00e8s bon \u00e0 une expulsion par la police, alert\u00e9e par un gardien tr\u00e8s press\u00e9 de nous voir d\u00e9guerpir. Concernant les \u00e2nes, nous avons eu de la peine \u00e0 trouver des pr\u00e9s pour manger et se poser. L\u2019int\u00e9rieur des terres, plus rurale, aurait, sans doute, \u00e9t\u00e9 plus propice aux rencontres et \u00e0 l\u2019accueil de nos bourricots.<\/p>\n<p>&nbsp;<\/p>\n<p><strong>D\u2019autres projets\u00a0?<\/strong><\/p>\n<p><a href=\"https:\/\/www.oseba.ch\/wordpress\/wp-content\/uploads\/2012\/05\/tn_07-Plaque.jpg\"><img loading=\"lazy\" decoding=\"async\" class=\"aligncenter size-medium wp-image-834\" title=\"tn_07 Plaque\" src=\"https:\/\/www.oseba.ch\/wordpress\/wp-content\/uploads\/2012\/05\/tn_07-Plaque-300x126.jpg\" alt=\"\" width=\"300\" height=\"126\" srcset=\"https:\/\/www.oseba.ch\/wordpress\/wp-content\/uploads\/2012\/05\/tn_07-Plaque-300x126.jpg 300w, https:\/\/www.oseba.ch\/wordpress\/wp-content\/uploads\/2012\/05\/tn_07-Plaque.jpg 893w\" sizes=\"(max-width: 300px) 100vw, 300px\" \/><\/a><\/p>\n<p>Pour le moment, nous sommes mont\u00e9s tout r\u00e9cemment \u00e0 l\u2019alpage avec nos deux \u00e2nes. Nous passons la saison estivale (mai \u00e0 octobre) aux Poutes Paluds, deux chalets entre la vall\u00e9e du Mot\u00e9lon et du Gros Mont, vers Broc-Charmey.<\/p>\n<p><a href=\"https:\/\/www.oseba.ch\/wordpress\/wp-content\/uploads\/2012\/05\/tn_01-Larriv\u00e9e.jpg\"><img loading=\"lazy\" decoding=\"async\" class=\"aligncenter size-medium wp-image-835\" title=\"tn_01 L'arriv\u00e9e\" src=\"https:\/\/www.oseba.ch\/wordpress\/wp-content\/uploads\/2012\/05\/tn_01-Larriv\u00e9e-300x131.jpg\" alt=\"\" width=\"300\" height=\"131\" srcset=\"https:\/\/www.oseba.ch\/wordpress\/wp-content\/uploads\/2012\/05\/tn_01-Larriv\u00e9e-300x131.jpg 300w, https:\/\/www.oseba.ch\/wordpress\/wp-content\/uploads\/2012\/05\/tn_01-Larriv\u00e9e.jpg 1024w\" sizes=\"(max-width: 300px) 100vw, 300px\" \/><\/a><\/p>\n<p>60 g\u00e9nisses attendent d\u2019y monter, ainsi que des poules, et peut-\u00eatre d\u2019autres animaux. Un jardin alimentera notre cuisine, r\u00eave port\u00e9 par Sonia depuis toujours, mais \u00e0 exp\u00e9rimenter, car tout ne pousse pas bien \u00e0 1&rsquo;400 m\u00e8tres. On verra bien. Cette exp\u00e9rience nous enthousiasme tous, petit et grands. Eliot veut changer de m\u00e9tier, \u00ab\u00a0tournevissier\u00a0\u00bb qu\u2019il \u00e9tait durant le s\u00e9jour en Espagne, il va se convertir en \u00ab\u00a0faiseur de feu\u00a0\u00bb pour les 6 mois du chalet. A surveiller de pr\u00e8s.<\/p>\n<p><a href=\"https:\/\/www.oseba.ch\/wordpress\/wp-content\/uploads\/2012\/05\/tn_09-Eliot-devant-le-chalet.jpg\"><img loading=\"lazy\" decoding=\"async\" class=\"aligncenter size-medium wp-image-836\" title=\"tn_09 Eliot devant le chalet\" src=\"https:\/\/www.oseba.ch\/wordpress\/wp-content\/uploads\/2012\/05\/tn_09-Eliot-devant-le-chalet-300x168.jpg\" alt=\"\" width=\"300\" height=\"168\" srcset=\"https:\/\/www.oseba.ch\/wordpress\/wp-content\/uploads\/2012\/05\/tn_09-Eliot-devant-le-chalet-300x168.jpg 300w, https:\/\/www.oseba.ch\/wordpress\/wp-content\/uploads\/2012\/05\/tn_09-Eliot-devant-le-chalet.jpg 679w\" sizes=\"(max-width: 300px) 100vw, 300px\" \/><\/a><\/p>\n<p>Et apr\u00e8s\u00a0? Apr\u00e8s, c\u2019est apr\u00e8s, on verra bien et on vous en dira plus en temps voulu. Plusieurs id\u00e9es en t\u00eate, quelques projets, alors il faut les laisser m\u00fbrir. Chaque chose en son temps.<\/p>\n<p><a href=\"https:\/\/www.oseba.ch\/wordpress\/wp-content\/uploads\/2012\/05\/tn_08-Devant-le-chalet.jpg\"><img loading=\"lazy\" decoding=\"async\" class=\"aligncenter size-medium wp-image-837\" title=\"tn_08 Devant le chalet\" src=\"https:\/\/www.oseba.ch\/wordpress\/wp-content\/uploads\/2012\/05\/tn_08-Devant-le-chalet-300x168.jpg\" alt=\"\" width=\"300\" height=\"168\" srcset=\"https:\/\/www.oseba.ch\/wordpress\/wp-content\/uploads\/2012\/05\/tn_08-Devant-le-chalet-300x168.jpg 300w, https:\/\/www.oseba.ch\/wordpress\/wp-content\/uploads\/2012\/05\/tn_08-Devant-le-chalet.jpg 1024w\" sizes=\"(max-width: 300px) 100vw, 300px\" \/><\/a><\/p>\n<p>Nous vous annon\u00e7ons aussi que, n\u2019ayant pas ou peu de r\u00e9seau au chalet, nous ne pourrons pas alimenter ce blog r\u00e9guli\u00e8rement.<\/p>\n","protected":false},"excerpt":{"rendered":"<p>Voil\u00e0 enfin quelques nouvelles de la fin de notre voyage. Oui, nous sommes rentr\u00e9s. Nous avons fait un long voyage de retour, en voiture avec les \u00e2nes dans une b\u00e9taill\u00e8re. Ce fut presque plus p\u00e9nible que le trajet \u00e0 pied en 6 mois. Enfin, disons tr\u00e8s diff\u00e9rent. Le 26 mars, nous entamons le retour en\u00a0 [&hellip;]<\/p>\n","protected":false},"author":2,"featured_media":0,"comment_status":"open","ping_status":"open","sticky":false,"template":"","format":"standard","meta":{"footnotes":""},"categories":[17],"tags":[],"class_list":["post-827","post","type-post","status-publish","format-standard","hentry","category-lapres-voyage"],"_links":{"self":[{"href":"https:\/\/www.oseba.ch\/wordpress\/wp-json\/wp\/v2\/posts\/827"}],"collection":[{"href":"https:\/\/www.oseba.ch\/wordpress\/wp-json\/wp\/v2\/posts"}],"about":[{"href":"https:\/\/www.oseba.ch\/wordpress\/wp-json\/wp\/v2\/types\/post"}],"author":[{"embeddable":true,"href":"https:\/\/www.oseba.ch\/wordpress\/wp-json\/wp\/v2\/users\/2"}],"replies":[{"embeddable":true,"href":"https:\/\/www.oseba.ch\/wordpress\/wp-json\/wp\/v2\/comments?post=827"}],"version-history":[{"count":8,"href":"https:\/\/www.oseba.ch\/wordpress\/wp-json\/wp\/v2\/posts\/827\/revisions"}],"predecessor-version":[{"id":848,"href":"https:\/\/www.oseba.ch\/wordpress\/wp-json\/wp\/v2\/posts\/827\/revisions\/848"}],"wp:attachment":[{"href":"https:\/\/www.oseba.ch\/wordpress\/wp-json\/wp\/v2\/media?parent=827"}],"wp:term":[{"taxonomy":"category","embeddable":true,"href":"https:\/\/www.oseba.ch\/wordpress\/wp-json\/wp\/v2\/categories?post=827"},{"taxonomy":"post_tag","embeddable":true,"href":"https:\/\/www.oseba.ch\/wordpress\/wp-json\/wp\/v2\/tags?post=827"}],"curies":[{"name":"wp","href":"https:\/\/api.w.org\/{rel}","templated":true}]}}