{"id":885,"date":"2013-02-26T20:43:02","date_gmt":"2013-02-26T19:43:02","guid":{"rendered":"http:\/\/www.oseba.ch\/wordpress\/?p=885"},"modified":"2013-02-26T20:57:22","modified_gmt":"2013-02-26T19:57:22","slug":"dvd-de-notre-voyage","status":"publish","type":"post","link":"https:\/\/www.oseba.ch\/wordpress\/non-classe\/dvd-de-notre-voyage","title":{"rendered":"DVD de notre voyage"},"content":{"rendered":"<p>Voil\u00e0 d\u00e9j\u00e0 4 mois que nous sommes descendus de l&rsquo;alpage pour passer un hiver en plaine, avec cette fois un hiver plein de neige contrairement \u00e0 l&rsquo;Espagne.<\/p>\n<p>Nous avons eu le plaisir de projeter le film de notre voyage lors du festival \u00ab\u00a0Carnets de voyages\u00a0\u00bb \u00e0 Marly en novembre 2012. Suite \u00e0 cela, nous avons r\u00e9alis\u00e9 plusieurs DVD que nous vous proposons :<\/p>\n<p>Cliquer pour voir le lien avec la pochette, titre :<\/p>\n<p><a style=\"line-height: 1.6;\" href=\"https:\/\/www.oseba.ch\/wordpress\/wp-content\/uploads\/2013\/02\/pochette-DVD-pdf-p1.pdf\">pochette DVD pdf p1<\/a><\/p>\n<p>Il \u00a0contient de nombreuses s\u00e9quences film\u00e9es, quelques commentaires, une description du parcours, et surtout la fra\u00eecheur et la spontan\u00e9it\u00e9 d&rsquo;un enfant de 3-4 ans.<\/p>\n<p>N&rsquo;h\u00e9sitez pas \u00e0 nous le commander et nous vous l&rsquo;enverrons pour la somme de CHF 20.- ou \u20ac 18.- (frais de port non compris).<\/p>\n<p>Cliquer pour voir le lien avec la pochette, r\u00e9sum\u00e9 :<\/p>\n<p><a style=\"line-height: 1.6;\" href=\"https:\/\/www.oseba.ch\/wordpress\/wp-content\/uploads\/2013\/02\/pochette-DVD-pdf-p2.pdf\">pochette DVD pdf p2<\/a><\/p>\n<p><span style=\"line-height: 1.6;\">Pour cela, il suffit de nous envoyer un e-mail avec vos coordonn\u00e9es \u00e0 oseba@hotmail.ch.<\/span><\/p>\n","protected":false},"excerpt":{"rendered":"<p>Voil\u00e0 d\u00e9j\u00e0 4 mois que nous sommes descendus de l&rsquo;alpage pour passer un hiver en plaine, avec cette fois un hiver plein de neige contrairement \u00e0 l&rsquo;Espagne. Nous avons eu le plaisir de projeter le film de notre voyage lors du festival \u00ab\u00a0Carnets de voyages\u00a0\u00bb \u00e0 Marly en novembre 2012. Suite \u00e0 cela, nous avons [&hellip;]<\/p>\n","protected":false},"author":2,"featured_media":0,"comment_status":"open","ping_status":"open","sticky":false,"template":"","format":"standard","meta":{"footnotes":""},"categories":[1],"tags":[],"class_list":["post-885","post","type-post","status-publish","format-standard","hentry","category-non-classe"],"_links":{"self":[{"href":"https:\/\/www.oseba.ch\/wordpress\/wp-json\/wp\/v2\/posts\/885"}],"collection":[{"href":"https:\/\/www.oseba.ch\/wordpress\/wp-json\/wp\/v2\/posts"}],"about":[{"href":"https:\/\/www.oseba.ch\/wordpress\/wp-json\/wp\/v2\/types\/post"}],"author":[{"embeddable":true,"href":"https:\/\/www.oseba.ch\/wordpress\/wp-json\/wp\/v2\/users\/2"}],"replies":[{"embeddable":true,"href":"https:\/\/www.oseba.ch\/wordpress\/wp-json\/wp\/v2\/comments?post=885"}],"version-history":[{"count":20,"href":"https:\/\/www.oseba.ch\/wordpress\/wp-json\/wp\/v2\/posts\/885\/revisions"}],"predecessor-version":[{"id":900,"href":"https:\/\/www.oseba.ch\/wordpress\/wp-json\/wp\/v2\/posts\/885\/revisions\/900"}],"wp:attachment":[{"href":"https:\/\/www.oseba.ch\/wordpress\/wp-json\/wp\/v2\/media?parent=885"}],"wp:term":[{"taxonomy":"category","embeddable":true,"href":"https:\/\/www.oseba.ch\/wordpress\/wp-json\/wp\/v2\/categories?post=885"},{"taxonomy":"post_tag","embeddable":true,"href":"https:\/\/www.oseba.ch\/wordpress\/wp-json\/wp\/v2\/tags?post=885"}],"curies":[{"name":"wp","href":"https:\/\/api.w.org\/{rel}","templated":true}]}}